{"id":6793,"date":"2017-04-02T13:34:55","date_gmt":"2017-04-02T11:34:55","guid":{"rendered":"http:\/\/www.hossi-im-netz.de\/wordpress\/?p=6793"},"modified":"2017-04-02T13:35:40","modified_gmt":"2017-04-02T11:35:40","slug":"gefahr-erkannt-gefahr-nicht-gebannt","status":"publish","type":"post","link":"https:\/\/www.hossi-im-netz.de\/wordpress\/gefahr-erkannt-gefahr-nicht-gebannt\/","title":{"rendered":"Gefahr erkannt, Gefahr nicht gebannt"},"content":{"rendered":"<div class=\"intro\">\n<h1 class=\"isFirstInSlot\" style=\"text-align: justify;\">Gefahr erkannt, Gefahr nicht gebannt<\/h1>\n<div class=\"docData news\" style=\"text-align: justify;\"><\/div>\n<div class=\"abstract\" style=\"text-align: justify;\">\n<p>Die Mittelwerte im M\u00e4rz 2017 sind die h\u00f6chsten seit Messbeginn und auch die Maxima haben sich dem am 31. vielerorts der Rekordjagd angeschlossen.<\/p>\n<\/div>\n<\/div>\n<div class=\"body-text\">\n<p style=\"text-align: justify;\">Zu Wochenbeginn konnte man im Netz lesen, dass die 25 Grad-Schwelle am Freitag &#8222;in Gefahr&#8220; sei. Und was konnten wir Meteorologen gegen diese Gef\u00e4hrdung tun? Nichts. Und so kam es, wie es kommen musste. An einigen Wetterdienststationen gab es den ersten Sommertag in diesem Jahr bereits im M\u00e4rz. Am w\u00e4rmsten war es in der Stadt des deutschen W\u00e4rmerekords, in Kitzingen am Main nahe W\u00fcrzburg. Dort wurde die Temperaturschwelle f\u00fcr einen Sommertag, n\u00e4mlich 25 Grad, mit 25,6 \u00b0C \u00fcbertroffen. Auch an vier weiteren Orten unseres Beobachtungsnetzes, n\u00e4mlich Bad Mergentheim (25,2\u00b0C), Jena (25,1\u00b0C), Metzingen (25,1\u00b0C) und Duisburg(25,0\u00b0C) gab es gestern einen Sommertag. M\u00e4rzrekorde der Maxima hat es noch an vielen anderen Stationen gegeben. Insgesamt erlebten gut 20 % aller Stationen mit mindestens 30j\u00e4hrigem Beobachtungszeitraum im Jahr 2017 gestern den w\u00e4rmsten M\u00e4rztag seit Messbeginn. Aber wo sollen wir das einsortieren, zudem ein einzelner Tag nur wenig \u00fcber den Monat aussagt: Die normalen H\u00f6chstwerte Ende M\u00e4rz liegen, wenn wir das Mittel seit 1961 betrachten, zwischen 8 Grad an den K\u00fcsten und 12 Grad im S\u00fcden. Gestern lagen die entsprechenden Maxima um 20 Grad an den K\u00fcsten und im S\u00fcden um 23 Grad. Es war also ca. 12 w\u00e4rmer als im Mittel der letzten 55 Jahre. Das sind Temperaturen, wie sie eigentlich erst Anfang Juni zu erwarten sind. Was die Historie der Sommertage im M\u00e4rz betrifft, so k\u00f6nnen Sie es im Thema des Tages von gestern lesen. Dass der M\u00e4rz 2017 der w\u00e4rmste seit Aufzeichnungsbeginn war, erfuhren Sie in der Pressemitteilung vom Donnerstag auf unserer Homepage www.dwd.de. Die beiden letzten Tage haben dies mehr als nur best\u00e4tigt.<\/p>\n<p style=\"text-align: justify;\">Wie aber hat die Natur darauf reagiert, die zu Beginn des Vorfr\u00fchlings wegen des kalten Januars in weiten Teilen Deutschlands noch etwas zur\u00fccklag und auch zu Beginn des Erstfr\u00fchlings noch nicht so richtig aus den Puschen kam? Jeder von uns konnte es sehen; einige Pflanzen bl\u00fchten im M\u00e4rz schon wie normalerweise im April. Selbst auf der Schw\u00e4bischen Alb begannen die Pflanzen zu ergr\u00fcnen. Und was berichten die zust\u00e4ndigen Fachleute f\u00fcr die Flora? Die Pflanzen, die schon fr\u00fch im Jahr aktiv werden, haben in diesem Jahr die statistischen Mittelwerte des Bl\u00fchbeginns erreicht. Die Pflanzen aber, die im Normalfall erst im April zu bl\u00fchen anfangen, tun dies jetzt ein bis zwei Wochen zu fr\u00fch. Den Vollfr\u00fchling, der Mitte bis Ende April beginnt, haben wir aber noch nicht erreicht, denn bl\u00fchende Apfelb\u00e4ume, die Leitphase f\u00fcr den Vollfr\u00fchling, wurden noch nicht gesichtet. Aber auch das schaffen wir vielleicht deutlich zu fr\u00fch, die milde Witterung h\u00e4lt sich noch ein paar Tage. Im Norden und der Mitte bis einschlie\u00dflich Dienstag, im S\u00fcden bis Mittwoch.<\/p>\n<p style=\"text-align: justify;\">Dipl.-Met. Christoph Hartmann<\/p>\n<p style=\"text-align: justify;\">Deutscher Wetterdienst Vorhersage- und Beratungszentrale Offenbach, den 01.04.2017<\/p>\n<p style=\"text-align: justify;\">Copyright (c) Deutscher Wetterdienst<\/p>\n<p style=\"text-align: justify;\"><a href=\"https:\/\/www.hossi-im-netz.de\/wordpress\/wp-content\/uploads\/2017\/04\/1_Bild.png\"><img loading=\"lazy\" decoding=\"async\" data-attachment-id=\"6794\" data-permalink=\"https:\/\/www.hossi-im-netz.de\/wordpress\/gefahr-erkannt-gefahr-nicht-gebannt\/1_bild-2\/\" data-orig-file=\"https:\/\/www.hossi-im-netz.de\/wordpress\/wp-content\/uploads\/2017\/04\/1_Bild.png\" data-orig-size=\"1097,947\" data-comments-opened=\"1\" data-image-meta=\"{&quot;aperture&quot;:&quot;0&quot;,&quot;credit&quot;:&quot;&quot;,&quot;camera&quot;:&quot;&quot;,&quot;caption&quot;:&quot;&quot;,&quot;created_timestamp&quot;:&quot;0&quot;,&quot;copyright&quot;:&quot;&quot;,&quot;focal_length&quot;:&quot;0&quot;,&quot;iso&quot;:&quot;0&quot;,&quot;shutter_speed&quot;:&quot;0&quot;,&quot;title&quot;:&quot;&quot;,&quot;orientation&quot;:&quot;0&quot;}\" data-image-title=\"Gefahr erkannt, Gefahr nicht gebannt\" data-image-description=\"\" data-image-caption=\"\" data-medium-file=\"https:\/\/www.hossi-im-netz.de\/wordpress\/wp-content\/uploads\/2017\/04\/1_Bild-300x259.png\" data-large-file=\"https:\/\/www.hossi-im-netz.de\/wordpress\/wp-content\/uploads\/2017\/04\/1_Bild-1024x884.png\" class=\"alignnone size-large wp-image-6794\" src=\"https:\/\/www.hossi-im-netz.de\/wordpress\/wp-content\/uploads\/2017\/04\/1_Bild-1024x884.png\" alt=\"\" width=\"1024\" height=\"884\" srcset=\"https:\/\/www.hossi-im-netz.de\/wordpress\/wp-content\/uploads\/2017\/04\/1_Bild-1024x884.png 1024w, https:\/\/www.hossi-im-netz.de\/wordpress\/wp-content\/uploads\/2017\/04\/1_Bild-300x259.png 300w, https:\/\/www.hossi-im-netz.de\/wordpress\/wp-content\/uploads\/2017\/04\/1_Bild-768x663.png 768w, https:\/\/www.hossi-im-netz.de\/wordpress\/wp-content\/uploads\/2017\/04\/1_Bild.png 1097w\" sizes=\"auto, (max-width: 1024px) 100vw, 1024px\" \/><\/a><\/p>\n<\/div>\n","protected":false},"excerpt":{"rendered":"<p>Gefahr erkannt, Gefahr nicht gebannt Die Mittelwerte im M\u00e4rz 2017 sind die h\u00f6chsten seit Messbeginn und auch die Maxima haben sich dem am 31. vielerorts der Rekordjagd angeschlossen. Zu Wochenbeginn konnte man im Netz lesen, dass die 25 Grad-Schwelle am <span class=\"excerpt-dots\">&hellip;<\/span> <a class=\"more-link\" href=\"https:\/\/www.hossi-im-netz.de\/wordpress\/gefahr-erkannt-gefahr-nicht-gebannt\/\"><span class=\"more-msg\">Weiterlesen &rarr;<\/span><\/a><\/p>\n","protected":false},"author":1,"featured_media":6794,"comment_status":"open","ping_status":"closed","sticky":false,"template":"","format":"standard","meta":{"_exactmetrics_skip_tracking":false,"_exactmetrics_sitenote_active":false,"_exactmetrics_sitenote_note":"","_exactmetrics_sitenote_category":0,"jetpack_post_was_ever_published":false,"_jetpack_newsletter_access":"","_jetpack_dont_email_post_to_subs":true,"_jetpack_newsletter_tier_id":0,"_jetpack_memberships_contains_paywalled_content":false,"_jetpack_memberships_contains_paid_content":false,"footnotes":"","jetpack_publicize_message":"","jetpack_publicize_feature_enabled":true,"jetpack_social_post_already_shared":true,"jetpack_social_options":{"image_generator_settings":{"template":"highway","default_image_id":0,"font":"","enabled":false},"version":2}},"categories":[37],"tags":[3871,3872,3874,2970,3831,3873,231],"yst_prominent_words":[3458,2855,1216,2447,2903,3361,3863,3794,3868,3459,3864,3866,3867,2655,2454,3865,3829,3870,2453,3869],"class_list":["post-6793","post","type-post","status-publish","format-standard","has-post-thumbnail","hentry","category-wetterblog","tag-gefahr","tag-maerz-2017","tag-maxima","tag-rekorde","tag-rekordjagd","tag-tagesmittel","tag-temperatur"],"jetpack_publicize_connections":[],"jetpack_featured_media_url":"https:\/\/www.hossi-im-netz.de\/wordpress\/wp-content\/uploads\/2017\/04\/1_Bild.png","jetpack_sharing_enabled":true,"jetpack_shortlink":"https:\/\/wp.me\/p5DnIb-1Lz","jetpack-related-posts":[],"jetpack_likes_enabled":true,"_links":{"self":[{"href":"https:\/\/www.hossi-im-netz.de\/wordpress\/wp-json\/wp\/v2\/posts\/6793","targetHints":{"allow":["GET"]}}],"collection":[{"href":"https:\/\/www.hossi-im-netz.de\/wordpress\/wp-json\/wp\/v2\/posts"}],"about":[{"href":"https:\/\/www.hossi-im-netz.de\/wordpress\/wp-json\/wp\/v2\/types\/post"}],"author":[{"embeddable":true,"href":"https:\/\/www.hossi-im-netz.de\/wordpress\/wp-json\/wp\/v2\/users\/1"}],"replies":[{"embeddable":true,"href":"https:\/\/www.hossi-im-netz.de\/wordpress\/wp-json\/wp\/v2\/comments?post=6793"}],"version-history":[{"count":2,"href":"https:\/\/www.hossi-im-netz.de\/wordpress\/wp-json\/wp\/v2\/posts\/6793\/revisions"}],"predecessor-version":[{"id":6796,"href":"https:\/\/www.hossi-im-netz.de\/wordpress\/wp-json\/wp\/v2\/posts\/6793\/revisions\/6796"}],"wp:featuredmedia":[{"embeddable":true,"href":"https:\/\/www.hossi-im-netz.de\/wordpress\/wp-json\/wp\/v2\/media\/6794"}],"wp:attachment":[{"href":"https:\/\/www.hossi-im-netz.de\/wordpress\/wp-json\/wp\/v2\/media?parent=6793"}],"wp:term":[{"taxonomy":"category","embeddable":true,"href":"https:\/\/www.hossi-im-netz.de\/wordpress\/wp-json\/wp\/v2\/categories?post=6793"},{"taxonomy":"post_tag","embeddable":true,"href":"https:\/\/www.hossi-im-netz.de\/wordpress\/wp-json\/wp\/v2\/tags?post=6793"},{"taxonomy":"yst_prominent_words","embeddable":true,"href":"https:\/\/www.hossi-im-netz.de\/wordpress\/wp-json\/wp\/v2\/yst_prominent_words?post=6793"}],"curies":[{"name":"wp","href":"https:\/\/api.w.org\/{rel}","templated":true}]}}