{"id":6818,"date":"2017-04-05T16:10:11","date_gmt":"2017-04-05T14:10:11","guid":{"rendered":"http:\/\/www.hossi-im-netz.de\/wordpress\/?p=6818"},"modified":"2017-04-05T16:10:53","modified_gmt":"2017-04-05T14:10:53","slug":"schwindendes-meereis","status":"publish","type":"post","link":"https:\/\/www.hossi-im-netz.de\/wordpress\/schwindendes-meereis\/","title":{"rendered":"Schwindendes Meereis"},"content":{"rendered":"<h2 style=\"text-align: justify;\">Schwindendes Meereis<\/h2>\n<p style=\"text-align: justify;\">\nDie Serie an Negativrekorden aus der Arktis bez\u00fcglich der Eisausdehnung rei\u00dft nicht ab. Zwei Jahre nach dem alten Rekord f\u00fcr das geringste Wintermaximum wurde dieser bereits erneut unterboten. Was sind die Hauptursachen f\u00fcr diese Entwicklung?<\/p>\n<p style=\"text-align: justify;\">F\u00fcr gew\u00f6hnlich erreicht das arktische Meereis im M\u00e4rz seine gr\u00f6\u00dfte Ausdehnung und Dicke. So war es zwar auch dieses Jahr, doch mehrere Einsch\u00fcbe vergleichsweise milder Luftmassen in die Arktis verlangsamten die Eisbildungsprozesse, mit der Folge eines neuen Negativrekords bez\u00fcglich der Eisfl\u00e4che und des Eisvolumens.<\/p>\n<p style=\"text-align: justify;\">Bereits am 7. M\u00e4rz 2017 wurde mit 14,42 Millionen Quadratkilometern (km\u00b2) das diesj\u00e4hrige Maximum der Eisausdehnung erreicht. Dieser Wert liegt aber nochmals etwa 0,1 Millionen km\u00b2 unter dem bisherigen Negativrekord von 2015. Die drei Jahre mit der geringsten Ausdehnung der Eisfl\u00e4che seit Beginn der satellitengest\u00fctzten Eisbeobachtung im Jahr 1979 lauten somit nun 2015, 2016 und 2017.<\/p>\n<p style=\"text-align: justify;\">Gibt nicht die Eisfl\u00e4che bereits genug Grund zur Besorgnis, ist zudem auch die Eisdicke und in Kombination mit der Fl\u00e4che das Eisvolumen langsamer gewachsen als in anderen Wintern. Verglichen mit dem Vorjahr gibt es derzeit etwa zehn Prozent weniger Eisvolumen in der Arktis. Zum langj\u00e4hrigen Mittel von 1979-2016 fehlen sogar rund 35 Prozent. Damit trifft man dieser Tage so wenig Eis an, wie es in den vergangenen 38 Jahren meist erst im Juni der Fall war.<\/p>\n<p style=\"text-align: justify;\">Der Grund f\u00fcr das diesj\u00e4hrige niedrige Eismaximum ist neben einem bereits ausgepr\u00e4gten Minimum im September 2016 vor allem auf deutlich \u00fcberdurchschnittliche Temperaturen im arktischen Bassin im vergangenen Winter zur\u00fcckzuf\u00fchren. Im Mittel lag die Lufttemperatur um 2,5 \u00b0C \u00fcber den langj\u00e4hrigen Werten. Bemerkenswert waren einzelne Warmlufteinsch\u00fcbe, die regional vor\u00fcbergehend zu drastischen Abweichungen von teils mehr als 20 \u00b0C f\u00fchrten, ein Verlauf, der bereits im vorherigen Rekordjahr 2015 registriert wurde. Gemittelt auf die Fl\u00e4che n\u00f6rdlich vom 80. Breitengrad gab es seit dem Herbst keinen Tag, an dem die Temperatur unter den langj\u00e4hrigen Mittelwert sank, ein Novum seit Beginn der Aufzeichnungen. Zudem stellten sich immer wieder Wetterlagen ein, zuletzt in der vergangenen Woche, bei der mehrj\u00e4hriges und damit besonders dickes Eis \u00fcber die Framstra\u00dfe (Seeweg zwischen Gr\u00f6nland und Spitzbergen) exportiert und damit unweigerlich der Schmelze in w\u00e4rmerem Wasser zugef\u00fchrt wurde.<\/p>\n<p style=\"text-align: justify;\">All dies und noch dazu die \u00fcberdurchschnittlich warmen Randmeere um die Arktis herum lassen einen neuen Negativrekord im kommenden September wahrscheinlich werden. Denn die offenen Wasserfl\u00e4chen absorbieren das Sonnlicht besser als helle reflektierende Schnee- und Eisfl\u00e4chen. Als Folge verst\u00e4rkt sich der Schmelzprozess. Sch\u00fctzen w\u00fcrde das Eis im Sommer wolkiges Wetter ohne gro\u00dfe Luftbewegungen und vor allem ohne gro\u00dffl\u00e4chige Warmlufteinbr\u00fcche aus S\u00fcden.<\/p>\n<p style=\"text-align: justify;\">M. Sc. Met. Thore Hansen<\/p>\n<p style=\"text-align: justify;\">Deutscher Wetterdienst Vorhersage- und Beratungszentrale Offenbach, den 04.04.2017<\/p>\n<p style=\"text-align: justify;\">Copyright (c) Deutscher Wetterdienst<\/p>\n<p style=\"text-align: justify;\">\n<p style=\"text-align: justify;\"><a href=\"https:\/\/www.hossi-im-netz.de\/wordpress\/wp-content\/uploads\/2017\/04\/IMG_4088.jpg\"><img loading=\"lazy\" decoding=\"async\" data-attachment-id=\"6820\" data-permalink=\"https:\/\/www.hossi-im-netz.de\/wordpress\/schwindendes-meereis\/img_4088\/\" data-orig-file=\"https:\/\/www.hossi-im-netz.de\/wordpress\/wp-content\/uploads\/2017\/04\/IMG_4088.jpg\" data-orig-size=\"808,645\" data-comments-opened=\"1\" data-image-meta=\"{&quot;aperture&quot;:&quot;0&quot;,&quot;credit&quot;:&quot;Bertelmann Magdalena&quot;,&quot;camera&quot;:&quot;&quot;,&quot;caption&quot;:&quot;&quot;,&quot;created_timestamp&quot;:&quot;1491299058&quot;,&quot;copyright&quot;:&quot;&quot;,&quot;focal_length&quot;:&quot;0&quot;,&quot;iso&quot;:&quot;0&quot;,&quot;shutter_speed&quot;:&quot;0&quot;,&quot;title&quot;:&quot;&quot;,&quot;orientation&quot;:&quot;0&quot;}\" data-image-title=\"Schwindendes Meereis\" data-image-description=\"\" data-image-caption=\"\" data-medium-file=\"https:\/\/www.hossi-im-netz.de\/wordpress\/wp-content\/uploads\/2017\/04\/IMG_4088-300x239.jpg\" data-large-file=\"https:\/\/www.hossi-im-netz.de\/wordpress\/wp-content\/uploads\/2017\/04\/IMG_4088.jpg\" class=\"alignnone size-full wp-image-6820\" src=\"https:\/\/www.hossi-im-netz.de\/wordpress\/wp-content\/uploads\/2017\/04\/IMG_4088.jpg\" alt=\"\" width=\"808\" height=\"645\" srcset=\"https:\/\/www.hossi-im-netz.de\/wordpress\/wp-content\/uploads\/2017\/04\/IMG_4088.jpg 808w, https:\/\/www.hossi-im-netz.de\/wordpress\/wp-content\/uploads\/2017\/04\/IMG_4088-300x239.jpg 300w, https:\/\/www.hossi-im-netz.de\/wordpress\/wp-content\/uploads\/2017\/04\/IMG_4088-768x613.jpg 768w\" sizes=\"auto, (max-width: 808px) 100vw, 808px\" \/><\/a><\/p>\n","protected":false},"excerpt":{"rendered":"<p>Schwindendes Meereis Die Serie an Negativrekorden aus der Arktis bez\u00fcglich der Eisausdehnung rei\u00dft nicht ab. Zwei Jahre nach dem alten Rekord f\u00fcr das geringste Wintermaximum wurde dieser bereits erneut unterboten. Was sind die Hauptursachen f\u00fcr diese Entwicklung? F\u00fcr gew\u00f6hnlich erreicht <span class=\"excerpt-dots\">&hellip;<\/span> <a class=\"more-link\" href=\"https:\/\/www.hossi-im-netz.de\/wordpress\/schwindendes-meereis\/\"><span class=\"more-msg\">Weiterlesen &rarr;<\/span><\/a><\/p>\n","protected":false},"author":1,"featured_media":6820,"comment_status":"open","ping_status":"closed","sticky":false,"template":"","format":"standard","meta":{"_exactmetrics_skip_tracking":false,"_exactmetrics_sitenote_active":false,"_exactmetrics_sitenote_note":"","_exactmetrics_sitenote_category":0,"jetpack_post_was_ever_published":false,"_jetpack_newsletter_access":"","_jetpack_dont_email_post_to_subs":true,"_jetpack_newsletter_tier_id":0,"_jetpack_memberships_contains_paywalled_content":false,"_jetpack_memberships_contains_paid_content":false,"footnotes":"","jetpack_publicize_message":"","jetpack_publicize_feature_enabled":true,"jetpack_social_post_already_shared":true,"jetpack_social_options":{"image_generator_settings":{"template":"highway","default_image_id":0,"font":"","enabled":false},"version":2}},"categories":[37],"tags":[152,403,3906],"yst_prominent_words":[3012,3384,2855,2135,1216,3902,3899,3897,3905,2751,3904,3900,3898,3009,3901,2655,3903,3016,1606,1513],"class_list":["post-6818","post","type-post","status-publish","format-standard","has-post-thumbnail","hentry","category-wetterblog","tag-arktis","tag-eis","tag-meereis"],"jetpack_publicize_connections":[],"jetpack_featured_media_url":"https:\/\/www.hossi-im-netz.de\/wordpress\/wp-content\/uploads\/2017\/04\/IMG_4088.jpg","jetpack_sharing_enabled":true,"jetpack_shortlink":"https:\/\/wp.me\/p5DnIb-1LY","jetpack-related-posts":[],"jetpack_likes_enabled":true,"_links":{"self":[{"href":"https:\/\/www.hossi-im-netz.de\/wordpress\/wp-json\/wp\/v2\/posts\/6818","targetHints":{"allow":["GET"]}}],"collection":[{"href":"https:\/\/www.hossi-im-netz.de\/wordpress\/wp-json\/wp\/v2\/posts"}],"about":[{"href":"https:\/\/www.hossi-im-netz.de\/wordpress\/wp-json\/wp\/v2\/types\/post"}],"author":[{"embeddable":true,"href":"https:\/\/www.hossi-im-netz.de\/wordpress\/wp-json\/wp\/v2\/users\/1"}],"replies":[{"embeddable":true,"href":"https:\/\/www.hossi-im-netz.de\/wordpress\/wp-json\/wp\/v2\/comments?post=6818"}],"version-history":[{"count":2,"href":"https:\/\/www.hossi-im-netz.de\/wordpress\/wp-json\/wp\/v2\/posts\/6818\/revisions"}],"predecessor-version":[{"id":6821,"href":"https:\/\/www.hossi-im-netz.de\/wordpress\/wp-json\/wp\/v2\/posts\/6818\/revisions\/6821"}],"wp:featuredmedia":[{"embeddable":true,"href":"https:\/\/www.hossi-im-netz.de\/wordpress\/wp-json\/wp\/v2\/media\/6820"}],"wp:attachment":[{"href":"https:\/\/www.hossi-im-netz.de\/wordpress\/wp-json\/wp\/v2\/media?parent=6818"}],"wp:term":[{"taxonomy":"category","embeddable":true,"href":"https:\/\/www.hossi-im-netz.de\/wordpress\/wp-json\/wp\/v2\/categories?post=6818"},{"taxonomy":"post_tag","embeddable":true,"href":"https:\/\/www.hossi-im-netz.de\/wordpress\/wp-json\/wp\/v2\/tags?post=6818"},{"taxonomy":"yst_prominent_words","embeddable":true,"href":"https:\/\/www.hossi-im-netz.de\/wordpress\/wp-json\/wp\/v2\/yst_prominent_words?post=6818"}],"curies":[{"name":"wp","href":"https:\/\/api.w.org\/{rel}","templated":true}]}}