{"id":7049,"date":"2017-05-15T05:40:21","date_gmt":"2017-05-15T03:40:21","guid":{"rendered":"http:\/\/www.hossi-im-netz.de\/wordpress\/?p=7049"},"modified":"2017-05-15T05:40:21","modified_gmt":"2017-05-15T03:40:21","slug":"wettervorhersage-brachwitz-wettin-loebejuen-saalekreis-halle-599","status":"publish","type":"post","link":"https:\/\/www.hossi-im-netz.de\/wordpress\/wettervorhersage-brachwitz-wettin-loebejuen-saalekreis-halle-599\/","title":{"rendered":"Wettervorhersage Brachwitz, Wettin-L\u00f6bej\u00fcn, Saalekreis, Halle"},"content":{"rendered":"<p style=\"text-align: justify;\">Wettervorhersage Brachwitz, Wettin-L\u00f6bej\u00fcn, Saalekreis, Halle<\/p>\n<div id=\"attachment_7050\" style=\"width: 838px\" class=\"wp-caption alignnone\"><a href=\"https:\/\/www.hossi-im-netz.de\/wordpress\/vorhersage\/\"><img loading=\"lazy\" decoding=\"async\" aria-describedby=\"caption-attachment-7050\" data-attachment-id=\"7050\" data-permalink=\"https:\/\/www.hossi-im-netz.de\/wordpress\/wettervorhersage-brachwitz-wettin-loebejuen-saalekreis-halle-599\/img_5098\/\" data-orig-file=\"https:\/\/www.hossi-im-netz.de\/wordpress\/wp-content\/uploads\/2017\/05\/IMG_5098.png\" data-orig-size=\"828,272\" data-comments-opened=\"1\" data-image-meta=\"{&quot;aperture&quot;:&quot;0&quot;,&quot;credit&quot;:&quot;&quot;,&quot;camera&quot;:&quot;&quot;,&quot;caption&quot;:&quot;&quot;,&quot;created_timestamp&quot;:&quot;0&quot;,&quot;copyright&quot;:&quot;&quot;,&quot;focal_length&quot;:&quot;0&quot;,&quot;iso&quot;:&quot;0&quot;,&quot;shutter_speed&quot;:&quot;0&quot;,&quot;title&quot;:&quot;&quot;,&quot;orientation&quot;:&quot;0&quot;}\" data-image-title=\"Wettervorhersage 15.05.2017\" data-image-description=\"\" data-image-caption=\"\" data-medium-file=\"https:\/\/www.hossi-im-netz.de\/wordpress\/wp-content\/uploads\/2017\/05\/IMG_5098-300x99.png\" data-large-file=\"https:\/\/www.hossi-im-netz.de\/wordpress\/wp-content\/uploads\/2017\/05\/IMG_5098.png\" class=\"wp-image-7050 size-full\" src=\"https:\/\/www.hossi-im-netz.de\/wordpress\/wp-content\/uploads\/2017\/05\/IMG_5098.png\" alt=\"\" width=\"828\" height=\"272\" srcset=\"https:\/\/www.hossi-im-netz.de\/wordpress\/wp-content\/uploads\/2017\/05\/IMG_5098.png 828w, https:\/\/www.hossi-im-netz.de\/wordpress\/wp-content\/uploads\/2017\/05\/IMG_5098-300x99.png 300w, https:\/\/www.hossi-im-netz.de\/wordpress\/wp-content\/uploads\/2017\/05\/IMG_5098-768x252.png 768w\" sizes=\"auto, (max-width: 828px) 100vw, 828px\" \/><\/a><p id=\"caption-attachment-7050\" class=\"wp-caption-text\">www.yr.no (Klicke auf das Bild)<\/p><\/div>\n<p style=\"text-align: justify;\">\n<p style=\"text-align: justify;\">Morgens streckenweise Nebel, tags\u00fcber einzelne Gewitter.<\/p>\n<p style=\"text-align: justify;\">Wetter- und Warnlage f\u00fcr die n\u00e4chsten 24 Stunden: Die warme, feuchte und zu Gewittern neigende Luftmasse wird langsam von Westen her durch trockenere Luft ersetzt. Zudem steigt der Luftdruck und es kommt es zur Wetterberuhigung.<\/p>\n<p style=\"text-align: justify;\">In den Fr\u00fchstunden kann sich stellenweise Nebel mit Sichtweiten unter 150 m bilden.<\/p>\n<p style=\"text-align: justify;\">Im Tagesverlauf kommt es vor allem zwischen Anhalt und Burgenland zu erneuten Gewittern. Dabei kann lokal Starkregen um 15 l\/qm innerhalb einer Stunde auftreten. Am Nachmittag und Abend nimmt das Gewitterrisiko von Westen ab. Nachfolgend werden auch in der Nacht zum Dienstag keine warnw\u00fcrdigen Wetterereignisse erwartet.<\/p>\n<p style=\"text-align: justify;\">Detaillierter Wetterablauf: Heute fr\u00fch ist es wechselnd, teils gering bew\u00f6lkt und \u00f6rtlich neblig. Bald entwickeln sich aber erneut Quellwolken, die jedoch vor allem noch zwischen Anhalt und Burgenland f\u00fcr Schauer und einzelne Gewitter sorgen. Mit geringer Wahrscheinlichkeit kann es dabei zu Starkregen um 15 l\/qm innerhalb einer Stunde kommen. Von Niedersachsen her nehmen die wolkigen Anteile im Nachmittagsverlauf ab und zum Abend wird es dann in alle Regionen meist gering bew\u00f6lkt und trocken sein. Bei schwachem Nordwestwind wird die Luft auf 19 bis 21, im Harz auf 13 bis 19 Grad erw\u00e4rmt. In der Nacht zum Dienstag ziehen von Nordwesten her zahlreiche Wolkenfelder vor\u00fcber. Diese bringen jedoch keinen Niederschlag. Die Tiefstwerte liegen zwischen 9 und 7, im Harz bei 5 Grad und es weht schwacher Nordostwind.<\/p>\n<p style=\"text-align: justify;\">Am Dienstag zeigt sich der Himmel stark bew\u00f6lkt. W\u00e4hrend in der Altmark etwas Regen f\u00e4llt, bleibt es in den \u00fcbrigen Regionen trocken. Bei schwachem S\u00fcdwestwind werden H\u00f6chsttemperaturen zwischen 19 und 22, im Harz zwischen 14 und 19 Grad erreicht. In der Nacht zum Mittwoch \u00fcberwiegt starke Bew\u00f6lkung, Niederschlag wird jedoch nicht erwartet. Der Wind weht schwach aus S\u00fcdwest. Dabei gehen die Temperaturen auf Werte zwischen 11 und 8 Grad zur\u00fcck.<\/p>\n<p style=\"text-align: justify;\">Am Mittwoch ist es anfangs stark, sp\u00e4ter gering bew\u00f6lkt und niederschlagsfrei. Bei schwachem \u00f6stlichem Wind werden Maxima zwischen 24 und 26, im Harz zwischen 19 und 24 Grad erreicht. In der Nacht zum Donnerstag bleibt es bei wolkigem Himmel trocken. Die Luft k\u00fchlt auf 13 bis 10 Grad ab. Der S\u00fcdostwind weht schwach.<\/p>\n<p style=\"text-align: justify;\">Am Donnerstag scheint zun\u00e4chst bei wolkenarmen Verh\u00e4ltnissen die Sonne. Erst im Verlauf der zweiten Tagesh\u00e4lfte kommen von Westen Quellwolken auf, die zum Abend Schauer und Gewitter bringen. Bei schwachem s\u00fcdlichem Wind werden Tagesh\u00f6chstwerte von 26 bis 28, im Harz von 20 bis 26 Grad erreicht. In der Nacht zum Freitag klingen die schauerartigen und teils gewittrigen Niederschl\u00e4ge ab und die Wolkendecke lockert auf. Die Minima liegen zwischen 14 und 11 Grad. Der S\u00fcdwind weht schwach.<\/p>\n<p style=\"text-align: justify;\">Deutscher Wetterdienst, RWB Leipzig, Sabine Kr\u00fcger<\/p>\n<p style=\"text-align: justify;\">Wettervorhersage Brachwitz, Wettin-L\u00f6bej\u00fcn, Saalekreis, Halle<\/p>\n","protected":false},"excerpt":{"rendered":"<p>Wettervorhersage Brachwitz, Wettin-L\u00f6bej\u00fcn, Saalekreis, Halle Morgens streckenweise Nebel, tags\u00fcber einzelne Gewitter. Wetter- und Warnlage f\u00fcr die n\u00e4chsten 24 Stunden: Die warme, feuchte und zu Gewittern neigende Luftmasse wird langsam von Westen her durch trockenere Luft ersetzt. Zudem steigt der Luftdruck <span class=\"excerpt-dots\">&hellip;<\/span> <a class=\"more-link\" href=\"https:\/\/www.hossi-im-netz.de\/wordpress\/wettervorhersage-brachwitz-wettin-loebejuen-saalekreis-halle-599\/\"><span class=\"more-msg\">Weiterlesen &rarr;<\/span><\/a><\/p>\n","protected":false},"author":1,"featured_media":0,"comment_status":"open","ping_status":"closed","sticky":false,"template":"","format":"standard","meta":{"_exactmetrics_skip_tracking":false,"_exactmetrics_sitenote_active":false,"_exactmetrics_sitenote_note":"","_exactmetrics_sitenote_category":0,"jetpack_post_was_ever_published":false,"_jetpack_newsletter_access":"","_jetpack_dont_email_post_to_subs":false,"_jetpack_newsletter_tier_id":0,"_jetpack_memberships_contains_paywalled_content":false,"_jetpack_memberships_contains_paid_content":false,"footnotes":"","jetpack_publicize_message":"","jetpack_publicize_feature_enabled":true,"jetpack_social_post_already_shared":true,"jetpack_social_options":{"image_generator_settings":{"template":"highway","default_image_id":0,"font":"","enabled":false},"version":2}},"categories":[37],"tags":[39,5,95,38,96],"yst_prominent_words":[4455,4458,1691,1683,1793,3370,2153,2892,4457,2421,2217,4459,4456,2030,2087,2027,1792,1564,2216,2028],"class_list":["post-7049","post","type-post","status-publish","format-standard","hentry","category-wetterblog","tag-brachwitz","tag-halle","tag-saalekreis","tag-wettervorhersage","tag-wettin-loebejuen"],"jetpack_publicize_connections":[],"jetpack_featured_media_url":"","jetpack_sharing_enabled":true,"jetpack_shortlink":"https:\/\/wp.me\/p5DnIb-1PH","jetpack-related-posts":[],"jetpack_likes_enabled":true,"_links":{"self":[{"href":"https:\/\/www.hossi-im-netz.de\/wordpress\/wp-json\/wp\/v2\/posts\/7049","targetHints":{"allow":["GET"]}}],"collection":[{"href":"https:\/\/www.hossi-im-netz.de\/wordpress\/wp-json\/wp\/v2\/posts"}],"about":[{"href":"https:\/\/www.hossi-im-netz.de\/wordpress\/wp-json\/wp\/v2\/types\/post"}],"author":[{"embeddable":true,"href":"https:\/\/www.hossi-im-netz.de\/wordpress\/wp-json\/wp\/v2\/users\/1"}],"replies":[{"embeddable":true,"href":"https:\/\/www.hossi-im-netz.de\/wordpress\/wp-json\/wp\/v2\/comments?post=7049"}],"version-history":[{"count":1,"href":"https:\/\/www.hossi-im-netz.de\/wordpress\/wp-json\/wp\/v2\/posts\/7049\/revisions"}],"predecessor-version":[{"id":7051,"href":"https:\/\/www.hossi-im-netz.de\/wordpress\/wp-json\/wp\/v2\/posts\/7049\/revisions\/7051"}],"wp:attachment":[{"href":"https:\/\/www.hossi-im-netz.de\/wordpress\/wp-json\/wp\/v2\/media?parent=7049"}],"wp:term":[{"taxonomy":"category","embeddable":true,"href":"https:\/\/www.hossi-im-netz.de\/wordpress\/wp-json\/wp\/v2\/categories?post=7049"},{"taxonomy":"post_tag","embeddable":true,"href":"https:\/\/www.hossi-im-netz.de\/wordpress\/wp-json\/wp\/v2\/tags?post=7049"},{"taxonomy":"yst_prominent_words","embeddable":true,"href":"https:\/\/www.hossi-im-netz.de\/wordpress\/wp-json\/wp\/v2\/yst_prominent_words?post=7049"}],"curies":[{"name":"wp","href":"https:\/\/api.w.org\/{rel}","templated":true}]}}