{"id":7052,"date":"2017-05-15T13:25:54","date_gmt":"2017-05-15T11:25:54","guid":{"rendered":"http:\/\/www.hossi-im-netz.de\/wordpress\/?p=7052"},"modified":"2017-05-15T13:25:54","modified_gmt":"2017-05-15T11:25:54","slug":"von-wegen-wonnemonat-mai","status":"publish","type":"post","link":"https:\/\/www.hossi-im-netz.de\/wordpress\/von-wegen-wonnemonat-mai\/","title":{"rendered":"Von wegen &#8222;Wonnemonat Mai&#8220;"},"content":{"rendered":"<h2 style=\"text-align: justify;\">Von wegen &#8222;Wonnemonat Mai&#8220;<\/h2>\n<p style=\"text-align: justify;\">\nIn den vergangenen Tagen hat es die eine oder andere Region in Deutschland wieder heftig erwischt. Zahlreiche Schauer und Gewitter zogen \u00fcbers Land und sorgten gebietsweise f\u00fcr kr\u00e4ftige Regenf\u00e4lle. Lokal gab es unwetterartige Entwicklungen mit Hagel, Hagelansammlungen und vereinzelt auch Sturmb\u00f6en. \u00d6rtlich mussten Stra\u00dfen wegen Schlammlawinen und \u00dcberschwemmungen gesperrt werden.<\/p>\n<p style=\"text-align: justify;\">Mit einer s\u00fcdwestlichen Str\u00f6mung gelangte Luft aus dem Mittelmeerraum nach Deutschland. Diese Luftmasse war energiegeladen und mit ausreichend Feuchte angereichert, so dass sich verbreitet Schauer und im Tagesverlauf mit steigender Temperatur auch etliche Gewitter entwickeln konnten. Aufgrund des eher langsamen Vorankommens der Gewitter und des in der Atmosph\u00e4re enthaltenen Wassers wurden die Gewitter zumeist von Starkregen begleitet.<\/p>\n<p style=\"text-align: justify;\">Aber auch Hagel konnte sich in kr\u00e4ftigen Auf- und Abwinden innerhalb der Gewitterzellen bilden. Hagel entsteht, wenn sehr kalte Wassertropfen und Eiskristalle in einer Gewitterwolke &#8211; einem Cumulonimbus &#8211; zusammensto\u00dfen, sich zu sogenannten &#8222;Hagelembryos&#8220; vergraupeln und durch starke Auf- und Abwinde solange in der Wolke zirkulieren, bis die Hagelkugel zu schwer wird, die Kraft des Aufwindes \u00fcberwindet und durch die Erdanziehung zu Boden f\u00e4llt. Daraus k\u00f6nnen sehr unterschiedliche Hagelgr\u00f6\u00dfen hervorgehen. Je mehr Energie in der Atmosph\u00e4re vorhanden ist, desto l\u00e4nger h\u00e4lt sich das Unwetter mit seinen intensiven Auf- und Abw\u00e4rtsbewegungen innerhalb der Wolke und umso mehr Zeit hat das anf\u00e4ngliche Hagelkorn, um zu wachsen. Kaum vorstellbar, dass im Juni 2010 in den USA (im Bundesstaat South Dakota) ein Hagelkorn zu Boden fiel, das im Durchmesser etwas \u00fcber 20 Zentimeter(!) ma\u00df (Quelle: National Severe Storms Laboratory, USA).<\/p>\n<p style=\"text-align: justify;\">Nun aber zur\u00fcck nach Deutschland. Am vergangenen Wochenende waren die Anzeichen f\u00fcr unwetterartige Entwicklungen hierzulande noch nicht verbreitet ausgepr\u00e4gt und dennoch mussten lokal Unwetterwarnungen ausgegeben werden. Am Samstag fielen beispielsweise in Soltau (Niedersachsen) innerhalb weniger Stunden 40 Liter pro Quadratmeter Regen und auch anderswo regnete es l\u00e4ngere Zeit, teils auch kr\u00e4ftig. In Teilen Th\u00fcringens, Sachsen-Anhalts und Niedersachsens wurden Stra\u00dfen von Schlammmassen bedeckt, nachdem es dort intensive Gewitter gab. Am Sonntag wurden rund um Alzey in Rheinland-Pfalz zahlreiche Stra\u00dfen \u00fcberflutet und zum Teil sammelte sich Hagel bis auf eine H\u00f6he von 20 Zentimetern an.<\/p>\n<p style=\"text-align: justify;\">Nach einer kurzen Wetterberuhigung, beginnend am heutigen Montag (15.05.2017) im Nordwesten des Landes, fortsetzend im gesamten Land bis einschlie\u00dflich Mittwoch, wird zum Ende der Woche aber erneut eine gewittertr\u00e4chtige Wetterlage erwartet. \u00c4hnlich wie in den vergangenen Tagen wird dann mit einer s\u00fcdwestlichen Str\u00f6mung sehr warme und zunehmend feuchte Luft nach Deutschland gef\u00fchrt werden. Zuvor wird sich die Luft &#8211; abgesehen von den K\u00fcsten &#8211; verbreitet auf sommerliche Werte \u00fcber 25 Grad erw\u00e4rmen. Im Osten wird es auch am Donnerstag noch meist freundlich und sommerlich warm bleiben, w\u00e4hrend auf den Westen bereits eine Kaltfront \u00fcbergreifen wird, die erneut zahlreiche Schauer und kr\u00e4ftige Gewitter mit sich bringt.<\/p>\n<p style=\"text-align: justify;\">Aufgrund der deutlich w\u00e4rmeren und auch feuchteren Luftmasse, die sich bis Donnerstag auf den Weg nach Mitteleuropa macht, wird die Atmosph\u00e4re im Vergleich zum vergangenen Wochenende deutlich energiegeladener sein. Kr\u00e4ftige Gewitter mit unwetterartigem Charakter (heftiger Starkregen, Hagel und schwere Sturmb\u00f6en) werden die Folge sein. Ein Rat bleibt: Verfolgen Sie die Vorhersagen des Deutschen Wetterdienstes in unserer WarnWetter-App, im Internet, auf Facebook und auf unserem Twitterkanal!<\/p>\n<p style=\"text-align: justify;\">Dipl.-Met. Julia Fruntke<\/p>\n<p style=\"text-align: justify;\">Deutscher Wetterdienst Vorhersage- und Beratungszentrale Offenbach, den 15.05.2017<\/p>\n<p style=\"text-align: justify;\">Copyright (c) Deutscher Wetterdienst<\/p>\n<p style=\"text-align: justify;\">\n<p style=\"text-align: justify;\"><a href=\"https:\/\/www.hossi-im-netz.de\/wordpress\/wp-content\/uploads\/2017\/05\/IMG_5100.jpg\"><img loading=\"lazy\" decoding=\"async\" data-attachment-id=\"7053\" data-permalink=\"https:\/\/www.hossi-im-netz.de\/wordpress\/von-wegen-wonnemonat-mai\/img_5100\/\" data-orig-file=\"https:\/\/www.hossi-im-netz.de\/wordpress\/wp-content\/uploads\/2017\/05\/IMG_5100.jpg\" data-orig-size=\"910,610\" data-comments-opened=\"1\" data-image-meta=\"{&quot;aperture&quot;:&quot;0&quot;,&quot;credit&quot;:&quot;&quot;,&quot;camera&quot;:&quot;Canon EOS 60D&quot;,&quot;caption&quot;:&quot;&quot;,&quot;created_timestamp&quot;:&quot;1494607990&quot;,&quot;copyright&quot;:&quot;&quot;,&quot;focal_length&quot;:&quot;50&quot;,&quot;iso&quot;:&quot;400&quot;,&quot;shutter_speed&quot;:&quot;0.02&quot;,&quot;title&quot;:&quot;&quot;,&quot;orientation&quot;:&quot;1&quot;}\" data-image-title=\"Von wegen &amp;#8222;Wonnemonat Mai&amp;#8220;\" data-image-description=\"\" data-image-caption=\"\" data-medium-file=\"https:\/\/www.hossi-im-netz.de\/wordpress\/wp-content\/uploads\/2017\/05\/IMG_5100-300x201.jpg\" data-large-file=\"https:\/\/www.hossi-im-netz.de\/wordpress\/wp-content\/uploads\/2017\/05\/IMG_5100.jpg\" class=\"alignnone size-full wp-image-7053\" src=\"https:\/\/www.hossi-im-netz.de\/wordpress\/wp-content\/uploads\/2017\/05\/IMG_5100.jpg\" alt=\"\" width=\"910\" height=\"610\" srcset=\"https:\/\/www.hossi-im-netz.de\/wordpress\/wp-content\/uploads\/2017\/05\/IMG_5100.jpg 910w, https:\/\/www.hossi-im-netz.de\/wordpress\/wp-content\/uploads\/2017\/05\/IMG_5100-300x201.jpg 300w, https:\/\/www.hossi-im-netz.de\/wordpress\/wp-content\/uploads\/2017\/05\/IMG_5100-768x515.jpg 768w\" sizes=\"auto, (max-width: 910px) 100vw, 910px\" \/><\/a><\/p>\n","protected":false},"excerpt":{"rendered":"<p>Von wegen &#8222;Wonnemonat Mai&#8220; In den vergangenen Tagen hat es die eine oder andere Region in Deutschland wieder heftig erwischt. Zahlreiche Schauer und Gewitter zogen \u00fcbers Land und sorgten gebietsweise f\u00fcr kr\u00e4ftige Regenf\u00e4lle. Lokal gab es unwetterartige Entwicklungen mit Hagel, <span class=\"excerpt-dots\">&hellip;<\/span> <a class=\"more-link\" href=\"https:\/\/www.hossi-im-netz.de\/wordpress\/von-wegen-wonnemonat-mai\/\"><span class=\"more-msg\">Weiterlesen &rarr;<\/span><\/a><\/p>\n","protected":false},"author":1,"featured_media":7053,"comment_status":"open","ping_status":"closed","sticky":false,"template":"","format":"standard","meta":{"_exactmetrics_skip_tracking":false,"_exactmetrics_sitenote_active":false,"_exactmetrics_sitenote_note":"","_exactmetrics_sitenote_category":0,"jetpack_post_was_ever_published":false,"_jetpack_newsletter_access":"","_jetpack_dont_email_post_to_subs":false,"_jetpack_newsletter_tier_id":0,"_jetpack_memberships_contains_paywalled_content":false,"_jetpack_memberships_contains_paid_content":false,"footnotes":"","jetpack_publicize_message":"","jetpack_publicize_feature_enabled":true,"jetpack_social_post_already_shared":true,"jetpack_social_options":{"image_generator_settings":{"template":"highway","default_image_id":0,"font":"","enabled":false},"version":2}},"categories":[37],"tags":[65,71,4195],"yst_prominent_words":[2097,1216,1411,4258,3267,4466,3030,4465,4374,3846,4467,4463,4468,4462,2123,1606,1597,4464,3364,4461],"class_list":["post-7052","post","type-post","status-publish","format-standard","has-post-thumbnail","hentry","category-wetterblog","tag-mai","tag-unwetter","tag-wonnemonat"],"jetpack_publicize_connections":[],"jetpack_featured_media_url":"https:\/\/www.hossi-im-netz.de\/wordpress\/wp-content\/uploads\/2017\/05\/IMG_5100.jpg","jetpack_sharing_enabled":true,"jetpack_shortlink":"https:\/\/wp.me\/p5DnIb-1PK","jetpack-related-posts":[],"jetpack_likes_enabled":true,"_links":{"self":[{"href":"https:\/\/www.hossi-im-netz.de\/wordpress\/wp-json\/wp\/v2\/posts\/7052","targetHints":{"allow":["GET"]}}],"collection":[{"href":"https:\/\/www.hossi-im-netz.de\/wordpress\/wp-json\/wp\/v2\/posts"}],"about":[{"href":"https:\/\/www.hossi-im-netz.de\/wordpress\/wp-json\/wp\/v2\/types\/post"}],"author":[{"embeddable":true,"href":"https:\/\/www.hossi-im-netz.de\/wordpress\/wp-json\/wp\/v2\/users\/1"}],"replies":[{"embeddable":true,"href":"https:\/\/www.hossi-im-netz.de\/wordpress\/wp-json\/wp\/v2\/comments?post=7052"}],"version-history":[{"count":1,"href":"https:\/\/www.hossi-im-netz.de\/wordpress\/wp-json\/wp\/v2\/posts\/7052\/revisions"}],"predecessor-version":[{"id":7054,"href":"https:\/\/www.hossi-im-netz.de\/wordpress\/wp-json\/wp\/v2\/posts\/7052\/revisions\/7054"}],"wp:featuredmedia":[{"embeddable":true,"href":"https:\/\/www.hossi-im-netz.de\/wordpress\/wp-json\/wp\/v2\/media\/7053"}],"wp:attachment":[{"href":"https:\/\/www.hossi-im-netz.de\/wordpress\/wp-json\/wp\/v2\/media?parent=7052"}],"wp:term":[{"taxonomy":"category","embeddable":true,"href":"https:\/\/www.hossi-im-netz.de\/wordpress\/wp-json\/wp\/v2\/categories?post=7052"},{"taxonomy":"post_tag","embeddable":true,"href":"https:\/\/www.hossi-im-netz.de\/wordpress\/wp-json\/wp\/v2\/tags?post=7052"},{"taxonomy":"yst_prominent_words","embeddable":true,"href":"https:\/\/www.hossi-im-netz.de\/wordpress\/wp-json\/wp\/v2\/yst_prominent_words?post=7052"}],"curies":[{"name":"wp","href":"https:\/\/api.w.org\/{rel}","templated":true}]}}