{"id":7184,"date":"2017-06-03T11:44:04","date_gmt":"2017-06-03T09:44:04","guid":{"rendered":"http:\/\/www.hossi-im-netz.de\/wordpress\/?p=7184"},"modified":"2017-06-03T11:44:04","modified_gmt":"2017-06-03T09:44:04","slug":"wettervorhersage-brachwitz-wettin-loebejuen-saalekreis-halle-618","status":"publish","type":"post","link":"https:\/\/www.hossi-im-netz.de\/wordpress\/wettervorhersage-brachwitz-wettin-loebejuen-saalekreis-halle-618\/","title":{"rendered":"Wettervorhersage Brachwitz, Wettin-L\u00f6bej\u00fcn, Saalekreis, Halle"},"content":{"rendered":"<p style=\"text-align: justify;\">Wettervorhersage Brachwitz, Wettin-L\u00f6bej\u00fcn, Saalekreis, Halle<\/p>\n<div id=\"attachment_7185\" style=\"width: 838px\" class=\"wp-caption alignnone\"><a href=\"https:\/\/www.hossi-im-netz.de\/wordpress\/vorhersage\/\"><img loading=\"lazy\" decoding=\"async\" aria-describedby=\"caption-attachment-7185\" data-attachment-id=\"7185\" data-permalink=\"https:\/\/www.hossi-im-netz.de\/wordpress\/wettervorhersage-brachwitz-wettin-loebejuen-saalekreis-halle-618\/img_5405\/\" data-orig-file=\"https:\/\/www.hossi-im-netz.de\/wordpress\/wp-content\/uploads\/2017\/06\/IMG_5405.png\" data-orig-size=\"828,302\" data-comments-opened=\"1\" data-image-meta=\"{&quot;aperture&quot;:&quot;0&quot;,&quot;credit&quot;:&quot;&quot;,&quot;camera&quot;:&quot;&quot;,&quot;caption&quot;:&quot;&quot;,&quot;created_timestamp&quot;:&quot;0&quot;,&quot;copyright&quot;:&quot;&quot;,&quot;focal_length&quot;:&quot;0&quot;,&quot;iso&quot;:&quot;0&quot;,&quot;shutter_speed&quot;:&quot;0&quot;,&quot;title&quot;:&quot;&quot;,&quot;orientation&quot;:&quot;0&quot;}\" data-image-title=\"Wettervorhersage 03.06.2017\" data-image-description=\"\" data-image-caption=\"\" data-medium-file=\"https:\/\/www.hossi-im-netz.de\/wordpress\/wp-content\/uploads\/2017\/06\/IMG_5405-300x109.png\" data-large-file=\"https:\/\/www.hossi-im-netz.de\/wordpress\/wp-content\/uploads\/2017\/06\/IMG_5405.png\" class=\"wp-image-7185 size-full\" src=\"https:\/\/www.hossi-im-netz.de\/wordpress\/wp-content\/uploads\/2017\/06\/IMG_5405.png\" alt=\"\" width=\"828\" height=\"302\" srcset=\"https:\/\/www.hossi-im-netz.de\/wordpress\/wp-content\/uploads\/2017\/06\/IMG_5405.png 828w, https:\/\/www.hossi-im-netz.de\/wordpress\/wp-content\/uploads\/2017\/06\/IMG_5405-300x109.png 300w, https:\/\/www.hossi-im-netz.de\/wordpress\/wp-content\/uploads\/2017\/06\/IMG_5405-768x280.png 768w\" sizes=\"auto, (max-width: 828px) 100vw, 828px\" \/><\/a><p id=\"caption-attachment-7185\" class=\"wp-caption-text\">www.yr.no (Klicke auf das Bild)<\/p><\/div>\n<p style=\"text-align: justify;\">\n<p style=\"text-align: justify;\">\n<p style=\"text-align: justify;\">Heute Nachmittag und Abend Gewitter mit Unwetterpotential. Nachts weiterhin lokal Gewitter und einsetzender Starkregen bis Sonntagmorgen.<\/p>\n<p style=\"text-align: justify;\">Wetter- und Warnlage f\u00fcr die n\u00e4chsten 24 Stunden: An der Vorderseite eines Tiefs \u00fcber dem Nordostatlantik wird feucht-warme und labile Subtropikluft nach Sachsen-Anhalt gef\u00fchrt. Diese wird am Sonntagmorgen von einem wellenden Tiefausl\u00e4ufer nach Osten abgedr\u00e4ngt.<\/p>\n<p style=\"text-align: justify;\">Am Nachmittag ziehen von Westen her teils starke Gewitter heran, die \u00f6rtlich mit Starkregen bis 25 l\/qm in kurzer Zeit, Sturmb\u00f6en bis 85 km\/h (Bft 9) und Hagel verbunden sind. Auch Unwetter infolge heftigen Starkregens bis 40 l\/qm in einer Stunde und gro\u00dfem Hagel bis 5 cm k\u00f6nnen dann nicht ausgeschlossen werden. Sie enden bis gegen Mitternacht. In der zweiten Nachth\u00e4lfte setzt von Westen her m\u00e4\u00dfiger bis starker Regen ein, der bis in den Sonntagvormittag regional bis zu 35 l\/qm bringen kann.<\/p>\n<p style=\"text-align: justify;\">Detaillierter Wetterablauf: Heute Mittag zeigt sich die Sonne auch hin und wieder etwas l\u00e4nger durch zunehmende Wolkenl\u00fccken. Nur im Norden und Osten kommt es anfangs noch zu \u00f6rtlichen Schauern, die aber nach Osten abziehen. Im Nachmittagsverlauf entwickeln sich bei starker Quellbew\u00f6lkung von S\u00fcdwesten her teils starke Gewitter, die \u00f6rtlich mit Starkregen bis 25 l\/qm innerhalb 1 Stunde, Sturmb\u00f6en bis 85 km\/h (Bft 9) und Hagel verbunden sind. Eng begrenzt sind auch unwetterartige Gewitter aufgrund von heftigem Starkregen bis 40 l\/qm in kurzer Zeit wahrscheinlich. Der Wind weht abseits der Gewitter schwach aus S\u00fcdost, am Abend aus West. Die Temperatur erreicht H\u00f6chstwerte zwischen 26 und 28, im Harz zwischen 20 und 26 Grad. In der Nacht zum Sonntag kommt es zun\u00e4chst weiterhin zu Gewittern. Sie enden meist bis Mitternacht und die Bew\u00f6lkung lockert vor\u00fcbergehend etwas auf. In der zweiten Nachth\u00e4lfte kommt von Westen her wieder starke Bew\u00f6lkung und teils ergiebiger Regen auf. Bei schwachem Wind aus westlichen Richtungen liegen die Tiefstwerte der Temperatur zwischen 16 und 14, im Harz bei 9 Grad.<\/p>\n<p style=\"text-align: justify;\">Am Sonntag bleibt der Himmel anfangs stark bew\u00f6lkt bis bedeckt und es regnet weiterhin mit m\u00e4\u00dfiger, teils auch noch starker Intensit\u00e4t. Im Vormittagsverlauf zieht der Regen allm\u00e4hlich ostw\u00e4rts ab und die Bew\u00f6lkung lockert auf. Zum Nachmittag und Abend sind mit geringer Wahrscheinlichkeit bei wechselnder Bew\u00f6lkung kurze Schauer m\u00f6glich. Der Wind weht schwach aus West bis Nordwest und die H\u00f6chstwerte der Temperatur liegen zwischen 19 und 21, im Harz zwischen 13 und 19 Grad. In der Nacht zum Montag zeigt sich der Himmel gering bew\u00f6lkt und es bleibt niederschlagsfrei. Die Temperatur sinkt auf 11 bis 8, im Harz bis 6 Grad. Der Westwind weht schwach.<\/p>\n<p style=\"text-align: justify;\">Am Montag beginnt der Tag zun\u00e4chst mit nur wenigen Wolken. Im Tagesverlauf nimmt die Bew\u00f6lkung aber zu und von S\u00fcden her ziehen Schauer und Gewitter heran. Der Wind weht schwach aus westlichen Richtungen. Die Temperatur erreicht 21 bis 23, im Harz 16 bis 21 Grad. In der Nacht zum Dienstag \u00fcberwiegt meist starke Bew\u00f6lkung, die zeitweise Schauer und Gewitter bringt. Der Wind weht schwach aus Nordost und die Temperatur geht auf 12 bis 9 Grad zur\u00fcck.<\/p>\n<p style=\"text-align: justify;\">Am Dienstag nehmen Intensit\u00e4t und Verbreitung der schauerartigen und gewittrigen Niederschl\u00e4ge zu. Dabei besteht Unwettergefahr! Erst im Verlauf der zweiten Tagesh\u00e4lfte ziehen die Niederschl\u00e4ge ostw\u00e4rts ab und die Wolkendecke lockert auf. Der Wind weht abseits von Schauern und Gewittern schwach aus S\u00fcd, sp\u00e4ter aus West. Die Maxima liegen zwischen 20 und 22, im Harz zwischen 12 und 20 Grad. In der Nacht zum Mittwoch werden bei wolkigem Himmel keine Niederschl\u00e4ge mehr erwartet. Bei schwachem Westwind sinkt die Temperatur auf 12 bis 10, im Harz bis 6 Grad.<\/p>\n<p style=\"text-align: justify;\">Deutscher Wetterdienst, RWB Leipzig, Jens Oehmichen<\/p>\n<p style=\"text-align: justify;\">\n<p style=\"text-align: justify;\">Wettervorhersage Brachwitz, Wettin-L\u00f6bej\u00fcn, Saalekreis, Halle<\/p>\n","protected":false},"excerpt":{"rendered":"<p>Wettervorhersage Brachwitz, Wettin-L\u00f6bej\u00fcn, Saalekreis, Halle Heute Nachmittag und Abend Gewitter mit Unwetterpotential. Nachts weiterhin lokal Gewitter und einsetzender Starkregen bis Sonntagmorgen. Wetter- und Warnlage f\u00fcr die n\u00e4chsten 24 Stunden: An der Vorderseite eines Tiefs \u00fcber dem Nordostatlantik wird feucht-warme und <span class=\"excerpt-dots\">&hellip;<\/span> <a class=\"more-link\" href=\"https:\/\/www.hossi-im-netz.de\/wordpress\/wettervorhersage-brachwitz-wettin-loebejuen-saalekreis-halle-618\/\"><span class=\"more-msg\">Weiterlesen &rarr;<\/span><\/a><\/p>\n","protected":false},"author":1,"featured_media":0,"comment_status":"open","ping_status":"closed","sticky":false,"template":"","format":"standard","meta":{"_exactmetrics_skip_tracking":false,"_exactmetrics_sitenote_active":false,"_exactmetrics_sitenote_note":"","_exactmetrics_sitenote_category":0,"jetpack_post_was_ever_published":false,"_jetpack_newsletter_access":"","_jetpack_dont_email_post_to_subs":false,"_jetpack_newsletter_tier_id":0,"_jetpack_memberships_contains_paywalled_content":false,"_jetpack_memberships_contains_paid_content":false,"footnotes":"","jetpack_publicize_message":"","jetpack_publicize_feature_enabled":true,"jetpack_social_post_already_shared":true,"jetpack_social_options":{"image_generator_settings":{"template":"highway","default_image_id":0,"font":"","enabled":false},"version":2}},"categories":[37],"tags":[39,4706,5,95,4707,38,96],"yst_prominent_words":[1404,4702,4701,4698,1683,1793,4703,4704,4699,4697,4700,4448,1402,1129,2027,1792,1564,2028,1526,1465],"class_list":["post-7184","post","type-post","status-publish","format-standard","hentry","category-wetterblog","tag-brachwitz","tag-halbinsel-pouch","tag-halle","tag-saalekreis","tag-spring-break","tag-wettervorhersage","tag-wettin-loebejuen"],"jetpack_publicize_connections":[],"jetpack_featured_media_url":"","jetpack_sharing_enabled":true,"jetpack_shortlink":"https:\/\/wp.me\/p5DnIb-1RS","jetpack-related-posts":[],"jetpack_likes_enabled":true,"_links":{"self":[{"href":"https:\/\/www.hossi-im-netz.de\/wordpress\/wp-json\/wp\/v2\/posts\/7184","targetHints":{"allow":["GET"]}}],"collection":[{"href":"https:\/\/www.hossi-im-netz.de\/wordpress\/wp-json\/wp\/v2\/posts"}],"about":[{"href":"https:\/\/www.hossi-im-netz.de\/wordpress\/wp-json\/wp\/v2\/types\/post"}],"author":[{"embeddable":true,"href":"https:\/\/www.hossi-im-netz.de\/wordpress\/wp-json\/wp\/v2\/users\/1"}],"replies":[{"embeddable":true,"href":"https:\/\/www.hossi-im-netz.de\/wordpress\/wp-json\/wp\/v2\/comments?post=7184"}],"version-history":[{"count":1,"href":"https:\/\/www.hossi-im-netz.de\/wordpress\/wp-json\/wp\/v2\/posts\/7184\/revisions"}],"predecessor-version":[{"id":7186,"href":"https:\/\/www.hossi-im-netz.de\/wordpress\/wp-json\/wp\/v2\/posts\/7184\/revisions\/7186"}],"wp:attachment":[{"href":"https:\/\/www.hossi-im-netz.de\/wordpress\/wp-json\/wp\/v2\/media?parent=7184"}],"wp:term":[{"taxonomy":"category","embeddable":true,"href":"https:\/\/www.hossi-im-netz.de\/wordpress\/wp-json\/wp\/v2\/categories?post=7184"},{"taxonomy":"post_tag","embeddable":true,"href":"https:\/\/www.hossi-im-netz.de\/wordpress\/wp-json\/wp\/v2\/tags?post=7184"},{"taxonomy":"yst_prominent_words","embeddable":true,"href":"https:\/\/www.hossi-im-netz.de\/wordpress\/wp-json\/wp\/v2\/yst_prominent_words?post=7184"}],"curies":[{"name":"wp","href":"https:\/\/api.w.org\/{rel}","templated":true}]}}