{"id":7264,"date":"2017-06-23T13:58:40","date_gmt":"2017-06-23T11:58:40","guid":{"rendered":"http:\/\/www.hossi-im-netz.de\/wordpress\/?p=7264"},"modified":"2017-06-23T13:58:40","modified_gmt":"2017-06-23T11:58:40","slug":"hitze-und-blitze-eine-retrospektive","status":"publish","type":"post","link":"https:\/\/www.hossi-im-netz.de\/wordpress\/hitze-und-blitze-eine-retrospektive\/","title":{"rendered":"Hitze und Blitze &#8211; eine Retrospektive"},"content":{"rendered":"<h2 style=\"text-align: justify;\">Hitze und Blitze &#8211; eine Retrospektive<\/h2>\n<p style=\"text-align: justify;\">\nIrgendwann endet jede Sch\u00f6nwetterperiode, meist durch Luftdruckfall und Passage eines atlantischen Frontensystems, an dessen Vorderseite auch noch Luftmassen aus s\u00fcdlichen Regionen herangef\u00fchrt werden. Im Sommer entl\u00e4dt sich die Energie der zuvor dominanten Warmluftmasse oftmals mit Blitz und Donner.<\/p>\n<p style=\"text-align: justify;\">Etwa seit dem vergangenen Wochenende schob sich in der mittleren und h\u00f6heren Troposph\u00e4re vom Nordatlantik her ein Geopotentialr\u00fccken nach West- und Mitteleuropa, im korrespondierenden Bodendruckfeld gelangte die zuvor nach Mitteleuropa eingeflossene Meeresluft polaren Ursprungs unter Hochdruckeinfluss und konnte sich an den langen Fr\u00fchsommertagen bei hohem Sonnenstand und gr\u00f6\u00dftenteils heiterem Himmel kr\u00e4ftig erw\u00e4rmen.<\/p>\n<p style=\"text-align: justify;\">Dies f\u00fchrte zur ersten &#8222;Hitzewelle&#8220; dieses Jahres, seit Montag, den 19.06.2017, wurden vielerorts in Deutschland Tagesh\u00f6chsttemperaturen von mehr als 30 \u00b0C (statistisch-klimatologischer Begriff &#8211; &#8222;hei\u00dfer Tag&#8220;) gemessen. Erreichte &#8222;das Quecksilber&#8220; am Dienstag im deutschen S\u00fcdwesten \u00f6rtlich bereits 35 \u00b0C oder 36 \u00b0C, so war nach einem durch erneute Meeresluftzufuhr etwas k\u00fchleren Mittwoch der gestrige Donnerstag mit Temperaturmaxima von verbreitet deutlich \u00fcber 30 \u00b0C, \u00f6rtlich \u00fcber 37 \u00b0C der bislang w\u00e4rmste Tag des Jahres. Spitzenreiter im Messnetz des Deutschen Wetterdienstes war das linksrheinische Andernach mit 37,1 \u00b0C!<\/p>\n<p style=\"text-align: justify;\">Schlie\u00dflich fiel der Luftdruck in Mitteleuropa und von Westen her n\u00e4herte sich ein Randtief mit seinem Frontensystem. An dessen Ostflanke (&#8222;Vorderseite&#8220;) verharrte der gr\u00f6\u00dfte Teil Mitteleuropas zun\u00e4chst im Warmsektor. Zunehmende Labilisierung und ein heranziehender kurzwelliger H\u00f6hentrog setzten bereits am Donnerstagvormittag konvektive Prozesse in Gang, als sich im K\u00fcstenbereich ein Gewittercluster bildete, das zun\u00e4chst \u00f6stlich der Weser nach S\u00fcdosten zog.<\/p>\n<p style=\"text-align: justify;\">Am sp\u00e4ten Nachmittag spannte sich dann im weiten Bogen von den Vogesen bis in die Lausitz eine Gewitterlinie, die nach dem klassischen Modell der Synoptik mit einer Konvergenzlinie innerhalb des Warmsektors des Randtiefs einherging. Die eigentliche Kaltfront erstreckte sich zu diesem Zeitpunkt noch entlang der belgisch-holl\u00e4ndischen Nordseek\u00fcste, griff am Abend von Nordwesten her auf Deutschland \u00fcber und vereinigte sich im Verlaufe der Nacht mit der Konvergenz, so dass die Gewittert\u00e4tigkeit im Osten des Landes bis zum Morgen andauerte.<\/p>\n<p style=\"text-align: justify;\">Vor allem im Zusammenhang mit der allm\u00e4hlich s\u00fcdostw\u00e4rts vorankommenden Konvergenzlinie und sp\u00e4ter mit der schneller ziehenden Kaltfront bildeten sich am gestrigen Nachmittag sowie am Abend und in der Nacht verbreitet schwere Gewitter, die gebietsweise Unwettercharakter, d.h. B\u00f6en von mehr als 103 km\/h, Starkregen von mehr als 25 mm\/h und Hagel vom Kaliber gr\u00f6\u00dfer als 1,5 cm aufwiesen. Schwerpunkte der Gewittert\u00e4tigkeit lagen zun\u00e4chst in Niedersachsen, wo es bei Verkehrsunf\u00e4llen mit umgest\u00fcrzten B\u00e4umen zwei Tote gab, sp\u00e4ter dann in den mittleren und \u00f6stlichen Teilen Deutschlands.<\/p>\n<p style=\"text-align: justify;\">Die unten stehende Abbildung zeigt oben und rechts den Aufriss des mittigen Radarbildes vom Standort Offenthal (Landkreis Offenbach) von gestern Abend, 22.06.2017, 16:00 Uhr UTC. Starke blaue Radarechos ragen schlotartig bis ca. 10 km H\u00f6he aufw\u00e4rts. Die Zahlen in den schwarzen K\u00e4stchen sind die einst\u00fcndigen Niederschlagsmengen. In Neu-Ulrichstein (Mittelhessen, 350 m H\u00f6he) fielen 42 mm in den Messbecher, zeitgleich wurde eine Orkanb\u00f6e von 127 km\/h gemessen. Beide Zahlen sind jeweils Spitzenwerte des gestrigen Unwetterereignisses im Rahmen des DWD-Messnetzes. Wenn Sie Ihren Blick etwas sch\u00e4rfen und sich die Linien gleicher Lufttemperatur anschauen, finden Sie innerhalb der fetten roten 30-\u00b0C-Isotherme im Zentrum der Karte einen durch die Verdunstungsk\u00e4lte des gefallenen Niederschlages abgek\u00fchlten Bereich (gelbe 20-\u00b0C-Isolinie) innerhalb der Warmluftmasse. Oben links zeigt sich bereits die mit der Kaltfront aus Nordwesten herangef\u00fchrte frische Meeresluft (ebenfalls gelbe Linien).<\/p>\n<p style=\"text-align: justify;\">Dipl.-Met. Thomas Ruppert<\/p>\n<p style=\"text-align: justify;\">Deutscher Wetterdienst Vorhersage- und Beratungszentrale Offenbach, den 23.06.2017<\/p>\n<p style=\"text-align: justify;\">Copyright (c) Deutscher Wetterdienst<\/p>\n<p><a href=\"https:\/\/www.hossi-im-netz.de\/wordpress\/wp-content\/uploads\/2017\/06\/IMG_6057.png\"><img loading=\"lazy\" decoding=\"async\" data-attachment-id=\"7265\" data-permalink=\"https:\/\/www.hossi-im-netz.de\/wordpress\/hitze-und-blitze-eine-retrospektive\/img_6057\/\" data-orig-file=\"https:\/\/www.hossi-im-netz.de\/wordpress\/wp-content\/uploads\/2017\/06\/IMG_6057.png\" data-orig-size=\"1208,892\" data-comments-opened=\"1\" data-image-meta=\"{&quot;aperture&quot;:&quot;0&quot;,&quot;credit&quot;:&quot;&quot;,&quot;camera&quot;:&quot;&quot;,&quot;caption&quot;:&quot;&quot;,&quot;created_timestamp&quot;:&quot;0&quot;,&quot;copyright&quot;:&quot;&quot;,&quot;focal_length&quot;:&quot;0&quot;,&quot;iso&quot;:&quot;0&quot;,&quot;shutter_speed&quot;:&quot;0&quot;,&quot;title&quot;:&quot;&quot;,&quot;orientation&quot;:&quot;0&quot;}\" data-image-title=\"Hitze und Blitze &amp;#8211; eine Retrospektive\" data-image-description=\"\" data-image-caption=\"\" data-medium-file=\"https:\/\/www.hossi-im-netz.de\/wordpress\/wp-content\/uploads\/2017\/06\/IMG_6057-300x222.png\" data-large-file=\"https:\/\/www.hossi-im-netz.de\/wordpress\/wp-content\/uploads\/2017\/06\/IMG_6057-1024x756.png\" class=\"alignnone wp-image-7265 size-full\" src=\"https:\/\/www.hossi-im-netz.de\/wordpress\/wp-content\/uploads\/2017\/06\/IMG_6057.png\" alt=\"Hitze und Blitze - eine Retrospektive\" width=\"1208\" height=\"892\" srcset=\"https:\/\/www.hossi-im-netz.de\/wordpress\/wp-content\/uploads\/2017\/06\/IMG_6057.png 1208w, https:\/\/www.hossi-im-netz.de\/wordpress\/wp-content\/uploads\/2017\/06\/IMG_6057-300x222.png 300w, https:\/\/www.hossi-im-netz.de\/wordpress\/wp-content\/uploads\/2017\/06\/IMG_6057-768x567.png 768w, https:\/\/www.hossi-im-netz.de\/wordpress\/wp-content\/uploads\/2017\/06\/IMG_6057-1024x756.png 1024w\" sizes=\"auto, (max-width: 1208px) 100vw, 1208px\" \/><\/a><\/p>\n","protected":false},"excerpt":{"rendered":"<p>Hitze und Blitze &#8211; eine Retrospektive Irgendwann endet jede Sch\u00f6nwetterperiode, meist durch Luftdruckfall und Passage eines atlantischen Frontensystems, an dessen Vorderseite auch noch Luftmassen aus s\u00fcdlichen Regionen herangef\u00fchrt werden. Im Sommer entl\u00e4dt sich die Energie der zuvor dominanten Warmluftmasse oftmals <span class=\"excerpt-dots\">&hellip;<\/span> <a class=\"more-link\" href=\"https:\/\/www.hossi-im-netz.de\/wordpress\/hitze-und-blitze-eine-retrospektive\/\"><span class=\"more-msg\">Weiterlesen &rarr;<\/span><\/a><\/p>\n","protected":false},"author":1,"featured_media":7265,"comment_status":"open","ping_status":"closed","sticky":false,"template":"","format":"standard","meta":{"_exactmetrics_skip_tracking":false,"_exactmetrics_sitenote_active":false,"_exactmetrics_sitenote_note":"","_exactmetrics_sitenote_category":0,"jetpack_post_was_ever_published":false,"_jetpack_newsletter_access":"","_jetpack_dont_email_post_to_subs":false,"_jetpack_newsletter_tier_id":0,"_jetpack_memberships_contains_paywalled_content":false,"_jetpack_memberships_contains_paid_content":false,"footnotes":"","jetpack_publicize_message":"","jetpack_publicize_feature_enabled":true,"jetpack_social_post_already_shared":true,"jetpack_social_options":{"image_generator_settings":{"template":"highway","default_image_id":0,"font":"","enabled":false},"version":2}},"categories":[37],"tags":[105,41,93,75,4866,55,4867,71],"yst_prominent_words":[4408,3847,2286,1216,1411,2966,4864,3078,4863,3569,1512,3990,4100,4667,2759,4865,2123,4861,4862,2573],"class_list":["post-7264","post","type-post","status-publish","format-standard","has-post-thumbnail","hentry","category-wetterblog","tag-blitze","tag-gewitter","tag-hagel","tag-hitze","tag-retrospektive","tag-sommer","tag-sommergewitter","tag-unwetter"],"jetpack_publicize_connections":[],"jetpack_featured_media_url":"https:\/\/www.hossi-im-netz.de\/wordpress\/wp-content\/uploads\/2017\/06\/IMG_6057.png","jetpack_sharing_enabled":true,"jetpack_shortlink":"https:\/\/wp.me\/p5DnIb-1Ta","jetpack-related-posts":[],"jetpack_likes_enabled":true,"_links":{"self":[{"href":"https:\/\/www.hossi-im-netz.de\/wordpress\/wp-json\/wp\/v2\/posts\/7264","targetHints":{"allow":["GET"]}}],"collection":[{"href":"https:\/\/www.hossi-im-netz.de\/wordpress\/wp-json\/wp\/v2\/posts"}],"about":[{"href":"https:\/\/www.hossi-im-netz.de\/wordpress\/wp-json\/wp\/v2\/types\/post"}],"author":[{"embeddable":true,"href":"https:\/\/www.hossi-im-netz.de\/wordpress\/wp-json\/wp\/v2\/users\/1"}],"replies":[{"embeddable":true,"href":"https:\/\/www.hossi-im-netz.de\/wordpress\/wp-json\/wp\/v2\/comments?post=7264"}],"version-history":[{"count":1,"href":"https:\/\/www.hossi-im-netz.de\/wordpress\/wp-json\/wp\/v2\/posts\/7264\/revisions"}],"predecessor-version":[{"id":7266,"href":"https:\/\/www.hossi-im-netz.de\/wordpress\/wp-json\/wp\/v2\/posts\/7264\/revisions\/7266"}],"wp:featuredmedia":[{"embeddable":true,"href":"https:\/\/www.hossi-im-netz.de\/wordpress\/wp-json\/wp\/v2\/media\/7265"}],"wp:attachment":[{"href":"https:\/\/www.hossi-im-netz.de\/wordpress\/wp-json\/wp\/v2\/media?parent=7264"}],"wp:term":[{"taxonomy":"category","embeddable":true,"href":"https:\/\/www.hossi-im-netz.de\/wordpress\/wp-json\/wp\/v2\/categories?post=7264"},{"taxonomy":"post_tag","embeddable":true,"href":"https:\/\/www.hossi-im-netz.de\/wordpress\/wp-json\/wp\/v2\/tags?post=7264"},{"taxonomy":"yst_prominent_words","embeddable":true,"href":"https:\/\/www.hossi-im-netz.de\/wordpress\/wp-json\/wp\/v2\/yst_prominent_words?post=7264"}],"curies":[{"name":"wp","href":"https:\/\/api.w.org\/{rel}","templated":true}]}}