{"id":7282,"date":"2017-06-25T20:56:24","date_gmt":"2017-06-25T18:56:24","guid":{"rendered":"http:\/\/www.hossi-im-netz.de\/wordpress\/?p=7282"},"modified":"2017-06-25T20:56:24","modified_gmt":"2017-06-25T18:56:24","slug":"regen-fuer-alle","status":"publish","type":"post","link":"https:\/\/www.hossi-im-netz.de\/wordpress\/regen-fuer-alle\/","title":{"rendered":"Regen f\u00fcr alle!?"},"content":{"rendered":"<h2 style=\"text-align: justify;\">Regen f\u00fcr alle!?<\/h2>\n<p style=\"text-align: justify;\">\nIn einigen Teilen Deutschlands herrscht gro\u00dfe Trockenheit, dort geraten Pflanzen schon unter &#8222;Trockenstress&#8220; und die Waldbrandgefahr ist hoch. Kann der zu erwartende Regen in der kommenden Woche Linderung bringen?<\/p>\n<p style=\"text-align: justify;\">Nachdem der Fr\u00fchling im S\u00fcdwesten und Osten Deutschlands zu trocken ausfiel, ist es auch im heute 25 Tage alten meteorologischen Sommer insbesondere im Westen und S\u00fcden gebietsweise zu trocken. Im Norden und Nordosten fiel dagegen viel Regen, sodass dort das Monatssoll f\u00fcr den Juni zum Teil bereits \u00fcbererf\u00fcllt ist (vor allem von Schleswig-Holstein bis nach Brandenburg).<\/p>\n<p style=\"text-align: justify;\">Als Konsequenz des Niederschlagsdefizits hat sich in Teilen der Republik Trockenheit ausgebreitet (siehe dazu die linke Grafik der aktuellen Bodenfeuchte unter http:\/\/www.dwd.de\/DE\/wetter\/thema_des_tages\/2017\/6\/25.html, Stand vom 24.06.2017). Sie ruft nicht nur Niedrigwasser in den Fl\u00fcssen hervor, sondern hat auch die Waldbrandgefahr gebietsweise stark erh\u00f6ht. Dar\u00fcber hinaus sind im Westen und S\u00fcdwesten sowie Teilen der Mitte (gelbe und orangene Fl\u00e4chen in der linken Grafik) die B\u00f6den stark abgetrocknet. So liegen die Werte der nutzbaren Feldkapazit\u00e4t (nFK, einem Ma\u00df f\u00fcr die Bodenfeuchte) h\u00e4ufig nur noch bei 30 bis 50 % bei sandigem Lehm (ein schwerer Boden, der viel Wasser aufnehmen kann) unter Gras.<\/p>\n<p style=\"text-align: justify;\">Vereinzelt k\u00f6nnen wie in Th\u00fcringen auch schon Werte unter 30 % nFK beobachtet werden. Bei 30 bis 50 % nFK ist die Wasserversorgung der Pflanzen noch ausreichend. Bei unter 30 % nFK stehen die Pflanzen unter dem sogenannten &#8222;Trockenstress&#8220;, dann ist mit Ertragseinbu\u00dfen zu rechnen ist.<\/p>\n<p style=\"text-align: justify;\">Stellt sich also die Frage, ob der zumindest in einigen Regionen Deutschlands dringend ben\u00f6tigte Regen in den n\u00e4chsten Tagen f\u00e4llt oder ob die Trockenheit gar weiter zunimmt und bei noch mehr Pflanzen mit Trockenstress bzw. Ertragseinbu\u00dfen zu rechnen ist? Ein Blick in die Vorhersagekarten zeigt, dass der derzeit meist trockenen Witterung in den kritischen Gebieten in der kommenden Woche ein Ende bereitet werden soll. Ein neues Tief \u00fcber den Britischen Inseln schickt sich an, von S\u00fcdwesten her feucht-warme Luft zu uns zu transportieren. Damit werden Schauer und Gewitter ausgel\u00f6st, die sich ab Dienstag deutschlandweit ausbreiten sollen. Sie leiten einen wechselhaften, feuchten und konvektiv gepr\u00e4gten Witterungsabschnitt ein, der vermutlich sogar bis zum Ende der Woche anh\u00e4lt.<\/p>\n<p style=\"text-align: justify;\">Dabei sollte fast jede Region in Deutschland Regen abbekommen (siehe dazu die Vorhersage des akkumulierten Niederschlags bis Montagnacht in der rechten Grafik von oben). Wie so h\u00e4ufig bei Schauern und Gewittern gibt es aber keine gerechte Regenverteilung, den einen trifft es stark, der andere bekommt nur ein paar Tropfen ab. Im akkumulierten, d.h. aufsummierten Niederschlag bis zum Ende der Woche sind jedoch landesweit Niederschlagssignale vorhanden. Dabei fallen in der Fl\u00e4che zwischen 5 und 40 Liter Regen pro Quadratmeter (l\/qm). F\u00fcr die eine oder andere Region im S\u00fcdwesten (beispielsweise in Rheinland-Pfalz und dem s\u00fcdwestlichen NRW) k\u00f6nnte das nur der &#8222;Tropfen auf den hei\u00dfen Stein&#8220; sein, der am Ende \u00fcberhaupt nicht hilft.<\/p>\n<p style=\"text-align: justify;\">In einem Streifen von Schleswig-Holstein bis nach Sachsen sowie im s\u00fcd\u00f6stlichen Bayern k\u00f6nnen dagegen zwischen 40 und 115 l\/qm (wenn es denn genau so kommt) fallen. F\u00fcr einigen Regionen in diesem Bereich, in denen mit Werten von \u00fcber 80 % nFK bereits eine \u00dcberversorgung mit Wasser und dadurch eine Gefahr von Sauerstoffmangel der Pflanzen begonnen hat, kehrt sich der Prozess damit sogar um. Dort k\u00f6nnten demn\u00e4chst durch den zu erwartenden Regen weitere Pflanzen von \u00dcberversorgung und Sauerstoffmangel betroffen sein.<\/p>\n<p style=\"text-align: justify;\">Dipl.-Met. Simon Trippler<\/p>\n<p style=\"text-align: justify;\">Deutscher Wetterdienst Vorhersage- und Beratungszentrale Offenbach, den 25.06.2017<\/p>\n<p style=\"text-align: justify;\">Copyright (c) Deutscher Wetterdienst<\/p>\n<p>&nbsp;<\/p>\n<p><a href=\"https:\/\/www.hossi-im-netz.de\/wordpress\/wp-content\/uploads\/2017\/06\/IMG_6170.jpg\"><img loading=\"lazy\" decoding=\"async\" data-attachment-id=\"7283\" data-permalink=\"https:\/\/www.hossi-im-netz.de\/wordpress\/regen-fuer-alle\/img_6170\/\" data-orig-file=\"https:\/\/www.hossi-im-netz.de\/wordpress\/wp-content\/uploads\/2017\/06\/IMG_6170.jpg\" data-orig-size=\"930,564\" data-comments-opened=\"1\" data-image-meta=\"{&quot;aperture&quot;:&quot;0&quot;,&quot;credit&quot;:&quot;&quot;,&quot;camera&quot;:&quot;&quot;,&quot;caption&quot;:&quot;&quot;,&quot;created_timestamp&quot;:&quot;0&quot;,&quot;copyright&quot;:&quot;&quot;,&quot;focal_length&quot;:&quot;0&quot;,&quot;iso&quot;:&quot;0&quot;,&quot;shutter_speed&quot;:&quot;0&quot;,&quot;title&quot;:&quot;&quot;,&quot;orientation&quot;:&quot;0&quot;}\" data-image-title=\"Regen f\u00fcr alle!?\" data-image-description=\"\" data-image-caption=\"\" data-medium-file=\"https:\/\/www.hossi-im-netz.de\/wordpress\/wp-content\/uploads\/2017\/06\/IMG_6170-300x182.jpg\" data-large-file=\"https:\/\/www.hossi-im-netz.de\/wordpress\/wp-content\/uploads\/2017\/06\/IMG_6170.jpg\" class=\"alignnone wp-image-7283 size-full\" title=\"Regen f\u00fcr alle!?\" src=\"https:\/\/www.hossi-im-netz.de\/wordpress\/wp-content\/uploads\/2017\/06\/IMG_6170.jpg\" alt=\"Regen f\u00fcr alle!?\" width=\"930\" height=\"564\" srcset=\"https:\/\/www.hossi-im-netz.de\/wordpress\/wp-content\/uploads\/2017\/06\/IMG_6170.jpg 930w, https:\/\/www.hossi-im-netz.de\/wordpress\/wp-content\/uploads\/2017\/06\/IMG_6170-300x182.jpg 300w, https:\/\/www.hossi-im-netz.de\/wordpress\/wp-content\/uploads\/2017\/06\/IMG_6170-768x466.jpg 768w\" sizes=\"auto, (max-width: 930px) 100vw, 930px\" \/><\/a><\/p>\n","protected":false},"excerpt":{"rendered":"<p>Regen f\u00fcr alle!? In einigen Teilen Deutschlands herrscht gro\u00dfe Trockenheit, dort geraten Pflanzen schon unter &#8222;Trockenstress&#8220; und die Waldbrandgefahr ist hoch. Kann der zu erwartende Regen in der kommenden Woche Linderung bringen? Nachdem der Fr\u00fchling im S\u00fcdwesten und Osten Deutschlands <span class=\"excerpt-dots\">&hellip;<\/span> <a class=\"more-link\" href=\"https:\/\/www.hossi-im-netz.de\/wordpress\/regen-fuer-alle\/\"><span class=\"more-msg\">Weiterlesen &rarr;<\/span><\/a><\/p>\n","protected":false},"author":1,"featured_media":7283,"comment_status":"open","ping_status":"closed","sticky":false,"template":"","format":"standard","meta":{"_exactmetrics_skip_tracking":false,"_exactmetrics_sitenote_active":false,"_exactmetrics_sitenote_note":"","_exactmetrics_sitenote_category":0,"jetpack_post_was_ever_published":false,"_jetpack_newsletter_access":"","_jetpack_dont_email_post_to_subs":false,"_jetpack_newsletter_tier_id":0,"_jetpack_memberships_contains_paywalled_content":false,"_jetpack_memberships_contains_paid_content":false,"footnotes":"","jetpack_publicize_message":"","jetpack_publicize_feature_enabled":true,"jetpack_social_post_already_shared":true,"jetpack_social_options":{"image_generator_settings":{"template":"highway","default_image_id":0,"font":"","enabled":false},"version":2}},"categories":[37],"tags":[63,25,82,183,674],"yst_prominent_words":[4925,4923,4922,1216,2256,2171,2158,2447,4926,4924,4491,4311,1804,3865,2019,4286,2842,2283,4927,4928],"class_list":["post-7282","post","type-post","status-publish","format-standard","has-post-thumbnail","hentry","category-wetterblog","tag-niederschlag","tag-regen","tag-trockenheit","tag-waldbrand","tag-waldbrandgefahr"],"jetpack_publicize_connections":[],"jetpack_featured_media_url":"https:\/\/www.hossi-im-netz.de\/wordpress\/wp-content\/uploads\/2017\/06\/IMG_6170.jpg","jetpack_sharing_enabled":true,"jetpack_shortlink":"https:\/\/wp.me\/p5DnIb-1Ts","jetpack-related-posts":[],"jetpack_likes_enabled":true,"_links":{"self":[{"href":"https:\/\/www.hossi-im-netz.de\/wordpress\/wp-json\/wp\/v2\/posts\/7282","targetHints":{"allow":["GET"]}}],"collection":[{"href":"https:\/\/www.hossi-im-netz.de\/wordpress\/wp-json\/wp\/v2\/posts"}],"about":[{"href":"https:\/\/www.hossi-im-netz.de\/wordpress\/wp-json\/wp\/v2\/types\/post"}],"author":[{"embeddable":true,"href":"https:\/\/www.hossi-im-netz.de\/wordpress\/wp-json\/wp\/v2\/users\/1"}],"replies":[{"embeddable":true,"href":"https:\/\/www.hossi-im-netz.de\/wordpress\/wp-json\/wp\/v2\/comments?post=7282"}],"version-history":[{"count":1,"href":"https:\/\/www.hossi-im-netz.de\/wordpress\/wp-json\/wp\/v2\/posts\/7282\/revisions"}],"predecessor-version":[{"id":7284,"href":"https:\/\/www.hossi-im-netz.de\/wordpress\/wp-json\/wp\/v2\/posts\/7282\/revisions\/7284"}],"wp:featuredmedia":[{"embeddable":true,"href":"https:\/\/www.hossi-im-netz.de\/wordpress\/wp-json\/wp\/v2\/media\/7283"}],"wp:attachment":[{"href":"https:\/\/www.hossi-im-netz.de\/wordpress\/wp-json\/wp\/v2\/media?parent=7282"}],"wp:term":[{"taxonomy":"category","embeddable":true,"href":"https:\/\/www.hossi-im-netz.de\/wordpress\/wp-json\/wp\/v2\/categories?post=7282"},{"taxonomy":"post_tag","embeddable":true,"href":"https:\/\/www.hossi-im-netz.de\/wordpress\/wp-json\/wp\/v2\/tags?post=7282"},{"taxonomy":"yst_prominent_words","embeddable":true,"href":"https:\/\/www.hossi-im-netz.de\/wordpress\/wp-json\/wp\/v2\/yst_prominent_words?post=7282"}],"curies":[{"name":"wp","href":"https:\/\/api.w.org\/{rel}","templated":true}]}}