{"id":7304,"date":"2017-06-27T13:45:05","date_gmt":"2017-06-27T11:45:05","guid":{"rendered":"http:\/\/www.hossi-im-netz.de\/wordpress\/?p=7304"},"modified":"2017-06-27T13:45:05","modified_gmt":"2017-06-27T11:45:05","slug":"tief-rasmund-bringt-kraeftige-gewitter-mit-starkregen","status":"publish","type":"post","link":"https:\/\/www.hossi-im-netz.de\/wordpress\/tief-rasmund-bringt-kraeftige-gewitter-mit-starkregen\/","title":{"rendered":"Tief &#8222;RASMUND&#8220; bringt kr\u00e4ftige Gewitter mit Starkregen"},"content":{"rendered":"<h2 style=\"text-align: justify;\">Tief &#8222;RASMUND&#8220; bringt kr\u00e4ftige Gewitter mit Starkregen<\/h2>\n<p style=\"text-align: justify;\">\nBereits am gestrigen Montagabend machte Tief &#8222;RASMUND&#8220; mit ersten Gewittern im S\u00fcdwesten auf sich aufmerksam. Aber auch heute sowie in den kommenden Tagen muss mit teils kr\u00e4ftigen Gewittern gerechnet werden, die besonders im Hinblick auf Starkregen auch unwetterartig ausfallen k\u00f6nnen.<\/p>\n<p style=\"text-align: justify;\">Zum Wochenstart wurde am gestrigen Montag, den 26.06.17, meist sehr ruhig in der Wetterk\u00fcche gekocht. Gebietsweise zeigte sich die Sonne, lediglich ein schwacher Ausl\u00e4ufer des von Skandinavien nach Russland ziehenden Tiefs &#8222;QUIRIN&#8220; sorgte f\u00fcr etwas dichtere Wolken und \u00f6rtlich leichten Regen \u00fcber der Mitte Deutschlands. Unter Hochdruckeinfluss wurden in den s\u00fcdlichen Landesteilen erneut Temperaturen von teils \u00fcber 30 Grad verzeichnet, an der Station im bayerischen Regensburg wurden sogar 32,9 Grad Celsius gemessen. R\u00fcckseitig des Ausl\u00e4ufers floss etwas k\u00fchlere Meeresluft ein, sodass die Messstationen im Norden lediglich Werte um 17 Grad Celsius aufzeichneten.<\/p>\n<p style=\"text-align: justify;\">Seit den gestrigen Abendstunden zeigt allerdings Tief &#8222;RASMUND&#8220;, das sich den Britischen Inseln n\u00e4hert, seinen zunehmenden Einfluss im S\u00fcdwesten Deutschlands. Dort konnten sich am sp\u00e4ten Abend in der einflie\u00dfenden feucht-warmen Subtropikluft bereits einzelne Gewitter im Schwarzwald und der Alb sowie im Allg\u00e4u entwickeln, die sich im Laufe der Nacht nordostw\u00e4rts verlagerten. Dabei ging die Gefahr vor allem von lokal auftretendem Starkregen aus. An der Station in Gro\u00dferlach-Mannenweiler nord\u00f6stlich von Stuttgart (Baden-W\u00fcrttemberg) traten wiederholt kr\u00e4ftige Schauer auf, wodurch innerhalb von sechs Stunden ganze 33,1 l\/qm verbucht wurden. Besonders am Alpenrand konnte beim Blick auf die Radarbilder zeitweise auch kleink\u00f6rniger Hagel nicht ausgeschlossen werden.<\/p>\n<p style=\"text-align: justify;\">Auch am heutigen Dienstag (27.06.17) wird mit s\u00fcdwestlicher Str\u00f6mung feucht-warme und energiereiche Luft in die S\u00fcdwesth\u00e4lfte Deutschlands heran gef\u00fchrt. Dabei muss erneut im S\u00fcden, aber auch im Westen mit teils kr\u00e4ftigen Gewittern gerechnet werden, die vor allem mit Starkregen, kleink\u00f6rnigem Hagel und st\u00fcrmischen B\u00f6en einhergehen und sich im Tagesverlauf allm\u00e4hlich nordostw\u00e4rts bis in die mittleren Landesteile ausbreiten. In der energiereichsten Luft im S\u00fcden kann auch lokal eng begrenzt gr\u00f6\u00dferer Hagel nicht ausgeschlossen werden.<\/p>\n<p style=\"text-align: justify;\">Allerdings geht die \u00f6rtliche Unwettergefahr besonders vom heftigen Starkregen aus. Als Indikator f\u00fcr die Absch\u00e4tzung des Starkregenpotenzials dient dem Vorhersagemeteorologen vor allem das sogenannte &#8222;niederschlagbare Wasser&#8220; der Atmosph\u00e4re (engl. &#8222;precipitable water&#8220;, kurz ppw). Darunter versteht man die Menge an Wasserdampf, die in einer vertikalen Lufts\u00e4ule vom Boden bis zum Oberrand der Troposph\u00e4re enthalten ist. Das ppw wird dabei meist in Millimetern angegeben. Liegen also am heutigen Dienstag im Westen lokal Werte von etwa 40 mm vor, befinden sich in der Lufts\u00e4ule vor Ort etwa 40 Liter Wasser, die dann, wenn sie vollst\u00e4ndig ausregnen und nicht abflie\u00dfen w\u00fcrden, am Boden auf einer Grundfl\u00e4che von einem Quadratmeter 40 mm bzw. 4 cm hoch stehen.<\/p>\n<p style=\"text-align: justify;\">In der Nacht zum Mittwoch sowie am Mittwoch selbst bewegt sich RASMUND nur sehr langsam von der Stelle und hat sich dann von Irland \u00fcber den \u00c4rmelkanal bis nach Tschechien ausgeweitet. So muss verbreitet mit schauerartigem Regen und teils kr\u00e4ftigen Gewittern gerechnet werden, wobei \u00f6rtlich weiterhin unwetterartiges Starkregenpotenzial besteht, das sich am Mittwoch tags\u00fcber mit seinem Schwerpunkt aber weiter in die Nordosth\u00e4lfte Deutschlands verlagert. Dort werden nach den aktuellen Computerberechnungen am Mittwochnachmittag ppw-Werte um 45 mm simuliert. Im Westen und S\u00fcdwesten flie\u00dft hingegen etwas trockenere Luft ein, sodass das Unwetterpotenzial dort geringf\u00fcgig sinkt. Allerdings k\u00f6nnen in der zweiten Tagesh\u00e4lfte noch einzelne Gewitter auftreten.<\/p>\n<p style=\"text-align: justify;\">Obwohl sich in der Nacht zum Donnerstag und am Donnerstag Tief RASMUND langsam mit seinem Kern \u00fcber Nordostdeutschland hinweg nach Polen verlagert, bleibt der Tiefdruckeinfluss \u00fcber ganz Deutschland erhalten. So treten immer wieder schauerartige und gewittrige Regenf\u00e4lle auf, die teils auch l\u00e4nger anhalten k\u00f6nnen. Dabei sind \u00f6rtlich unwetterartige Niederschlagsmengen weiterhin wahrscheinlich. Allerdings nimmt die Unwettergefahr von S\u00fcdwest nach Nordost allm\u00e4hlich ab.<\/p>\n<p style=\"text-align: justify;\">Am Freitag zieht RASMUND nach S\u00fcdschweden, wobei sich der Schwerpunkt der schauerartigen Regenf\u00e4lle in den Nordosten und Norden verlagert. Sonst kommt es nur noch \u00f6rtlich zu Schauern und einzelnen Gewittern.<\/p>\n<p style=\"text-align: justify;\">MSc.-Met. Sebastian Schappert<\/p>\n<p style=\"text-align: justify;\">Deutscher Wetterdienst Vorhersage- und Beratungszentrale Offenbach, den 27.06.2017<\/p>\n<p style=\"text-align: justify;\">Copyright (c) Deutscher Wetterdienst<\/p>\n","protected":false},"excerpt":{"rendered":"<p>Tief &#8222;RASMUND&#8220; bringt kr\u00e4ftige Gewitter mit Starkregen Bereits am gestrigen Montagabend machte Tief &#8222;RASMUND&#8220; mit ersten Gewittern im S\u00fcdwesten auf sich aufmerksam. Aber auch heute sowie in den kommenden Tagen muss mit teils kr\u00e4ftigen Gewittern gerechnet werden, die besonders im <span class=\"excerpt-dots\">&hellip;<\/span> <a class=\"more-link\" href=\"https:\/\/www.hossi-im-netz.de\/wordpress\/tief-rasmund-bringt-kraeftige-gewitter-mit-starkregen\/\"><span class=\"more-msg\">Weiterlesen &rarr;<\/span><\/a><\/p>\n","protected":false},"author":1,"featured_media":7305,"comment_status":"open","ping_status":"closed","sticky":false,"template":"","format":"standard","meta":{"_exactmetrics_skip_tracking":false,"_exactmetrics_sitenote_active":false,"_exactmetrics_sitenote_note":"","_exactmetrics_sitenote_category":0,"jetpack_post_was_ever_published":false,"_jetpack_newsletter_access":"","_jetpack_dont_email_post_to_subs":false,"_jetpack_newsletter_tier_id":0,"_jetpack_memberships_contains_paywalled_content":false,"_jetpack_memberships_contains_paid_content":false,"footnotes":"","jetpack_publicize_message":"","jetpack_publicize_feature_enabled":true,"jetpack_social_post_already_shared":true,"jetpack_social_options":{"image_generator_settings":{"template":"highway","default_image_id":0,"font":"","enabled":false},"version":2}},"categories":[37],"tags":[236,4983,55,83],"yst_prominent_words":[4717,1216,2256,3370,3267,4425,4931,2957,4980,4016,4979,4977,4713,2759,4982,4481,4978,4976,4975,4981],"class_list":["post-7304","post","type-post","status-publish","format-standard","has-post-thumbnail","hentry","category-wetterblog","tag-dauerregen","tag-rasmund","tag-sommer","tag-tief"],"jetpack_publicize_connections":[],"jetpack_featured_media_url":"https:\/\/www.hossi-im-netz.de\/wordpress\/wp-content\/uploads\/2017\/06\/IMG_6179.jpg","jetpack_sharing_enabled":true,"jetpack_shortlink":"https:\/\/wp.me\/p5DnIb-1TO","jetpack-related-posts":[],"jetpack_likes_enabled":true,"_links":{"self":[{"href":"https:\/\/www.hossi-im-netz.de\/wordpress\/wp-json\/wp\/v2\/posts\/7304","targetHints":{"allow":["GET"]}}],"collection":[{"href":"https:\/\/www.hossi-im-netz.de\/wordpress\/wp-json\/wp\/v2\/posts"}],"about":[{"href":"https:\/\/www.hossi-im-netz.de\/wordpress\/wp-json\/wp\/v2\/types\/post"}],"author":[{"embeddable":true,"href":"https:\/\/www.hossi-im-netz.de\/wordpress\/wp-json\/wp\/v2\/users\/1"}],"replies":[{"embeddable":true,"href":"https:\/\/www.hossi-im-netz.de\/wordpress\/wp-json\/wp\/v2\/comments?post=7304"}],"version-history":[{"count":1,"href":"https:\/\/www.hossi-im-netz.de\/wordpress\/wp-json\/wp\/v2\/posts\/7304\/revisions"}],"predecessor-version":[{"id":7306,"href":"https:\/\/www.hossi-im-netz.de\/wordpress\/wp-json\/wp\/v2\/posts\/7304\/revisions\/7306"}],"wp:featuredmedia":[{"embeddable":true,"href":"https:\/\/www.hossi-im-netz.de\/wordpress\/wp-json\/wp\/v2\/media\/7305"}],"wp:attachment":[{"href":"https:\/\/www.hossi-im-netz.de\/wordpress\/wp-json\/wp\/v2\/media?parent=7304"}],"wp:term":[{"taxonomy":"category","embeddable":true,"href":"https:\/\/www.hossi-im-netz.de\/wordpress\/wp-json\/wp\/v2\/categories?post=7304"},{"taxonomy":"post_tag","embeddable":true,"href":"https:\/\/www.hossi-im-netz.de\/wordpress\/wp-json\/wp\/v2\/tags?post=7304"},{"taxonomy":"yst_prominent_words","embeddable":true,"href":"https:\/\/www.hossi-im-netz.de\/wordpress\/wp-json\/wp\/v2\/yst_prominent_words?post=7304"}],"curies":[{"name":"wp","href":"https:\/\/api.w.org\/{rel}","templated":true}]}}