{"id":7307,"date":"2017-06-29T05:13:27","date_gmt":"2017-06-29T03:13:27","guid":{"rendered":"http:\/\/www.hossi-im-netz.de\/wordpress\/?p=7307"},"modified":"2017-06-29T05:13:27","modified_gmt":"2017-06-29T03:13:27","slug":"wettervorhersage-brachwitz-wettin-loebejuen-saalekreis-halle-637","status":"publish","type":"post","link":"https:\/\/www.hossi-im-netz.de\/wordpress\/wettervorhersage-brachwitz-wettin-loebejuen-saalekreis-halle-637\/","title":{"rendered":"Wettervorhersage Brachwitz, Wettin-L\u00f6bej\u00fcn, Saalekreis, Halle"},"content":{"rendered":"<p style=\"text-align: justify;\">Wettervorhersage Brachwitz, Wettin-L\u00f6bej\u00fcn, Saalekreis, Halle<\/p>\n<div id=\"attachment_7321\" style=\"width: 838px\" class=\"wp-caption alignnone\"><a href=\"https:\/\/www.hossi-im-netz.de\/wordpress\/vorhersage\/\"><img loading=\"lazy\" decoding=\"async\" aria-describedby=\"caption-attachment-7321\" data-attachment-id=\"7321\" data-permalink=\"https:\/\/www.hossi-im-netz.de\/wordpress\/wettervorhersage-brachwitz-wettin-loebejuen-saalekreis-halle-637\/img_6208\/\" data-orig-file=\"https:\/\/www.hossi-im-netz.de\/wordpress\/wp-content\/uploads\/2017\/06\/IMG_6208.png\" data-orig-size=\"828,302\" data-comments-opened=\"1\" data-image-meta=\"{&quot;aperture&quot;:&quot;0&quot;,&quot;credit&quot;:&quot;&quot;,&quot;camera&quot;:&quot;&quot;,&quot;caption&quot;:&quot;&quot;,&quot;created_timestamp&quot;:&quot;0&quot;,&quot;copyright&quot;:&quot;&quot;,&quot;focal_length&quot;:&quot;0&quot;,&quot;iso&quot;:&quot;0&quot;,&quot;shutter_speed&quot;:&quot;0&quot;,&quot;title&quot;:&quot;&quot;,&quot;orientation&quot;:&quot;0&quot;}\" data-image-title=\"IMG_6208\" data-image-description=\"\" data-image-caption=\"\" data-medium-file=\"https:\/\/www.hossi-im-netz.de\/wordpress\/wp-content\/uploads\/2017\/06\/IMG_6208-300x109.png\" data-large-file=\"https:\/\/www.hossi-im-netz.de\/wordpress\/wp-content\/uploads\/2017\/06\/IMG_6208.png\" class=\"wp-image-7321 size-full\" title=\"Brachwitz, Wetter, Wettin-L\u00f6bej\u00fcn, Saalekreis, Halle\" src=\"https:\/\/www.hossi-im-netz.de\/wordpress\/wp-content\/uploads\/2017\/06\/IMG_6208.png\" alt=\"\" width=\"828\" height=\"302\" srcset=\"https:\/\/www.hossi-im-netz.de\/wordpress\/wp-content\/uploads\/2017\/06\/IMG_6208.png 828w, https:\/\/www.hossi-im-netz.de\/wordpress\/wp-content\/uploads\/2017\/06\/IMG_6208-300x109.png 300w, https:\/\/www.hossi-im-netz.de\/wordpress\/wp-content\/uploads\/2017\/06\/IMG_6208-768x280.png 768w\" sizes=\"auto, (max-width: 828px) 100vw, 828px\" \/><\/a><p id=\"caption-attachment-7321\" class=\"wp-caption-text\">www.yr.no (Klicke auf das Bild)<\/p><\/div>\n<p>&nbsp;<\/p>\n<p>&nbsp;<\/p>\n<p>Vielfach grau und zeitweise etwas Regen.<\/p>\n<p>Wetter- und Warnlage f\u00fcr die n\u00e4chsten 24 Stunden: Eine umfangreiche Tiefdruckzone \u00fcber Zentraleuropa sorgt f\u00fcr wechselhaftes Wetter. In den Morgenstunden gibt es vereinzelt dichte Nebelfelder mit Sichtweiten unterhalb von 150 m.<\/p>\n<p>Am Tage bilden sich Schauer, auch ein kurzes Gewitter ist nicht ganz ausgeschlossen. Dabei muss mit Starkregen zwischen 15 und 25 l\/qm in 1h, kleink\u00f6rnigem Hagel und Windb\u00f6en bis 60 km\/h gerechnet werden. Auf dem Brocken treten starke bis st\u00fcrmische B\u00f6en mit Spitzen bis 75 km\/h (Bft 8) aus West auf.<\/p>\n<p>In der Nacht auf Freitag treten auf dem Brocken zeitweise B\u00f6en bis in den Sturmbereich (bs 85 km\/h, Bft 9) aus West auf. Dar\u00fcber hinaus werden keine Wetterwarnungen erwartet.<\/p>\n<p>Detaillierter Wetterablauf: Heute ist es vielfach stark bew\u00f6lkt oder bedeckt und im Tagesverlauf gibt es Schauer, ganz vereinzelt auch mal ein kurzes Gewitter mit Starkregen. Die H\u00f6chstwerte steigen auf 20 bis 23, im Harz auf 15 bis 20 Grad. Dazu weht ein m\u00e4\u00dfiger westlicher Wind, auf dem Brocken sind st\u00fcrmische B\u00f6en m\u00f6glich. In der Nacht zum Freitag sind im S\u00fcden Auflockerungen m\u00f6glich. Sonst dominieren die Wolken und vornehmlich in der Nordh\u00e4lfte regnet es zeitweise. Die Minima liegen zwischen 16 und 13 Grad, im Harz werden bis 9 Grad erwartet. Der Wind weht m\u00e4\u00dfig aus West bis S\u00fcdwest, auf dem Brocken sind Sturmb\u00f6en m\u00f6glich.<\/p>\n<p>Am Freitag ist es im Norden oft bedeckt und gelegentlich f\u00e4llt noch etwas Regen. Im S\u00fcden sind zum Teil l\u00e4ngere sonnige Abschnitte m\u00f6glich, es k\u00f6nnen sich im Tageverlauf aber Schauer und ganz vereinzelt ein kurzes Gewitter bilden. Es werden Tagesh\u00f6chstwerte zwischen 20 und 23, im Harz zwischen 15 und 20 Grad erwartet. Der Wind weht m\u00e4\u00dfig, im Harz auch frisch. Es sind einzelne Windb\u00f6en m\u00f6glich, auf dem Brocken kann es Sturmb\u00f6en geben. In der Nacht zum Sonnabend lassen die Schauer rasch nach und die Wolkendecke lockert zum Teil st\u00e4rker auf. Die Temperatur sinkt dabei auf 14 bis 11, im Harz bis 9 Grad. Der Wind weht m\u00e4\u00dfig, auf dem Brocken sind anfangs noch Sturmb\u00f6en m\u00f6glich<\/p>\n<p>Am Sonnabend schlie\u00dft sich die Wolkendecke erneut, einzig im S\u00fcdosten sind anfangs noch Wolkenl\u00fccken m\u00f6glich, Dazu f\u00e4llt zeitweise etwas Regen. Es werden Tagesh\u00f6chstwerte zwischen 20 und 23 Grad im Tiefland und zwischen 12 und 20 Grad im Harz erwartet. Bei m\u00e4\u00dfigem Wind aus s\u00fcdwestlicher Richtung muss gebietsweise mit Windb\u00f6en, auf dem Brocken mit Sturmb\u00f6en gerechnet werden. In der Nacht zum Sonntag ist es h\u00e4ufig bedeckt und es regnet teils l\u00e4nger anhaltend. Bei m\u00e4\u00dfigem und teils noch b\u00f6igem Wind aus westlicher Richtung kann die Luft auf 14 bis 10 Grad abk\u00fchlen.<\/p>\n<p>Am Sonntag ist der Himmel h\u00e4ufig wolkenverhangen, nur gelegentlich kann es Auflockerungen geben. Dazu regnet es zeitweise, vor allem am Vormittag. Die Tagesh\u00f6chstwerte liegen zwischen 18 und 21, im Harz um 16 Grad. Der Wind weht m\u00e4\u00dfig und vereinzelt stark b\u00f6ig, im Bergland mit Sturmb\u00f6en. In der Nacht zum Montag lockert der Himmel auf und es bleibt trocken. Bei schwachem Wind aus westlicher Richtung werden Tiefstwerte um 11, im Harz um 9 Grad erwartet.<\/p>\n<p>Deutscher Wetterdienst, RWB Leipzig, Dipl.-Met. Marcus Beyer<\/p>\n<p>&nbsp;<\/p>\n<p>&nbsp;<\/p>\n<p>&nbsp;<\/p>\n<p>&nbsp;<\/p>\n<h3>Mehr Wetter?<\/h3>\n<blockquote class=\"wp-embedded-content\" data-secret=\"z6cw8Q237b\"><p><a href=\"https:\/\/www.hossi-im-netz.de\/wordpress\/vorhersage\/\">Wettervorhersage<\/a><\/p><\/blockquote>\n<p><iframe loading=\"lazy\" class=\"wp-embedded-content\" sandbox=\"allow-scripts\" security=\"restricted\" style=\"position: absolute; clip: rect(1px, 1px, 1px, 1px);\" title=\"&#8222;Wettervorhersage&#8220; &#8212; Wetterstation Brachwitz\" src=\"https:\/\/www.hossi-im-netz.de\/wordpress\/vorhersage\/embed\/#?secret=ukzchD38lp#?secret=z6cw8Q237b\" data-secret=\"z6cw8Q237b\" width=\"600\" height=\"338\" frameborder=\"0\" marginwidth=\"0\" marginheight=\"0\" scrolling=\"no\"><\/iframe><\/p>\n<blockquote class=\"wp-embedded-content\" data-secret=\"kitfBFC3Nr\"><p><a href=\"https:\/\/www.hossi-im-netz.de\/wordpress\/wetterwarnungen\/\">Wetterwarnungen<\/a><\/p><\/blockquote>\n<p><iframe loading=\"lazy\" class=\"wp-embedded-content\" sandbox=\"allow-scripts\" security=\"restricted\" style=\"position: absolute; clip: rect(1px, 1px, 1px, 1px);\" title=\"&#8222;Wetterwarnungen&#8220; &#8212; Wetterstation Brachwitz\" src=\"https:\/\/www.hossi-im-netz.de\/wordpress\/wetterwarnungen\/embed\/#?secret=BtFsli85mU#?secret=kitfBFC3Nr\" data-secret=\"kitfBFC3Nr\" width=\"600\" height=\"338\" frameborder=\"0\" marginwidth=\"0\" marginheight=\"0\" scrolling=\"no\"><\/iframe><\/p>\n<p>&nbsp;<\/p>\n<p>Wettervorhersage Brachwitz, Wettin-L\u00f6bej\u00fcn, Saalekreis, Halle<\/p>\n","protected":false},"excerpt":{"rendered":"<p>Wettervorhersage Brachwitz, Wettin-L\u00f6bej\u00fcn, Saalekreis, Halle &nbsp; &nbsp; Vielfach grau und zeitweise etwas Regen. Wetter- und Warnlage f\u00fcr die n\u00e4chsten 24 Stunden: Eine umfangreiche Tiefdruckzone \u00fcber Zentraleuropa sorgt f\u00fcr wechselhaftes Wetter. In den Morgenstunden gibt es vereinzelt dichte Nebelfelder mit Sichtweiten <span class=\"excerpt-dots\">&hellip;<\/span> <a class=\"more-link\" href=\"https:\/\/www.hossi-im-netz.de\/wordpress\/wettervorhersage-brachwitz-wettin-loebejuen-saalekreis-halle-637\/\"><span class=\"more-msg\">Weiterlesen &rarr;<\/span><\/a><\/p>\n","protected":false},"author":1,"featured_media":0,"comment_status":"open","ping_status":"closed","sticky":false,"template":"","format":"standard","meta":{"_exactmetrics_skip_tracking":false,"_exactmetrics_sitenote_active":false,"_exactmetrics_sitenote_note":"","_exactmetrics_sitenote_category":0,"jetpack_post_was_ever_published":false,"_jetpack_newsletter_access":"","_jetpack_dont_email_post_to_subs":false,"_jetpack_newsletter_tier_id":0,"_jetpack_memberships_contains_paywalled_content":false,"_jetpack_memberships_contains_paid_content":false,"footnotes":"","jetpack_publicize_message":"","jetpack_publicize_feature_enabled":true,"jetpack_social_post_already_shared":true,"jetpack_social_options":{"image_generator_settings":{"template":"highway","default_image_id":0,"font":"","enabled":false},"version":2}},"categories":[37],"tags":[4859,39,4875,4870,4869,4881,4885,4882,4868,4884,4860,4887,5,4883,4873,4872,44,4878,487,4874,4877,4879,4876,63,462,95,4871,4880,4886,1006,231,708,4,94,38,43,96,113],"yst_prominent_words":[1936,5026,2754,5024,1683,1793,4203,2357,5027,5028,5022,2998,2027,1792,1564,2028,5023,1526,2975,5025],"class_list":["post-7307","post","type-post","status-publish","format-standard","hentry","category-wetterblog","tag-beidersee","tag-brachwitz","tag-deutleben","tag-dobis","tag-doeblitz","tag-domnitz","tag-dornitz","tag-doesel","tag-friedrichschwerz","tag-garsena","tag-gimritz","tag-gottgau","tag-halle","tag-kloschwitz","tag-lettewitz","tag-lettin","tag-loebejuen","tag-merbitz","tag-morl","tag-muecheln","tag-nauendorf","tag-neuragozy","tag-neutz-lettewitz","tag-niederschlag","tag-rothenburg","tag-saalekreis","tag-salzmuende","tag-schiepzig","tag-schlettau","tag-taupunkt","tag-temperatur","tag-vorhersage","tag-wetter","tag-wetterbericht","tag-wettervorhersage","tag-wettin","tag-wettin-loebejuen","tag-wind"],"jetpack_publicize_connections":[],"jetpack_featured_media_url":"","jetpack_sharing_enabled":true,"jetpack_shortlink":"https:\/\/wp.me\/p5DnIb-1TR","jetpack-related-posts":[],"jetpack_likes_enabled":true,"_links":{"self":[{"href":"https:\/\/www.hossi-im-netz.de\/wordpress\/wp-json\/wp\/v2\/posts\/7307","targetHints":{"allow":["GET"]}}],"collection":[{"href":"https:\/\/www.hossi-im-netz.de\/wordpress\/wp-json\/wp\/v2\/posts"}],"about":[{"href":"https:\/\/www.hossi-im-netz.de\/wordpress\/wp-json\/wp\/v2\/types\/post"}],"author":[{"embeddable":true,"href":"https:\/\/www.hossi-im-netz.de\/wordpress\/wp-json\/wp\/v2\/users\/1"}],"replies":[{"embeddable":true,"href":"https:\/\/www.hossi-im-netz.de\/wordpress\/wp-json\/wp\/v2\/comments?post=7307"}],"version-history":[{"count":1,"href":"https:\/\/www.hossi-im-netz.de\/wordpress\/wp-json\/wp\/v2\/posts\/7307\/revisions"}],"predecessor-version":[{"id":7322,"href":"https:\/\/www.hossi-im-netz.de\/wordpress\/wp-json\/wp\/v2\/posts\/7307\/revisions\/7322"}],"wp:attachment":[{"href":"https:\/\/www.hossi-im-netz.de\/wordpress\/wp-json\/wp\/v2\/media?parent=7307"}],"wp:term":[{"taxonomy":"category","embeddable":true,"href":"https:\/\/www.hossi-im-netz.de\/wordpress\/wp-json\/wp\/v2\/categories?post=7307"},{"taxonomy":"post_tag","embeddable":true,"href":"https:\/\/www.hossi-im-netz.de\/wordpress\/wp-json\/wp\/v2\/tags?post=7307"},{"taxonomy":"yst_prominent_words","embeddable":true,"href":"https:\/\/www.hossi-im-netz.de\/wordpress\/wp-json\/wp\/v2\/yst_prominent_words?post=7307"}],"curies":[{"name":"wp","href":"https:\/\/api.w.org\/{rel}","templated":true}]}}