{"id":7317,"date":"2017-06-28T13:45:54","date_gmt":"2017-06-28T11:45:54","guid":{"rendered":"http:\/\/www.hossi-im-netz.de\/wordpress\/?p=7317"},"modified":"2017-06-28T13:45:54","modified_gmt":"2017-06-28T11:45:54","slug":"wasser-marsch-sommerwetter-auf-sparflamme","status":"publish","type":"post","link":"https:\/\/www.hossi-im-netz.de\/wordpress\/wasser-marsch-sommerwetter-auf-sparflamme\/","title":{"rendered":"Wasser marsch &#8211; Sommerwetter auf Sparflamme"},"content":{"rendered":"<h2 style=\"text-align: justify;\">Wasser marsch &#8211; Sommerwetter auf Sparflamme<\/h2>\n<p style=\"text-align: justify;\">\nFast p\u00fcnktlich zum Monatswechsel stellt sich die Wetterlage um. Nachdem im Juni vor allem in der S\u00fcdh\u00e4lfte Deutschlands immer wieder von subtropischen Luftmassen, Hitzetagen und tropischen N\u00e4chten die Rede war, \u00e4ndert sich nun das Vokabular. Im heutigen Thema des Tages beleuchten wir die gro\u00dfr\u00e4umige Wetterumstellung und ihre Folgen.<\/p>\n<p style=\"text-align: justify;\">Tief RASMUND leitet heute mit Pauken und Trompeten, siehe Thema des Tages vom gestrigen Dienstag (http:\/\/www.dwd.de\/DE\/wetter\/thema_des_tages\/2017\/6\/27.html) einen markanten Wetterwechsel ein. Statt mit sich immer wieder aufw\u00f6lbenden Hochdruckkeilen \u00fcber Mitteleuropa haben wir es nun mit der Gro\u00dfwetterlage &#8222;Tief Mitteleuropa&#8220; (TM) und im weiteren Verlauf mit Varianten des Typs &#8222;Nordwest&#8220; (NW), mehrheitlich in der tiefdruckgepr\u00e4gten Version, zu tun. Das Azorenhoch befindet sich auf seinem namensgebenden Platz und macht vorerst keine Anstalten diesen f\u00fcr uns wetterwirksam zu verlassen.<\/p>\n<p style=\"text-align: justify;\">Doch was hat dies nun f\u00fcr Folgen f\u00fcr unser Wettergeschehen? Zun\u00e4chst einmal r\u00e4umt Tief RASMUND nach und nach die sehr warme und feuchte Luftmasse aus Deutschland raus und ersetzt sie durch eine k\u00fchlere, allerdings kaum weniger feuchte. Dies bedeutet h\u00e4ufige Niederschl\u00e4ge. Durch die k\u00fchlere und damit energie\u00e4rmere Luft sowie die nur langsame Verlagerung von RASMUND \u00e4ndert sich jedoch der Charakter weg von heftigen Gewittern hin zu l\u00e4nger andauernden und ergiebigen Regenf\u00e4llen, gerne auch als &#8222;Landregen&#8220; betitelt.<\/p>\n<p style=\"text-align: justify;\">Hobbyg\u00e4rtner, Landwirte und auch die Binnenschifffahrt d\u00fcrften diese Nachrichten erfreuen, sind die B\u00f6den vielerorts doch sehr trocken und die Pegelst\u00e4nde der Fl\u00fcsse au\u00dfergew\u00f6hnlich niedrig, anhaltende und vor allem fl\u00e4chige Niederschl\u00e4ge also gern gesehen. Doch Vorsicht: die sehr feuchte Luftmasse bietet Raum f\u00fcr &#8222;atmosph\u00e4rische \u00dcbertreibungen&#8220;. Regional wird es dann schnell zu viel des guten Wassers und Unwetter mit \u00dcberschwemmungen drohen! In der Nacht zum morgigen Donnerstag kann dies zun\u00e4chst im S\u00fcden, am Donnerstag selber sowie in der Nacht zum Freitag dann im Osten und Nordosten der Fall sein.<\/p>\n<p style=\"text-align: justify;\">Das Temperaturniveau wird in der einflie\u00dfenden k\u00fchleren und zus\u00e4tzlich durch die h\u00e4ufig starke Bew\u00f6lkung und wiederholten Niederschl\u00e4ge deutlich ged\u00e4mpft. Von Hitzetagen, das hei\u00dft Werten von mindestens 30 Grad sind wir weit und von Sommertagen (mindestens 25 Grad) auch ein St\u00fcck entfernt. Vor allem im Dauerregen wird selbst die 20-Grad-Marke ein un\u00fcberwindbares Hindernis. Teils zeigt das Thermometer nur 16 oder 17 Grad.<\/p>\n<p style=\"text-align: justify;\">Im Laufe des Wochenendes gibt es dann einen erneuten Wechsel des Wettercharakters. Von Nordwesten erreicht uns ein Schwall nochmal k\u00fchlerer, aber etwas trockener Luft, der die l\u00e4nger andauernden Niederschl\u00e4ge beendet und den Weg zu Schauern und Gewittern ebnet. Diese sollten dann aber ohne Unwetter \u00fcber die B\u00fchne gehen. In den Genuss von stabilerem Wetter k\u00f6nnte der S\u00fcdwesten kommen, dort schiebt sich von Westen her ein Hochdruckkeil langsam herein. Dann sind im Laufe der kommenden Woche in der S\u00fcdwesth\u00e4lfte auch wieder Temperaturen jenseits der &#8222;Sommertagsschwelle&#8220; zu erwarten.<\/p>\n<p style=\"text-align: justify;\">MSc.-Met. Thore Hansen<\/p>\n<p style=\"text-align: justify;\">Deutscher Wetterdienst Vorhersage- und Beratungszentrale Offenbach, den 28.06.2017<\/p>\n<p style=\"text-align: justify;\">Copyright (c) Deutscher Wetterdienst<\/p>\n<p>&nbsp;<\/p>\n<p><a href=\"https:\/\/www.hossi-im-netz.de\/wordpress\/wp-content\/uploads\/2017\/06\/IMG_6198.png\"><img loading=\"lazy\" decoding=\"async\" data-attachment-id=\"7318\" data-permalink=\"https:\/\/www.hossi-im-netz.de\/wordpress\/wasser-marsch-sommerwetter-auf-sparflamme\/img_6198\/\" data-orig-file=\"https:\/\/www.hossi-im-netz.de\/wordpress\/wp-content\/uploads\/2017\/06\/IMG_6198.png\" data-orig-size=\"1280,910\" data-comments-opened=\"1\" data-image-meta=\"{&quot;aperture&quot;:&quot;0&quot;,&quot;credit&quot;:&quot;&quot;,&quot;camera&quot;:&quot;&quot;,&quot;caption&quot;:&quot;&quot;,&quot;created_timestamp&quot;:&quot;0&quot;,&quot;copyright&quot;:&quot;&quot;,&quot;focal_length&quot;:&quot;0&quot;,&quot;iso&quot;:&quot;0&quot;,&quot;shutter_speed&quot;:&quot;0&quot;,&quot;title&quot;:&quot;&quot;,&quot;orientation&quot;:&quot;0&quot;}\" data-image-title=\"Wasser marsch &amp;#8211; Sommerwetter auf Sparflamme\" data-image-description=\"\" data-image-caption=\"\" data-medium-file=\"https:\/\/www.hossi-im-netz.de\/wordpress\/wp-content\/uploads\/2017\/06\/IMG_6198-300x213.png\" data-large-file=\"https:\/\/www.hossi-im-netz.de\/wordpress\/wp-content\/uploads\/2017\/06\/IMG_6198-1024x728.png\" class=\"alignnone size-full wp-image-7318\" src=\"https:\/\/www.hossi-im-netz.de\/wordpress\/wp-content\/uploads\/2017\/06\/IMG_6198.png\" alt=\"Wasser marsch - Sommerwetter auf Sparflamme\" width=\"1280\" height=\"910\" srcset=\"https:\/\/www.hossi-im-netz.de\/wordpress\/wp-content\/uploads\/2017\/06\/IMG_6198.png 1280w, https:\/\/www.hossi-im-netz.de\/wordpress\/wp-content\/uploads\/2017\/06\/IMG_6198-300x213.png 300w, https:\/\/www.hossi-im-netz.de\/wordpress\/wp-content\/uploads\/2017\/06\/IMG_6198-768x546.png 768w, https:\/\/www.hossi-im-netz.de\/wordpress\/wp-content\/uploads\/2017\/06\/IMG_6198-1024x728.png 1024w\" sizes=\"auto, (max-width: 1280px) 100vw, 1280px\" \/><\/a><\/p>\n","protected":false},"excerpt":{"rendered":"<p>Wasser marsch &#8211; Sommerwetter auf Sparflamme Fast p\u00fcnktlich zum Monatswechsel stellt sich die Wetterlage um. Nachdem im Juni vor allem in der S\u00fcdh\u00e4lfte Deutschlands immer wieder von subtropischen Luftmassen, Hitzetagen und tropischen N\u00e4chten die Rede war, \u00e4ndert sich nun das <span class=\"excerpt-dots\">&hellip;<\/span> <a class=\"more-link\" href=\"https:\/\/www.hossi-im-netz.de\/wordpress\/wasser-marsch-sommerwetter-auf-sparflamme\/\"><span class=\"more-msg\">Weiterlesen &rarr;<\/span><\/a><\/p>\n","protected":false},"author":1,"featured_media":7318,"comment_status":"open","ping_status":"closed","sticky":false,"template":"","format":"standard","meta":{"_exactmetrics_skip_tracking":false,"_exactmetrics_sitenote_active":false,"_exactmetrics_sitenote_note":"","_exactmetrics_sitenote_category":0,"jetpack_post_was_ever_published":false,"_jetpack_newsletter_access":"","_jetpack_dont_email_post_to_subs":false,"_jetpack_newsletter_tier_id":0,"_jetpack_memberships_contains_paywalled_content":false,"_jetpack_memberships_contains_paid_content":false,"footnotes":"","jetpack_publicize_message":"","jetpack_publicize_feature_enabled":true,"jetpack_social_post_already_shared":true,"jetpack_social_options":{"image_generator_settings":{"template":"highway","default_image_id":0,"font":"","enabled":false},"version":2}},"categories":[37],"tags":[236,130,5021,721,4983,25,5019,5020,83,5018,4],"yst_prominent_words":[5016,5012,1216,2509,2056,5009,5013,4425,5011,5014,5015,5010,3516,5017,1512,2169,4982,4981,3129,2573],"class_list":["post-7317","post","type-post","status-publish","format-standard","has-post-thumbnail","hentry","category-wetterblog","tag-dauerregen","tag-deutschland","tag-ellen","tag-europa","tag-rasmund","tag-regen","tag-sommerwetter","tag-sparflamme","tag-tief","tag-wasser-marsch","tag-wetter"],"jetpack_publicize_connections":[],"jetpack_featured_media_url":"https:\/\/www.hossi-im-netz.de\/wordpress\/wp-content\/uploads\/2017\/06\/IMG_6198.png","jetpack_sharing_enabled":true,"jetpack_shortlink":"https:\/\/wp.me\/p5DnIb-1U1","jetpack-related-posts":[],"jetpack_likes_enabled":true,"_links":{"self":[{"href":"https:\/\/www.hossi-im-netz.de\/wordpress\/wp-json\/wp\/v2\/posts\/7317","targetHints":{"allow":["GET"]}}],"collection":[{"href":"https:\/\/www.hossi-im-netz.de\/wordpress\/wp-json\/wp\/v2\/posts"}],"about":[{"href":"https:\/\/www.hossi-im-netz.de\/wordpress\/wp-json\/wp\/v2\/types\/post"}],"author":[{"embeddable":true,"href":"https:\/\/www.hossi-im-netz.de\/wordpress\/wp-json\/wp\/v2\/users\/1"}],"replies":[{"embeddable":true,"href":"https:\/\/www.hossi-im-netz.de\/wordpress\/wp-json\/wp\/v2\/comments?post=7317"}],"version-history":[{"count":1,"href":"https:\/\/www.hossi-im-netz.de\/wordpress\/wp-json\/wp\/v2\/posts\/7317\/revisions"}],"predecessor-version":[{"id":7319,"href":"https:\/\/www.hossi-im-netz.de\/wordpress\/wp-json\/wp\/v2\/posts\/7317\/revisions\/7319"}],"wp:featuredmedia":[{"embeddable":true,"href":"https:\/\/www.hossi-im-netz.de\/wordpress\/wp-json\/wp\/v2\/media\/7318"}],"wp:attachment":[{"href":"https:\/\/www.hossi-im-netz.de\/wordpress\/wp-json\/wp\/v2\/media?parent=7317"}],"wp:term":[{"taxonomy":"category","embeddable":true,"href":"https:\/\/www.hossi-im-netz.de\/wordpress\/wp-json\/wp\/v2\/categories?post=7317"},{"taxonomy":"post_tag","embeddable":true,"href":"https:\/\/www.hossi-im-netz.de\/wordpress\/wp-json\/wp\/v2\/tags?post=7317"},{"taxonomy":"yst_prominent_words","embeddable":true,"href":"https:\/\/www.hossi-im-netz.de\/wordpress\/wp-json\/wp\/v2\/yst_prominent_words?post=7317"}],"curies":[{"name":"wp","href":"https:\/\/api.w.org\/{rel}","templated":true}]}}