{"id":7364,"date":"2017-07-07T16:30:25","date_gmt":"2017-07-07T14:30:25","guid":{"rendered":"http:\/\/www.hossi-im-netz.de\/wordpress\/?p=7364"},"modified":"2017-07-07T16:38:48","modified_gmt":"2017-07-07T14:38:48","slug":"gewitter-mit-unwetterpotential-07-2017","status":"publish","type":"post","link":"https:\/\/www.hossi-im-netz.de\/wordpress\/gewitter-mit-unwetterpotential-07-2017\/","title":{"rendered":"Gewitter mit Unwetterpotential 07.07.2017"},"content":{"rendered":"<h2>Gewitter mit Unwetterpotential 07.07.2017<\/h2>\n<p>Uhrzeit: 16:00<\/p>\n<p>Schw\u00fcl und hei\u00df ist es. Das bedeutet jede Menge ENergie f\u00fcr Gewitter. Derzeit schleicht sich eine Zelle von Nordwesten herein. Hauptsache es wird nicht wie vor 2 Jahren.<\/p>\n<p>Passt auf euch auf.<\/p>\n<p>&nbsp;<\/p>\n<p>&nbsp;<\/p>\n<p>&nbsp;<\/p>\n<p>&nbsp;<\/p>\n<h3>Wetterwarnung<\/h3>\n<p>&nbsp;<\/p>\n<p>&nbsp;<\/p>\n<p><a href=\"https:\/\/www.hossi-im-netz.de\/wordpress\/wp-content\/uploads\/2017\/07\/IMG_6360.jpg\"><img loading=\"lazy\" decoding=\"async\" data-attachment-id=\"7365\" data-permalink=\"https:\/\/www.hossi-im-netz.de\/wordpress\/gewitter-mit-unwetterpotential-07-2017\/img_6360\/\" data-orig-file=\"https:\/\/www.hossi-im-netz.de\/wordpress\/wp-content\/uploads\/2017\/07\/IMG_6360.jpg\" data-orig-size=\"1499,2048\" data-comments-opened=\"1\" data-image-meta=\"{&quot;aperture&quot;:&quot;0&quot;,&quot;credit&quot;:&quot;&quot;,&quot;camera&quot;:&quot;&quot;,&quot;caption&quot;:&quot;&quot;,&quot;created_timestamp&quot;:&quot;0&quot;,&quot;copyright&quot;:&quot;&quot;,&quot;focal_length&quot;:&quot;0&quot;,&quot;iso&quot;:&quot;0&quot;,&quot;shutter_speed&quot;:&quot;0&quot;,&quot;title&quot;:&quot;&quot;,&quot;orientation&quot;:&quot;1&quot;}\" data-image-title=\"IMG_6360\" data-image-description=\"\" data-image-caption=\"\" data-medium-file=\"https:\/\/www.hossi-im-netz.de\/wordpress\/wp-content\/uploads\/2017\/07\/IMG_6360-220x300.jpg\" data-large-file=\"https:\/\/www.hossi-im-netz.de\/wordpress\/wp-content\/uploads\/2017\/07\/IMG_6360-750x1024.jpg\" class=\"alignnone wp-image-7365 size-full\" title=\"Unwetter, Starkregen\" src=\"https:\/\/www.hossi-im-netz.de\/wordpress\/wp-content\/uploads\/2017\/07\/IMG_6360.jpg\" alt=\"\" width=\"1499\" height=\"2048\" srcset=\"https:\/\/www.hossi-im-netz.de\/wordpress\/wp-content\/uploads\/2017\/07\/IMG_6360.jpg 1499w, https:\/\/www.hossi-im-netz.de\/wordpress\/wp-content\/uploads\/2017\/07\/IMG_6360-220x300.jpg 220w, https:\/\/www.hossi-im-netz.de\/wordpress\/wp-content\/uploads\/2017\/07\/IMG_6360-768x1049.jpg 768w, https:\/\/www.hossi-im-netz.de\/wordpress\/wp-content\/uploads\/2017\/07\/IMG_6360-750x1024.jpg 750w\" sizes=\"auto, (max-width: 1499px) 100vw, 1499px\" \/><\/a> <a href=\"https:\/\/www.hossi-im-netz.de\/wordpress\/wp-content\/uploads\/2017\/07\/IMG_6359.jpg\"><img loading=\"lazy\" decoding=\"async\" data-attachment-id=\"7366\" data-permalink=\"https:\/\/www.hossi-im-netz.de\/wordpress\/gewitter-mit-unwetterpotential-07-2017\/img_6359\/\" data-orig-file=\"https:\/\/www.hossi-im-netz.de\/wordpress\/wp-content\/uploads\/2017\/07\/IMG_6359.jpg\" data-orig-size=\"1280,720\" data-comments-opened=\"1\" data-image-meta=\"{&quot;aperture&quot;:&quot;0&quot;,&quot;credit&quot;:&quot;&quot;,&quot;camera&quot;:&quot;&quot;,&quot;caption&quot;:&quot;&quot;,&quot;created_timestamp&quot;:&quot;0&quot;,&quot;copyright&quot;:&quot;&quot;,&quot;focal_length&quot;:&quot;0&quot;,&quot;iso&quot;:&quot;0&quot;,&quot;shutter_speed&quot;:&quot;0&quot;,&quot;title&quot;:&quot;&quot;,&quot;orientation&quot;:&quot;1&quot;}\" data-image-title=\"IMG_6359\" data-image-description=\"\" data-image-caption=\"\" data-medium-file=\"https:\/\/www.hossi-im-netz.de\/wordpress\/wp-content\/uploads\/2017\/07\/IMG_6359-300x169.jpg\" data-large-file=\"https:\/\/www.hossi-im-netz.de\/wordpress\/wp-content\/uploads\/2017\/07\/IMG_6359-1024x576.jpg\" class=\"alignnone wp-image-7366 size-full\" src=\"https:\/\/www.hossi-im-netz.de\/wordpress\/wp-content\/uploads\/2017\/07\/IMG_6359.jpg\" alt=\"\" width=\"1280\" height=\"720\" srcset=\"https:\/\/www.hossi-im-netz.de\/wordpress\/wp-content\/uploads\/2017\/07\/IMG_6359.jpg 1280w, https:\/\/www.hossi-im-netz.de\/wordpress\/wp-content\/uploads\/2017\/07\/IMG_6359-300x169.jpg 300w, https:\/\/www.hossi-im-netz.de\/wordpress\/wp-content\/uploads\/2017\/07\/IMG_6359-768x432.jpg 768w, https:\/\/www.hossi-im-netz.de\/wordpress\/wp-content\/uploads\/2017\/07\/IMG_6359-1024x576.jpg 1024w\" sizes=\"auto, (max-width: 1280px) 100vw, 1280px\" \/><\/a><\/p>\n<p><a href=\"https:\/\/www.hossi-im-netz.de\/wordpress\/wp-content\/uploads\/2017\/06\/IMG_6197.jpg\"><img loading=\"lazy\" decoding=\"async\" data-attachment-id=\"7315\" data-permalink=\"https:\/\/www.hossi-im-netz.de\/wordpress\/gewitter-mit-unwetterpotential-28-06-2017\/img_6197\/\" data-orig-file=\"https:\/\/www.hossi-im-netz.de\/wordpress\/wp-content\/uploads\/2017\/06\/IMG_6197.jpg\" data-orig-size=\"1280,720\" data-comments-opened=\"1\" data-image-meta=\"{&quot;aperture&quot;:&quot;0&quot;,&quot;credit&quot;:&quot;&quot;,&quot;camera&quot;:&quot;&quot;,&quot;caption&quot;:&quot;&quot;,&quot;created_timestamp&quot;:&quot;0&quot;,&quot;copyright&quot;:&quot;&quot;,&quot;focal_length&quot;:&quot;0&quot;,&quot;iso&quot;:&quot;0&quot;,&quot;shutter_speed&quot;:&quot;0&quot;,&quot;title&quot;:&quot;&quot;,&quot;orientation&quot;:&quot;1&quot;}\" data-image-title=\"IMG_6197\" data-image-description=\"\" data-image-caption=\"\" data-medium-file=\"https:\/\/www.hossi-im-netz.de\/wordpress\/wp-content\/uploads\/2017\/06\/IMG_6197-300x169.jpg\" data-large-file=\"https:\/\/www.hossi-im-netz.de\/wordpress\/wp-content\/uploads\/2017\/06\/IMG_6197-1024x576.jpg\" class=\"alignnone wp-image-7315 size-full\" src=\"https:\/\/www.hossi-im-netz.de\/wordpress\/wp-content\/uploads\/2017\/06\/IMG_6197.jpg\" alt=\"\" width=\"1280\" height=\"720\" srcset=\"https:\/\/www.hossi-im-netz.de\/wordpress\/wp-content\/uploads\/2017\/06\/IMG_6197.jpg 1280w, https:\/\/www.hossi-im-netz.de\/wordpress\/wp-content\/uploads\/2017\/06\/IMG_6197-300x169.jpg 300w, https:\/\/www.hossi-im-netz.de\/wordpress\/wp-content\/uploads\/2017\/06\/IMG_6197-768x432.jpg 768w, https:\/\/www.hossi-im-netz.de\/wordpress\/wp-content\/uploads\/2017\/06\/IMG_6197-1024x576.jpg 1024w\" sizes=\"auto, (max-width: 1280px) 100vw, 1280px\" \/><\/a><\/p>\n<h2 style=\"text-align: justify;\">\u00a0WARNLAGEBERICHT f\u00fcr Sachsen-Anhalt<\/h2>\n<div>\n<p>ausgegeben vom Deutschen Wetterdienst am Mittwoch, 28.06.2017, 09:33 Uhr<\/p>\n<p>ausgegeben vom Deutschen Wetterdienst am Freitag, 07.07.2017, 15:33 Uhr<\/p>\n<p>\u00d6rtlich starke Gewitter, nachts allm\u00e4hlich abklingend. Am Sonnabend heiter, einzelne Schauer.<\/p>\n<p>Entwicklung der Wetter- und Warnlage f\u00fcr die n\u00e4chsten 24 Stunden bis Samstag, 08.07.2017, 15 Uhr:<\/p>\n<p>Vor\u00fcbergehend wird warme und zu Gewittern neigende Luft nach Sachsen-Anhalt gef\u00fchrt. Nachfolgend flie\u00dft am Sonnabend wieder etwas trockenere Meeresluft ein.<\/p>\n<p>Heute und in der kommenden Nacht k\u00f6nnen \u00f6rtlich starke Gewitter mit Starkregen bis 25 l\/qm in kurzer Zeit, st\u00fcrmischen B\u00f6en bis 74 km\/h (Bft 8) und kleink\u00f6rnigem Hagel auftreten. Mit geringer Wahrscheinlichkeit treten lokal eng begrenzt unwetterartige Entwicklungen mit heftigem Starkregen um 30 l\/qm innerhalb kurzer Zeit, Hagel und Sturmb\u00f6en um 85 km\/h (Bft 9) auf. Die Intensit\u00e4t der Gewitter wird im Nachtverlauf abnehmen. Am Sonnabend tags\u00fcber werden voraussichtlich keine weiteren Wettergefahren erwartet.<\/p>\n<p>Deutscher Wetterdienst, RWB Leipzig, Manuel Voigt<\/p>\n<p><span class=\"embed-youtube\" style=\"text-align:center; display: block;\"><iframe loading=\"lazy\" class=\"youtube-player\" width=\"1360\" height=\"765\" src=\"https:\/\/www.youtube.com\/embed\/T6AucFY_aLI?version=3&#038;rel=1&#038;showsearch=0&#038;showinfo=1&#038;iv_load_policy=1&#038;fs=1&#038;hl=de-DE&#038;autohide=2&#038;wmode=transparent\" allowfullscreen=\"true\" style=\"border:0;\" sandbox=\"allow-scripts allow-same-origin allow-popups allow-presentation allow-popups-to-escape-sandbox\"><\/iframe><\/span><\/p>\n<h3>Synoptische \u00dcbersicht<\/h3>\n<p>&nbsp;<\/p>\n<\/div>\n<div>\n<p>Heute im Tagesverlauf wieder auflebende Gewittert\u00e4tigkeit, dabei lokale Unwetter. Am Samstag Gewitterminimum, am Sonntag von S\u00fcden her wieder zunehmende Wahrscheinlichkeit.<\/p>\n<p>Synoptische Entwicklung bis Sonntag 24 UTC<\/p>\n<p>Freitag&#8230; befindet sich Deutschland unter einer leicht m\u00e4andrierenden westlichen H\u00f6henstr\u00f6mung, in der gerade ein besonders in 300 hPa gut sichtbarer KW-Trog dabei ist, Deutschland ostw\u00e4rts zu passieren. Bis Mittag sollte dieses Unterfangen weitgehend abgeschlossen sein, bevor dann ein noch flacherer, recht breit aufgestellter R\u00fccken auf uns zusteuert. Davor dreht der H\u00f6henwind etwas nach rechts auf W-NW, wobei NVA f\u00fcr eine leichte, aber nicht wirklich durchgreifende Stabilisierung in der mittleren Troposph\u00e4re sorgt. Korrespondierend zum Trog hat sich ein flaches Bodentief gebildet, das am fr\u00fchen Morgen etwa \u00fcber dem Emsland detektiert werden konnte. Es zieht im Tagesverlauf \u00fcber &#8222;G20-Gebiet&#8220; hinweg in Richtung R\u00fcgen. W\u00e4hrend die zugeh\u00f6rige Warmfront noch etwas nach NO vorankommt, wurde auf die Kaltfront in den Nachtanalysen mangels ausreichend Baroklinit\u00e4t verzichtet. Kurzum, in weiten Teilen des Landes macht sich heute potenziell instabile und durch die gestrigen bzw. n\u00e4chtlichen Gewitter zus\u00e4tzlich angefeuchtete Warmluft breit, die eine mehr als solide Grundlage f\u00fcr weitere konvektive Schandtaten bildet. Allerdings lassen abnehmende Scherwerte und fehlende synoptische Strukturen organisierte Konvektion wenig wahrscheinlich werden, so dass eher von Einzel- oder Multizellen ausgegangen werden sollte, die aber &#8211; vor allem im S\u00fcden &#8211; durchaus zu einem gr\u00f6\u00dferen System verclustern k\u00f6nnen. Folgender Ablauf ist nach aktueller Bestandsaufnahme und Sichtung diverser numerischer Produkte vorstellbar: zun\u00e4chst mal ziehen die Gewitterreste aus der Nacht (vor allem S\u00fcdh\u00e4lfte, teils Osten) ostw\u00e4rts ab bzw. schw\u00e4chen sich zusehends ab, sprich, sie laufen in die traditionelle vormitt\u00e4gliche Gewitterdepression hinein. Ob sich die bestehende &#8222;Radarlinie&#8220; im NO dabei noch mal so stark aktiviert wie von einigen Modellen gezeigt (z.B. COSMO-DE), muss vor dem Hintergrund der dort z.Zt. noch lagernden trockeneren Luft bezweifelt werden. Im weiteren Verlauf des Tages kristallisieren sich dann zwei Schwerpunkte heraus, wo die ML-CAPE-Werte, aber auch das PPW ein Maximum aufweisen. Zum einen handelt es sich um einen breiten Streifen, der vom westlichen NDS und dem n\u00f6rdlichen NRW bis nach Sachsen und BB reicht. Dort erreicht die CAPE stellenweise Werte von 1500-2000 J\/kg bei PPWs von rund 35 mm. Selbst wenn die Numerik etwas \u00fcbertreibt, sind das doch solide Randwerte, um einige kr\u00e4ftige Zellen entstehen zu lassen. Es f\u00e4llt allerdings auf, dass die Labilit\u00e4t nach Westen hin nicht so ausgepr\u00e4gt ist wie weiter \u00f6stlich (siehe LapseRates). Fakt ist, dass die CAPE ungedeckelt ist und somit die Konvektion wahrscheinlich schon ab Mittag recht unvermittelt zun\u00e4chst im Bergland, dann aber auch diabatisch getriggert in Gang kommt. Die Hauptgefahr geht dabei von gr\u00f6\u00dferem Hagel und &#8211; obwohl die Zellen bei 850-hPa-Winden von 20 bis 25 Kt ziehen &#8211; Starkregen aus, wobei besonders in der Mitte und nach Osten hin lokale Unwettergefahr besteht. Sturmb\u00f6en sind zwar ebenfalls m\u00f6glich, aufgrund der moderaten H\u00f6henstr\u00f6mung sowie des vergleichsweise geringen Spreads der Luftmasse nicht \u00fcberbordend wahrscheinlich. Der zweite Schwerpunkt potenzieller Gewitter befindet sich im S\u00fcden, sprich in gro\u00dfen Teilen Bayerns und BWs. Dort weist die Luftmasse \u00e4hnliche Qualit\u00e4ten auf wie in o.e. Zone 1. Die Labilit\u00e4t ist sogar noch st\u00e4rker ausgepr\u00e4gt, daf\u00fcr ist die CAPE teilweise gedeckelt. Ausgehend vom Bergland (vielleicht auch durch eine Outflow-Boundary) d\u00fcrfte es trotzdem zur Ausl\u00f6se von (recht hochbasigen) Gewittern kommen, wahrscheinlich aber etwas sp\u00e4ter als weiter n\u00f6rdlich. Lokale Unwetter sind durch Starkregen und gr\u00f6\u00dferen Hagel zu erwarten. Hinzu kommt, dass die Prognosetemps im S\u00fcden eine inverse V-Struktur zeigen, was angesichts der derzeit beobachteten etwas niedrigeren Taupunkte (tw. nur bei 12-14\u00b0C) auch plausibel ist. Dadurch sind bei den Gewittern auch Sturmb\u00f6en ins Kalk\u00fcl zu ziehen, f\u00fcr Orkanb\u00f6en wird es wohl nicht reichen. Auffallend in mehreren Modellen ist der Einschub trockenerer Luft im Westen des Landes (PPWs unter 30 mm, kaum CAPE), der durch aktuelle Beobachtungen (gebietsweise Taupunkte unter 15\u00b0C im Bereich Mosel und Ardennen) real belegt ist. Dort d\u00fcrften Schauer und Gewitter deutlich seltener sein bzw. gar nicht auftreten. Der Chronistenpflicht halber sei noch erw\u00e4hnt, dass die meiste Sonne im S\u00fcden der Republik anzutreffen sein wird, wo es mit 28 bis 33\u00b0C auch am hei\u00dfesten wird (incl. starke W\u00e4rmebelastung). Ganz im Norden reicht es hingegen &#8222;nur&#8220; zu 19 bis 25\u00b0C. Hinzu kommt im S\u00fcden gebietsweise ein vor\u00fcbergehend etwas auflebender SW-Wind (Gradient s\u00fcdlich des Tiefs plus Konvektion), dessen Warnrelevanz aber noch unsicher ist.<\/p>\n<p>In der Nacht zum Samstag halten die konvektiven Umlagerungen gegen ihren n\u00e4chtlichen Hauptfeind &#8222;Tagesgang&#8220; zun\u00e4chst noch stand, bevor sie dann sp\u00e4testens nach Mitternacht schw\u00e4cher werden oder nach S\u00fcdosten abziehen. Gerade am Alpenrand kann es dabei noch l\u00e4ngere Zeit regnen. Im Norden macht sich die Ann\u00e4herung einer neuen Front (Okklusion mit KF-Charakter) in Form dichterer Wolken und etwas Regen bemerkbar. Ansonsten gilt dort, wo es mal f\u00fcr l\u00e4ngere Zeit aufklart, kann sich das eine oder andere Nebelfeld bilden.<\/p>\n<p>Samstag&#8230; bleibt uns die westliche H\u00f6henstr\u00f6mung erhalten. Sie w\u00f6lbt sich infinitesimal auf, so dass sie eine leicht antizyklonal gekr\u00fcmmte Kontur annimmt. Einzig der \u00e4u\u00dferste Norden wird von einem KW-Trog gestreift. Gleichzeitig greift die o.e. Okklusion bzw. Kaltfront auf Norddeutschland \u00fcber, wobei ICON kaum, IFS etwas mehr und GFS am verbreitetsten Regen simuliert. Zwar deuten sich in Verbindung mit der r\u00fcckseitig einstr\u00f6menden erw\u00e4rmten Meereskaltluft konvektive Verst\u00e4rkungen an, f\u00fcr kurze Gewitter wird es wahrscheinlich aber nicht reichen (nicht ausreichend labil genug, kaum CAPE). Eine geringe Restwahrscheinlichkeit besteht vielleicht an der Kaltfront bzw. knapp davor. Ansonsten muss sich derjenige, der Gewitter erleben m\u00f6chte, weit nach S\u00fcden begeben. Dort wird die potenziell instabile Warmluft weit nach S\u00fcden abgedr\u00e4ngt, so dass auf deutscher Seite nur noch der Alpenrand, das unmittelbare Vorland sowie der \u00e4u\u00dferste S\u00fcden von BW \u00fcbrigbleiben. Dort werden \u00e4hnliche ML-CAPE- und PPW-Werte wie heute erreicht. Die Ausl\u00f6se d\u00fcrfte einmal mehr \u00fcber das Bergland erfolgen, wobei die einzelnen Zellen aufgrund ihrer Stehversuche (kaum H\u00f6henstr\u00f6mung) durchaus Unwettercharakter durch Starkregen oder gr\u00f6\u00dferen Hagel annehmen k\u00f6nnen. Sonnentechnisch bleibt die S\u00fcdh\u00e4lfte klar in der Vorhand gegen\u00fcber dem Norden, wo sich gr\u00f6\u00dfere Auflockerungen am ehesten auf die K\u00fcste und die vorgelagerten Inseln kaprizieren. Der Temperaturunterschied zwischen Nord und S\u00fcd bleibt hoch (T850 zwischen 7\u00b0C an der Grenze zu DK und 18\u00b0C an der Grenze zu CH\/A) mit 19-24\u00b0C im Norden, 24 bis 30\u00b0C in der Mitte und 28 bis 24\u00b0C im S\u00fcden.<\/p>\n<p>In der Nacht zum Sonntag w\u00f6lbt sich die H\u00f6henstr\u00f6mung noch etwas auf, w\u00e4hrend von Nordostspanien her ein ausgewiesenes H\u00f6hentief \u00fcber die Pyren\u00e4en auf S\u00fcdfrankreich \u00fcbergreift &#8211; zun\u00e4chst noch ohne Konsequenzen auf unser Wetter. Das verl\u00e4uft ruhig mit nachlassender Konvektion im S\u00fcden und gebietsweise noch etwas Regen an der \u00fcber Norddeutschland allm\u00e4hlich r\u00fcckl\u00e4ufig werdenden Kaltfront.<\/p>\n<p>Sonntag&#8230; verlagert sich das H\u00f6hentief gen Zentralfrankreich, wobei es zunehmend die Kontur eines Troges annimmt. Vorderseitig steilt sich der R\u00fccken \u00fcber Deutschland noch etwas auf bei gleichzeitiger Verlagerung nach Osten bzw. Nordosten. Folgerichtig dreht die H\u00f6henstr\u00f6mung im W und S allm\u00e4hlich auf S\u00fcdwest bis S\u00fcd, wodurch auch die potenziell instabile Warmluft wieder Boden nach Norden hin gutmacht. Erkennbar ist das auch im Bodendruckfeld, wo die \u00fcber Norddeutschland positionierte Luftmassengrenze als Warmfront in Richtung K\u00fcste steuert. \u00dcber SW-Frankreich bildet sich ein flaches frontenloses Tief, das bis zum Tagesende den Norden erreicht. Dabei f\u00e4llt der Luftdruck auch bei uns, was sich in Form einer flachen, Richtung Westdeutschland exponierten Rinne widerspiegelt. Wie auch immer und ohne Details, mit Ausbreitung der potenziell instabilen Warmluft nach Norden (wahrscheinlich zun\u00e4chst mal bis in die mittleren Landesteile) steigt die Gewitterwahrscheinlichkeit im S\u00fcden gegen\u00fcber dem Vortag wieder deutlich an. Aufgrund der niedrigen Scherungswerte sind tags\u00fcber keine organisierten Strukturen zu erwarten, gleichwohl sind lokale Unwetter vor allem durch Starkregen und Hagel wahrscheinlich. Was Timing, Positionierung usw. angeht m\u00fcssen wir noch etwas abwarten. Temperaturm\u00e4\u00dfig \u00e4ndert sich nicht allzu viel gegen\u00fcber dem Vortag.<\/p>\n<p>Modellvergleich und -einsch\u00e4tzung<\/p>\n<p>Das \u00dcbliche: Die grundlegende Entwicklung steht, die Details &#8211; in diesem Fall vornehmlich das konvektive Geschehen betreffend &#8211; nicht. Unsicherheiten wurden im Text erw\u00e4hnt. Aufgrund der heute nur regional begrenzt auftretenden Unwetter wurde auf eine Vorabinformation verzichtet.<\/p>\n<p>Vorhersage- und Beratungszentrale Offenbach Dipl. Met. Jens Hoffmann<\/p>\n<\/div>\n<div><\/div>\n<p>&nbsp;<\/p>\n<p>&nbsp;<\/p>\n<h3>Weiterf\u00fchrende Links<\/h3>\n<blockquote class=\"wp-embedded-content\" data-secret=\"1fp7pSQuCy\"><p><a href=\"https:\/\/www.hossi-im-netz.de\/wordpress\/vorhersage\/cape-faktor-und-lifted-index\/\">CAPE Faktor und Lifted Index<\/a><\/p><\/blockquote>\n<p><iframe loading=\"lazy\" class=\"wp-embedded-content\" sandbox=\"allow-scripts\" security=\"restricted\" style=\"position: absolute; clip: rect(1px, 1px, 1px, 1px);\" title=\"&#8222;CAPE Faktor und Lifted Index&#8220; &#8212; Wetterstation Brachwitz\" src=\"https:\/\/www.hossi-im-netz.de\/wordpress\/vorhersage\/cape-faktor-und-lifted-index\/embed\/#?secret=U7CWK2umSB#?secret=1fp7pSQuCy\" data-secret=\"1fp7pSQuCy\" width=\"600\" height=\"338\" frameborder=\"0\" marginwidth=\"0\" marginheight=\"0\" scrolling=\"no\"><\/iframe><\/p>\n<blockquote class=\"wp-embedded-content\" data-secret=\"QgWhkfzgD7\"><p><a href=\"https:\/\/www.hossi-im-netz.de\/wordpress\/wetter\/aktuelle-grafiken\/\">Aktuelle Grafiken<\/a><\/p><\/blockquote>\n<p><iframe loading=\"lazy\" class=\"wp-embedded-content\" sandbox=\"allow-scripts\" security=\"restricted\" style=\"position: absolute; clip: rect(1px, 1px, 1px, 1px);\" title=\"&#8222;Aktuelle Grafiken&#8220; &#8212; Wetterstation Brachwitz\" src=\"https:\/\/www.hossi-im-netz.de\/wordpress\/wetter\/aktuelle-grafiken\/embed\/#?secret=7WCdNx9B4Y#?secret=QgWhkfzgD7\" data-secret=\"QgWhkfzgD7\" width=\"600\" height=\"338\" frameborder=\"0\" marginwidth=\"0\" marginheight=\"0\" scrolling=\"no\"><\/iframe><\/p>\n<blockquote class=\"wp-embedded-content\" data-secret=\"3buTtpzPYl\"><p><a href=\"https:\/\/www.hossi-im-netz.de\/wordpress\/wetterwarnungen\/\">Wetterwarnungen<\/a><\/p><\/blockquote>\n<p><iframe loading=\"lazy\" class=\"wp-embedded-content\" sandbox=\"allow-scripts\" security=\"restricted\" style=\"position: absolute; clip: rect(1px, 1px, 1px, 1px);\" title=\"&#8222;Wetterwarnungen&#8220; &#8212; Wetterstation Brachwitz\" src=\"https:\/\/www.hossi-im-netz.de\/wordpress\/wetterwarnungen\/embed\/#?secret=r9JRCTRMKV#?secret=3buTtpzPYl\" data-secret=\"3buTtpzPYl\" width=\"600\" height=\"338\" frameborder=\"0\" marginwidth=\"0\" marginheight=\"0\" scrolling=\"no\"><\/iframe><\/p>\n<blockquote class=\"wp-embedded-content\" data-secret=\"A0Z5ba6xlS\"><p><a href=\"https:\/\/www.hossi-im-netz.de\/wordpress\/wetter\/regenradar\/\">Regenradar<\/a><\/p><\/blockquote>\n<p><iframe loading=\"lazy\" class=\"wp-embedded-content\" sandbox=\"allow-scripts\" security=\"restricted\" style=\"position: absolute; clip: rect(1px, 1px, 1px, 1px);\" title=\"&#8222;Regenradar&#8220; &#8212; Wetterstation Brachwitz\" src=\"https:\/\/www.hossi-im-netz.de\/wordpress\/wetter\/regenradar\/embed\/#?secret=kyz7ylqBlK#?secret=A0Z5ba6xlS\" data-secret=\"A0Z5ba6xlS\" width=\"600\" height=\"338\" frameborder=\"0\" marginwidth=\"0\" marginheight=\"0\" scrolling=\"no\"><\/iframe><\/p>\n<blockquote class=\"wp-embedded-content\" data-secret=\"kcztUUUoDI\"><p><a href=\"https:\/\/www.hossi-im-netz.de\/wordpress\/wetter\/blitzortung\/\">Blitzortung<\/a><\/p><\/blockquote>\n<p><iframe loading=\"lazy\" class=\"wp-embedded-content\" sandbox=\"allow-scripts\" security=\"restricted\" style=\"position: absolute; clip: rect(1px, 1px, 1px, 1px);\" title=\"&#8222;Blitzortung&#8220; &#8212; Wetterstation Brachwitz\" src=\"https:\/\/www.hossi-im-netz.de\/wordpress\/wetter\/blitzortung\/embed\/#?secret=30X0ynT8Bh#?secret=kcztUUUoDI\" data-secret=\"kcztUUUoDI\" width=\"600\" height=\"338\" frameborder=\"0\" marginwidth=\"0\" marginheight=\"0\" scrolling=\"no\"><\/iframe><\/p>\n<blockquote class=\"wp-embedded-content\" data-secret=\"xVJ11oT6zu\"><p><a href=\"https:\/\/www.hossi-im-netz.de\/wordpress\/wetter\/wettercam\/\">Wettercam<\/a><\/p><\/blockquote>\n<p><iframe loading=\"lazy\" class=\"wp-embedded-content\" sandbox=\"allow-scripts\" security=\"restricted\" style=\"position: absolute; clip: rect(1px, 1px, 1px, 1px);\" title=\"&#8222;Wettercam&#8220; &#8212; Wetterstation Brachwitz\" src=\"https:\/\/www.hossi-im-netz.de\/wordpress\/wetter\/wettercam\/embed\/#?secret=ycU6SAgCI6#?secret=xVJ11oT6zu\" data-secret=\"xVJ11oT6zu\" width=\"600\" height=\"338\" frameborder=\"0\" marginwidth=\"0\" marginheight=\"0\" scrolling=\"no\"><\/iframe><\/p>\n","protected":false},"excerpt":{"rendered":"<p>Gewitter mit Unwetterpotential 07.07.2017 Uhrzeit: 16:00 Schw\u00fcl und hei\u00df ist es. Das bedeutet jede Menge ENergie f\u00fcr Gewitter. Derzeit schleicht sich eine Zelle von Nordwesten herein. Hauptsache es wird nicht wie vor 2 Jahren. Passt auf euch auf. &nbsp; &nbsp; <span class=\"excerpt-dots\">&hellip;<\/span> <a class=\"more-link\" href=\"https:\/\/www.hossi-im-netz.de\/wordpress\/gewitter-mit-unwetterpotential-07-2017\/\"><span class=\"more-msg\">Weiterlesen &rarr;<\/span><\/a><\/p>\n","protected":false},"author":1,"featured_media":7365,"comment_status":"open","ping_status":"closed","sticky":false,"template":"","format":"standard","meta":{"_exactmetrics_skip_tracking":false,"_exactmetrics_sitenote_active":false,"_exactmetrics_sitenote_note":"","_exactmetrics_sitenote_category":0,"jetpack_post_was_ever_published":false,"_jetpack_newsletter_access":"","_jetpack_dont_email_post_to_subs":false,"_jetpack_newsletter_tier_id":0,"_jetpack_memberships_contains_paywalled_content":false,"_jetpack_memberships_contains_paid_content":false,"footnotes":"","jetpack_publicize_message":"","jetpack_publicize_feature_enabled":true,"jetpack_social_post_already_shared":true,"jetpack_social_options":{"image_generator_settings":{"template":"highway","default_image_id":0,"font":"","enabled":false},"version":2}},"categories":[37],"tags":[4859,39,236,4869,41,93,5,97,4848,5006,4872,4878,5005,4874,4877,452,95,4847,4871,5008,106,5007,71,43,96],"yst_prominent_words":[5083,5081,4532,3267,5094,4466,5096,5095,1120,5092,2858,5088,5082,5093,5091,5097,5089,4481,2453,5098],"class_list":["post-7364","post","type-post","status-publish","format-standard","has-post-thumbnail","hentry","category-wetterblog","tag-beidersee","tag-brachwitz","tag-dauerregen","tag-doeblitz","tag-gewitter","tag-hagel","tag-halle","tag-halle-saale","tag-haendel","tag-heide-nord","tag-lettin","tag-merbitz","tag-moederau","tag-muecheln","tag-nauendorf","tag-orkanboeen","tag-saalekreis","tag-sachen-anhalt","tag-salzmuende","tag-sennewitz","tag-starkregen","tag-trotha","tag-unwetter","tag-wettin","tag-wettin-loebejuen"],"jetpack_publicize_connections":[],"jetpack_featured_media_url":"https:\/\/www.hossi-im-netz.de\/wordpress\/wp-content\/uploads\/2017\/07\/IMG_6360.jpg","jetpack_sharing_enabled":true,"jetpack_shortlink":"https:\/\/wp.me\/p5DnIb-1UM","jetpack-related-posts":[],"jetpack_likes_enabled":true,"_links":{"self":[{"href":"https:\/\/www.hossi-im-netz.de\/wordpress\/wp-json\/wp\/v2\/posts\/7364","targetHints":{"allow":["GET"]}}],"collection":[{"href":"https:\/\/www.hossi-im-netz.de\/wordpress\/wp-json\/wp\/v2\/posts"}],"about":[{"href":"https:\/\/www.hossi-im-netz.de\/wordpress\/wp-json\/wp\/v2\/types\/post"}],"author":[{"embeddable":true,"href":"https:\/\/www.hossi-im-netz.de\/wordpress\/wp-json\/wp\/v2\/users\/1"}],"replies":[{"embeddable":true,"href":"https:\/\/www.hossi-im-netz.de\/wordpress\/wp-json\/wp\/v2\/comments?post=7364"}],"version-history":[{"count":3,"href":"https:\/\/www.hossi-im-netz.de\/wordpress\/wp-json\/wp\/v2\/posts\/7364\/revisions"}],"predecessor-version":[{"id":7369,"href":"https:\/\/www.hossi-im-netz.de\/wordpress\/wp-json\/wp\/v2\/posts\/7364\/revisions\/7369"}],"wp:featuredmedia":[{"embeddable":true,"href":"https:\/\/www.hossi-im-netz.de\/wordpress\/wp-json\/wp\/v2\/media\/7365"}],"wp:attachment":[{"href":"https:\/\/www.hossi-im-netz.de\/wordpress\/wp-json\/wp\/v2\/media?parent=7364"}],"wp:term":[{"taxonomy":"category","embeddable":true,"href":"https:\/\/www.hossi-im-netz.de\/wordpress\/wp-json\/wp\/v2\/categories?post=7364"},{"taxonomy":"post_tag","embeddable":true,"href":"https:\/\/www.hossi-im-netz.de\/wordpress\/wp-json\/wp\/v2\/tags?post=7364"},{"taxonomy":"yst_prominent_words","embeddable":true,"href":"https:\/\/www.hossi-im-netz.de\/wordpress\/wp-json\/wp\/v2\/yst_prominent_words?post=7364"}],"curies":[{"name":"wp","href":"https:\/\/api.w.org\/{rel}","templated":true}]}}