{"id":742,"date":"2015-06-27T13:05:02","date_gmt":"2015-06-27T11:05:02","guid":{"rendered":"http:\/\/www.hossi-im-netz.de\/wordpress\/?p=742"},"modified":"2015-06-27T13:05:02","modified_gmt":"2015-06-27T11:05:02","slug":"die-hitze-kommt-und-bleibt","status":"publish","type":"post","link":"https:\/\/www.hossi-im-netz.de\/wordpress\/die-hitze-kommt-und-bleibt\/","title":{"rendered":"Die Hitze kommt &#8230; und bleibt"},"content":{"rendered":"<h2 style=\"text-align: justify;\">Die Hitze kommt &#8230; und bleibt<\/h2>\n<div>\n<p style=\"text-align: justify;\">Bisher hat der Sommer sich noch von seiner moderaten Seite gezeigt. Zwar gab es schon kurze Hitzephasen, diese wurden dann aber auch wieder rasch von Tiefausl\u00e4ufern abgel\u00f6st, die dann k\u00fchlere Luftmassen mit sich gebracht haben.<\/p>\n<p style=\"text-align: justify;\">Bereits zu Beginn der vergangenen Woche gaben die verschiedenen Modelle erste Hinweise auf eine m\u00f6gliche Hitzewelle, allerdings gab es noch einige gr\u00f6\u00dfere Unsicherheiten. Das betraf insbesondere die Auspr\u00e4gung und die Andauer der Hitze. Diese Unsicherheiten haben aber den ein oder anderen &#8222;Meteorologen&#8220; nicht davon abgehalten, in den Medien die 40 Grad Marke ins Spiel zu bringen. Dabei sollte man wissen, dass die 40 Grad Marke eine au\u00dfergew\u00f6hnlich hohe Temperatur bei uns ist und diese Marke in der Vergangenheitlokal eng begrenzt nur ganz selten \u00fcberschritten wurde.Der im offiziellen Messnetz bisher h\u00f6chste Temperaturwert wurde in Freiburg und Karlsruhe im August 2003 mit 40.2 Grad gemessen.<\/p>\n<p style=\"text-align: justify;\">Und wie es nun eben so ist, wenn man so weit im Voraus eine solch gewagte und mit gro\u00dfen Unsicherheiten behaftete Prognose publiziert &#8230; die 40 Grad sind vorerst nicht in Reichweite! Nichts desto trotz, ein hochsommerlicher und hei\u00dfer Witterungsabschnitt steht gro\u00dfen Teilen von Deutschland im Verlauf der n\u00e4chsten Woche ins Haus. Aber wie kommt es dazu? Daf\u00fcr muss man einen Blick auf die H\u00f6henstr\u00f6mung richten, die einen entscheidenden Anteil an der Wetterentwicklung am Boden hat. In der H\u00f6he gibt es Berge und T\u00e4ler die vereinfach gesagt mit Hochs und Tiefs am Boden in Verbindung gebracht werden k\u00f6nnen.In der j\u00fcngeren Vergangenheitwaren diese Berge nur flach und die T\u00e4ler auch nicht sehr tief. Bei solch einer Konstellation spricht man von einer zonalen gepr\u00e4gten Gro\u00dfwetterlage, bei der sich Tiefdruckgebiete und Hochs rasch abwechseln und damit zu einem typisch wechselhaften Wettercharakter f\u00fchren.<\/p>\n<p style=\"text-align: justify;\">Diese Grundkonstellation ist nun im Begriff sichzu umzustellen. \u00dcber dem \u00f6stlichen Nordatlantik soll sich ein H\u00f6hentrog stark nach S\u00fcden ausweiten. Nutzt man die bildliche Darstellung von oben, kann man von einer deutlichen Vertiefung des Tals sprechen. Nun sind die T\u00e4ler und Berge in der Nordhemisph\u00e4re alle miteinander verbunden. Wenn sich also irgendwo ein tiefes Tal auftut, muss gleichzeitig stromabw\u00e4rts (also \u00f6stlich davon) ein hoher Berg aufget\u00fcrmt werden. Die Berge hei\u00dfen in der Meteorologensprache H\u00f6henr\u00fccken oder Keil. Ein ebensolcher breiter und von Nordafrika bis zum Nordmeer reichenderH\u00f6henkeil beeinflusst abDienstag gro\u00dfe Teile von West- und Mitteleuropa. Die Folge sind Sonne satt und kein Niederschlag. Und noch mehr &#8230; mit der zunehmend auf s\u00fcdliche bis s\u00fcdwestliche Richtungen drehenden Str\u00f6mung werden hei\u00dfe Luftmassen aus Nordafrika und der Sahararegion angezapft. Dies beeinflussen zun\u00e4chst Spanien, Frankreich und England, kommen aber St\u00fcck f\u00fcr St\u00fcck auch in Richtung Deutschland voran, sodass bis zum Freitag fast \u00fcberall die Hitzeschwelle von 30 Grad \u00fcberschritten sein wird. Ausgew\u00e4hlte Beispiele der Temperaturentwicklung kann man in der angeh\u00e4ngten Grafik finden (www.dwd.de , dort unter Thema des Tages auf [mehr] ) klicken.<\/p>\n<p style=\"text-align: justify;\">Wie langanhaltenddie bevorstehende Hitzewelle nun sein wird, ist aufgrund der mit der Vorhersagezeit zunehmenden Unsicherheit noch nicht absehbar.Es spricht allerdings einiges daf\u00fcr, dass es der Sommer nun so richtig wissen m\u00f6chte. Es ist durchaus m\u00f6glich, dass es in einigen Regionen f\u00fcr mindestenseine Woche die Hitzemarke von 30 Grad \u00fcberschritten wird.<\/p>\n<p style=\"text-align: justify;\">Das wiederum birgt nat\u00fcrlich auch Gefahren. Das gilt vor allem f\u00fcr \u00e4ltere und kranke Menschen, aber auch Babies und Kleinkindern macht solch eine langanhaltende Hitze zu schaffen, insbesondere dann, wenn auch die N\u00e4chte keine richtige Erholung mehr bieten. Auch wenn man ersteinmal vermuten w\u00fcrde, dass schwere Gewitter die gr\u00f6\u00dfte Gefahr f\u00fcr Leib und Leben darstellen, sterben tats\u00e4chlich die meisten Menschen durch langanhaltende Hitzewellen. In den Nachrichten waren und sind Indien und Pakistan derzeit ein Thema, der ein oder andere kann sich aber sicher auch noch an den August 2003 erinnern. Klar am schadenstr\u00e4chtigsten sind sehr wohl die Gewitter oder \u00dcberschwemmungen durch Dauerniederschl\u00e4ge und Ihnen gilt daher auch eine gro\u00dfe Beachtung im Warnmanagement. Nichtdestotrotz stellt Hitze eine nicht zu verachtende und oft untersch\u00e4tzte Gefahr dar und das sollte bei aller Vorfreude auf den bevorstehenden hochsommerlichen Witterungsabschnitt nicht vergessen werden.<\/p>\n<p style=\"text-align: justify;\">Dipl.-Met. Marcus Beyer Deutscher Wetterdienst Vorhersage- und Beratungszentrale Offenbach, den 27.06.2015 Copyright (c) <a href=\"http:\/\/www.dwd.de\" target=\"_blank\">Deutscher Wetterdienst<\/a><\/p>\n<\/div>\n<div><\/div>\n<div>\n<div id=\"attachment_743\" style=\"width: 939px\" class=\"wp-caption alignnone\"><a href=\"https:\/\/www.hossi-im-netz.de\/wordpress\/wp-content\/uploads\/2015\/06\/getimg.jsp_.png\"><img loading=\"lazy\" decoding=\"async\" aria-describedby=\"caption-attachment-743\" data-attachment-id=\"743\" data-permalink=\"https:\/\/www.hossi-im-netz.de\/wordpress\/die-hitze-kommt-und-bleibt\/getimg-jsp\/\" data-orig-file=\"https:\/\/www.hossi-im-netz.de\/wordpress\/wp-content\/uploads\/2015\/06\/getimg.jsp_.png\" data-orig-size=\"929,631\" data-comments-opened=\"1\" data-image-meta=\"{&quot;aperture&quot;:&quot;0&quot;,&quot;credit&quot;:&quot;&quot;,&quot;camera&quot;:&quot;&quot;,&quot;caption&quot;:&quot;&quot;,&quot;created_timestamp&quot;:&quot;0&quot;,&quot;copyright&quot;:&quot;&quot;,&quot;focal_length&quot;:&quot;0&quot;,&quot;iso&quot;:&quot;0&quot;,&quot;shutter_speed&quot;:&quot;0&quot;,&quot;title&quot;:&quot;&quot;,&quot;orientation&quot;:&quot;0&quot;}\" data-image-title=\"getimg.jsp\" data-image-description=\"&lt;p&gt;Die Hitze kommt &amp;#8230; und bleibt&lt;\/p&gt;\n\" data-image-caption=\"&lt;p&gt;Die Hitze kommt &amp;#8230; und bleibt&lt;\/p&gt;\n\" data-medium-file=\"https:\/\/www.hossi-im-netz.de\/wordpress\/wp-content\/uploads\/2015\/06\/getimg.jsp_-300x204.png\" data-large-file=\"https:\/\/www.hossi-im-netz.de\/wordpress\/wp-content\/uploads\/2015\/06\/getimg.jsp_.png\" class=\"size-full wp-image-743\" src=\"https:\/\/www.hossi-im-netz.de\/wordpress\/wp-content\/uploads\/2015\/06\/getimg.jsp_.png\" alt=\"Die Hitze kommt ... und bleibt\" width=\"929\" height=\"631\" srcset=\"https:\/\/www.hossi-im-netz.de\/wordpress\/wp-content\/uploads\/2015\/06\/getimg.jsp_.png 929w, https:\/\/www.hossi-im-netz.de\/wordpress\/wp-content\/uploads\/2015\/06\/getimg.jsp_-300x204.png 300w\" sizes=\"auto, (max-width: 929px) 100vw, 929px\" \/><\/a><p id=\"caption-attachment-743\" class=\"wp-caption-text\">Die Hitze kommt &#8230; und bleibt<\/p><\/div>\n<\/div>\n","protected":false},"excerpt":{"rendered":"<p>Die Hitze kommt &#8230; und bleibt Bisher hat der Sommer sich noch von seiner moderaten Seite gezeigt. Zwar gab es schon kurze Hitzephasen, diese wurden dann aber auch wieder rasch von Tiefausl\u00e4ufern abgel\u00f6st, die dann k\u00fchlere Luftmassen mit sich gebracht <span class=\"excerpt-dots\">&hellip;<\/span> <a class=\"more-link\" href=\"https:\/\/www.hossi-im-netz.de\/wordpress\/die-hitze-kommt-und-bleibt\/\"><span class=\"more-msg\">Weiterlesen &rarr;<\/span><\/a><\/p>\n","protected":false},"author":1,"featured_media":0,"comment_status":"open","ping_status":"closed","sticky":false,"template":"","format":"standard","meta":{"_exactmetrics_skip_tracking":false,"_exactmetrics_sitenote_active":false,"_exactmetrics_sitenote_note":"","_exactmetrics_sitenote_category":0,"jetpack_post_was_ever_published":false,"_jetpack_newsletter_access":"","_jetpack_dont_email_post_to_subs":false,"_jetpack_newsletter_tier_id":0,"_jetpack_memberships_contains_paywalled_content":false,"_jetpack_memberships_contains_paid_content":false,"footnotes":"","jetpack_publicize_message":"","jetpack_publicize_feature_enabled":true,"jetpack_social_post_already_shared":true,"jetpack_social_options":{"image_generator_settings":{"template":"highway","default_image_id":0,"font":"","enabled":false},"version":2}},"categories":[37],"tags":[135,75,55,100],"yst_prominent_words":[],"class_list":["post-742","post","type-post","status-publish","format-standard","hentry","category-wetterblog","tag-ferien","tag-hitze","tag-sommer","tag-sommer-2015"],"jetpack_publicize_connections":[],"jetpack_featured_media_url":"","jetpack_sharing_enabled":true,"jetpack_shortlink":"https:\/\/wp.me\/p5DnIb-bY","jetpack-related-posts":[],"jetpack_likes_enabled":true,"_links":{"self":[{"href":"https:\/\/www.hossi-im-netz.de\/wordpress\/wp-json\/wp\/v2\/posts\/742","targetHints":{"allow":["GET"]}}],"collection":[{"href":"https:\/\/www.hossi-im-netz.de\/wordpress\/wp-json\/wp\/v2\/posts"}],"about":[{"href":"https:\/\/www.hossi-im-netz.de\/wordpress\/wp-json\/wp\/v2\/types\/post"}],"author":[{"embeddable":true,"href":"https:\/\/www.hossi-im-netz.de\/wordpress\/wp-json\/wp\/v2\/users\/1"}],"replies":[{"embeddable":true,"href":"https:\/\/www.hossi-im-netz.de\/wordpress\/wp-json\/wp\/v2\/comments?post=742"}],"version-history":[{"count":2,"href":"https:\/\/www.hossi-im-netz.de\/wordpress\/wp-json\/wp\/v2\/posts\/742\/revisions"}],"predecessor-version":[{"id":745,"href":"https:\/\/www.hossi-im-netz.de\/wordpress\/wp-json\/wp\/v2\/posts\/742\/revisions\/745"}],"wp:attachment":[{"href":"https:\/\/www.hossi-im-netz.de\/wordpress\/wp-json\/wp\/v2\/media?parent=742"}],"wp:term":[{"taxonomy":"category","embeddable":true,"href":"https:\/\/www.hossi-im-netz.de\/wordpress\/wp-json\/wp\/v2\/categories?post=742"},{"taxonomy":"post_tag","embeddable":true,"href":"https:\/\/www.hossi-im-netz.de\/wordpress\/wp-json\/wp\/v2\/tags?post=742"},{"taxonomy":"yst_prominent_words","embeddable":true,"href":"https:\/\/www.hossi-im-netz.de\/wordpress\/wp-json\/wp\/v2\/yst_prominent_words?post=742"}],"curies":[{"name":"wp","href":"https:\/\/api.w.org\/{rel}","templated":true}]}}