{"id":7459,"date":"2017-07-19T14:34:49","date_gmt":"2017-07-19T12:34:49","guid":{"rendered":"http:\/\/www.hossi-im-netz.de\/wordpress\/?p=7459"},"modified":"2017-07-19T14:34:49","modified_gmt":"2017-07-19T12:34:49","slug":"mit-der-hitze-kommen-die-schweren-gewitter","status":"publish","type":"post","link":"https:\/\/www.hossi-im-netz.de\/wordpress\/mit-der-hitze-kommen-die-schweren-gewitter\/","title":{"rendered":"Mit der Hitze kommen die schweren Gewitter!"},"content":{"rendered":"<h2 style=\"text-align: justify;\">Mit der Hitze kommen die schweren Gewitter!<\/h2>\n<p style=\"text-align: justify;\">\nMan mischt die unterschiedlichen meteorologischen Zutaten Feuchte, Hitze sowie Windscherung und erh\u00e4lt beste Bedingungen f\u00fcr eine (Schwer)Gewitterlage. Doch wie kommt es zur Ausl\u00f6sung, also zum Aufsteigen der Luft? Passiert dies dynamisch, diabatisch oder orographisch? Am heutigen Mittwoch finden wir alle Prozesse mehr oder weniger vor.<\/p>\n<p style=\"text-align: justify;\">Das Wetter in Deutschland steht am heutigen Mittwoch voll im Zeichen des Hochsommers! Mit einer s\u00fcdwestlichen Str\u00f6mung gelangt hei\u00dfe subtropische Luft aus dem Mittelmeerraum in weite Teile Deutschland und kann in der Nacht sogar bis zu den K\u00fcstenregionen vorsto\u00dfen. Mit Sonnenunterst\u00fctzung werden H\u00f6chstwerte zwischen 25 Grad im Norden und 35 Grad im S\u00fcdwesten erwartet.<\/p>\n<p style=\"text-align: justify;\">Doch die Luft vom Mittelmeer ist mit viel Feuchtigkeit angereichert. Die Hitze f\u00fchlt sich entsprechend sehr dr\u00fcckend und in der Wetterk\u00fcche braut sich eine explosive Mischung zusammen. Meistens fehlt nur der Z\u00fcndmechanismus, um schwere Gewitter auszul\u00f6sen, die dann mit heftigem Starkregen und gr\u00f6\u00dferem Hagel \u00fcber das Land ziehen (vgl. Abb. 1). Am heutigen Mittwoch t\u00fcrmen sich die Wolken \u00fcber dem s\u00fcddeutschen Bergland in der sehr warmen Luft schon ab dem Vormittag hoch auf und entwickeln Schauer und Gewitter. Das erzwungene Aufsteigen an orographischen Hindernissen reicht in diesem Fall aus, um die schw\u00fclwarme (labile) Luftmasse zu z\u00fcnden. Typisch sind da der Schwarzwald, die Alb sowie die Alpen. Aber auch weiter n\u00f6rdlich im Odenwald, dem Hunsr\u00fcck oder dem Th\u00fcringer Wald und Erzgebirge sind im Tagesverlauf Gewitter m\u00f6glich. Diese ziehen nachfolgend durchaus auch in die Regionen abseits der Berge. Aufgrund der jedoch eher langsamen Verlagerungsgeschwindigkeit steht dort dann der heftige Starkregen im Fokus. Lokal k\u00f6nnen 25 bis 50 Liter Regen pro Quadratmeter fallen. Gleicherma\u00dfen ist aufgrund hoher konvektiv verf\u00fcgbarer potentieller Energiemengen auch Gro\u00dfhagel bis 4 cm im Bereich des M\u00f6glichen, der lokal auch in gr\u00f6\u00dferen Mengen vom Himmel fallen kann.<\/p>\n<p style=\"text-align: justify;\">Weiter nach Nordwesten bekommt dies meist noch dynamische Unterst\u00fctzung. Diese ist von Frankreich her im Anmarsch. Ausgehend von Tief &#8222;Zlatan I&#8220; zwischen Island und den Britischen Inseln n\u00e4hert sich eine Luftmassengrenze, die am Nachmittag vom Atlantik her das franz\u00f6sische Festland erreicht. Dieser vorgelagert ist eine Konvergenzlinie (vgl. Wetterlexikon unter: http:\/\/bit.ly\/2teQGvy), die an dem Teiltief &#8222;Zlatan II&#8220; \u00fcber S\u00fcdengland gekoppelt am Abend deutschen Boden betritt (vgl. Abb. 2). Durch das Zusammenstr\u00f6men der Luft an dieser Linie weicht sie in die H\u00f6he aus. Einhergehend setzen vertikale Umw\u00e4lzungen ein, die als Gewitterausl\u00f6sung v\u00f6llig ausreichend sind, sodass sich rasch hochreichende Gewitterwolken auft\u00fcrmen. Anders als im S\u00fcden ist dort die Schubkomponente deutlich erh\u00f6ht. Gr\u00f6\u00dfere vertikale Windscherung (vgl. vertikale Geschwindigkeits- oder Richtungs\u00e4nderung des Windes) l\u00e4sst teilweise auf linienhaft organisierte Strukturen schlie\u00dfen, die auch Bogenformen annehmen k\u00f6nnen. Diese sind ein typisches Zeichen f\u00fcr hohe Spitzenb\u00f6en, sodass Windgeschwindigkeiten bis 100 km\/h, lokal sogar bis 115 km\/h m\u00f6glich sind. Dazu ist auch gr\u00f6\u00dferer Hagel bis 4 cm zu erwarten. Der heftige Starkregen kann zun\u00e4chst Werte zwischen 15 und 30 Liter, in der Nacht aber zunehmend bis 40 Liter oder mehr pro Stunde erreichen.<\/p>\n<p style=\"text-align: justify;\">Auch der Donnerstag steht verbreitet im Zeichen der Gewitter. Besonders im Norden und Osten kracht es h\u00e4ufig und kr\u00e4ftig. Auch im S\u00fcdosten sind in der dort noch feuchten und hei\u00dfen Luft erneut Gewitter mit Unwetterpotential zu erwarten. Gebietsweise treten heftiger Starkregen und gr\u00f6\u00dferer Hagel auf. Dabei wird es bei Werten zwischen 20 und 31 Grad allgemein nicht mehr ganz so hei\u00df.<\/p>\n<p style=\"text-align: justify;\">Dipl.-Met. Lars Kirchh\u00fcbel<\/p>\n<p style=\"text-align: justify;\">Deutscher Wetterdienst Vorhersage- und Beratungszentrale Offenbach, den 19.07.2017<\/p>\n<p style=\"text-align: justify;\">Copyright (c) Deutscher Wetterdienst<\/p>\n<p>&nbsp;<\/p>\n<p><a href=\"https:\/\/www.hossi-im-netz.de\/wordpress\/wp-content\/uploads\/2017\/07\/IMG_6616.png\"><img loading=\"lazy\" decoding=\"async\" data-attachment-id=\"7460\" data-permalink=\"https:\/\/www.hossi-im-netz.de\/wordpress\/mit-der-hitze-kommen-die-schweren-gewitter\/img_6616\/\" data-orig-file=\"https:\/\/www.hossi-im-netz.de\/wordpress\/wp-content\/uploads\/2017\/07\/IMG_6616.png\" data-orig-size=\"696,886\" data-comments-opened=\"1\" data-image-meta=\"{&quot;aperture&quot;:&quot;0&quot;,&quot;credit&quot;:&quot;&quot;,&quot;camera&quot;:&quot;&quot;,&quot;caption&quot;:&quot;&quot;,&quot;created_timestamp&quot;:&quot;0&quot;,&quot;copyright&quot;:&quot;&quot;,&quot;focal_length&quot;:&quot;0&quot;,&quot;iso&quot;:&quot;0&quot;,&quot;shutter_speed&quot;:&quot;0&quot;,&quot;title&quot;:&quot;&quot;,&quot;orientation&quot;:&quot;0&quot;}\" data-image-title=\"Mit der Hitze kommen die schweren Gewitter!\" data-image-description=\"\" data-image-caption=\"\" data-medium-file=\"https:\/\/www.hossi-im-netz.de\/wordpress\/wp-content\/uploads\/2017\/07\/IMG_6616-236x300.png\" data-large-file=\"https:\/\/www.hossi-im-netz.de\/wordpress\/wp-content\/uploads\/2017\/07\/IMG_6616.png\" class=\"alignnone size-full wp-image-7460\" src=\"https:\/\/www.hossi-im-netz.de\/wordpress\/wp-content\/uploads\/2017\/07\/IMG_6616.png\" alt=\"Mit der Hitze kommen die schweren Gewitter!\" width=\"696\" height=\"886\" srcset=\"https:\/\/www.hossi-im-netz.de\/wordpress\/wp-content\/uploads\/2017\/07\/IMG_6616.png 696w, https:\/\/www.hossi-im-netz.de\/wordpress\/wp-content\/uploads\/2017\/07\/IMG_6616-236x300.png 236w\" sizes=\"auto, (max-width: 696px) 100vw, 696px\" \/><\/a><\/p>\n","protected":false},"excerpt":{"rendered":"<p>Mit der Hitze kommen die schweren Gewitter! Man mischt die unterschiedlichen meteorologischen Zutaten Feuchte, Hitze sowie Windscherung und erh\u00e4lt beste Bedingungen f\u00fcr eine (Schwer)Gewitterlage. Doch wie kommt es zur Ausl\u00f6sung, also zum Aufsteigen der Luft? Passiert dies dynamisch, diabatisch oder <span class=\"excerpt-dots\">&hellip;<\/span> <a class=\"more-link\" href=\"https:\/\/www.hossi-im-netz.de\/wordpress\/mit-der-hitze-kommen-die-schweren-gewitter\/\"><span class=\"more-msg\">Weiterlesen &rarr;<\/span><\/a><\/p>\n","protected":false},"author":1,"featured_media":7460,"comment_status":"open","ping_status":"closed","sticky":false,"template":"","format":"standard","meta":{"_exactmetrics_skip_tracking":false,"_exactmetrics_sitenote_active":false,"_exactmetrics_sitenote_note":"","_exactmetrics_sitenote_category":0,"jetpack_post_was_ever_published":false,"_jetpack_newsletter_access":"","_jetpack_dont_email_post_to_subs":false,"_jetpack_newsletter_tier_id":0,"_jetpack_memberships_contains_paywalled_content":false,"_jetpack_memberships_contains_paid_content":false,"footnotes":"","jetpack_publicize_message":"","jetpack_publicize_feature_enabled":true,"jetpack_social_post_already_shared":true,"jetpack_social_options":{"image_generator_settings":{"template":"highway","default_image_id":0,"font":"","enabled":false},"version":2}},"categories":[37],"tags":[5295,41,93,75,5298,3104,5297,106,344,5296,5299],"yst_prominent_words":[5291,5294,1216,1411,3267,5290,4466,5289,2259,5288,2969,2162,4374,1420,2858,4481,5293,4822,5292,3568],"class_list":["post-7459","post","type-post","status-publish","format-standard","has-post-thumbnail","hentry","category-wetterblog","tag-feuchte","tag-gewitter","tag-hagel","tag-hitze","tag-irmingard","tag-orkanartige-boeen","tag-schwergewitter","tag-starkregen","tag-sturmboeen","tag-windscherung","tag-zlatan"],"jetpack_publicize_connections":[],"jetpack_featured_media_url":"https:\/\/www.hossi-im-netz.de\/wordpress\/wp-content\/uploads\/2017\/07\/IMG_6616.png","jetpack_sharing_enabled":true,"jetpack_shortlink":"https:\/\/wp.me\/p5DnIb-1Wj","jetpack-related-posts":[],"jetpack_likes_enabled":true,"_links":{"self":[{"href":"https:\/\/www.hossi-im-netz.de\/wordpress\/wp-json\/wp\/v2\/posts\/7459","targetHints":{"allow":["GET"]}}],"collection":[{"href":"https:\/\/www.hossi-im-netz.de\/wordpress\/wp-json\/wp\/v2\/posts"}],"about":[{"href":"https:\/\/www.hossi-im-netz.de\/wordpress\/wp-json\/wp\/v2\/types\/post"}],"author":[{"embeddable":true,"href":"https:\/\/www.hossi-im-netz.de\/wordpress\/wp-json\/wp\/v2\/users\/1"}],"replies":[{"embeddable":true,"href":"https:\/\/www.hossi-im-netz.de\/wordpress\/wp-json\/wp\/v2\/comments?post=7459"}],"version-history":[{"count":1,"href":"https:\/\/www.hossi-im-netz.de\/wordpress\/wp-json\/wp\/v2\/posts\/7459\/revisions"}],"predecessor-version":[{"id":7461,"href":"https:\/\/www.hossi-im-netz.de\/wordpress\/wp-json\/wp\/v2\/posts\/7459\/revisions\/7461"}],"wp:featuredmedia":[{"embeddable":true,"href":"https:\/\/www.hossi-im-netz.de\/wordpress\/wp-json\/wp\/v2\/media\/7460"}],"wp:attachment":[{"href":"https:\/\/www.hossi-im-netz.de\/wordpress\/wp-json\/wp\/v2\/media?parent=7459"}],"wp:term":[{"taxonomy":"category","embeddable":true,"href":"https:\/\/www.hossi-im-netz.de\/wordpress\/wp-json\/wp\/v2\/categories?post=7459"},{"taxonomy":"post_tag","embeddable":true,"href":"https:\/\/www.hossi-im-netz.de\/wordpress\/wp-json\/wp\/v2\/tags?post=7459"},{"taxonomy":"yst_prominent_words","embeddable":true,"href":"https:\/\/www.hossi-im-netz.de\/wordpress\/wp-json\/wp\/v2\/yst_prominent_words?post=7459"}],"curies":[{"name":"wp","href":"https:\/\/api.w.org\/{rel}","templated":true}]}}