{"id":7517,"date":"2017-07-26T13:23:12","date_gmt":"2017-07-26T11:23:12","guid":{"rendered":"http:\/\/www.hossi-im-netz.de\/wordpress\/?p=7517"},"modified":"2017-07-26T13:23:12","modified_gmt":"2017-07-26T11:23:12","slug":"tief-alfred-nah-am-wasser-gebaut","status":"publish","type":"post","link":"https:\/\/www.hossi-im-netz.de\/wordpress\/tief-alfred-nah-am-wasser-gebaut\/","title":{"rendered":"Tief ALFRED &#8211; nah am Wasser gebaut"},"content":{"rendered":"<h2 style=\"text-align: justify;\">Tief ALFRED &#8211; nah am Wasser gebaut<\/h2>\n<p style=\"text-align: justify;\">\nIn weiten Teilen Deutschlands regnet es schon seit 2 Tagen. Mit den bisherigen Regensummen und einem Ausblick auf den noch zu erwartenden Niederschlag besch\u00e4ftigt sich heute das Thema des Tages.<\/p>\n<p style=\"text-align: justify;\">Nat\u00fcrlich ist auch am heutigen Mittwoch die Dauerregensituation meteorologisch DAS Thema des Tages. Schlie\u00dflich sind in den vergangenen 48 Stunden durch Tief ALFRED wirklich bemerkenswerte Niederschlagsmengen zusammen gekommen. Und die Situation h\u00e4lt, zumindest in den \u00f6stlichen und s\u00fcd\u00f6stlichen Landesteilen, noch bis in die Fr\u00fchstunden des morgigen Donnerstags an. Erst dann werden die letzten Regengebiete von Tief ALFRED nach Osten abgezogen sein. Das hei\u00dft \u00fcbrigens nicht, dass es dann insgesamt trocken bleibt. Aber die Niederschlagsmengen pendeln sich wieder auf einem f\u00fcr mitteleurop\u00e4ische Sommer &#8222;normalen&#8220; Niveau ein.<\/p>\n<p style=\"text-align: justify;\">Heute ist es jedoch die Pflicht des Chronisten, dar\u00fcber zu berichten, wie sich der Regen in den vergangenen zwei Tagen aufsummiert hat. In vielen Regionen Deutschlands wurden Regenmengen zwischen 50 und 80 mm (Liter pro Quadratmeter) gemessen. Besonders betroffen war ein Streifen vom s\u00fcdlichen Niedersachsen \u00fcber Teile Th\u00fcringens und Hessens bis in den Norden Bayerns (siehe Grafik, linkes Bild). Dort sind recht verbreitet mehr als 100 mm von den Messt\u00f6pfen aufgefangen worden, so zum Beispiel im th\u00fcringischen Helbed\u00fcndorf 134 mm und in Hessisch-Lichtenau 111 mm.<\/p>\n<p style=\"text-align: justify;\">Spitzenreiter ist (abgesehen von den Bergstationen, speziell dem Brocken) aber Hahausen bei Seesen, eine Gemeinde im Landkreis Goslar am Nordwestrand des Harzes. In 48 Stunden sind dort 171 mm gemessen worden, im benachbarten Seesen 161 mm (siehe Grafik). Um diesen Wert einordnen zu k\u00f6nnen, muss man einen Blick in die Klimadaten der Region werfen. Dabei stellt man fest, dass in einem &#8222;normalen&#8220; Juli dort etwa 100 mm Regen zu erwarten sind &#8211; insgesamt. Diese Menge ist also um die H\u00e4lfte \u00fcbertroffen worden, und das in zwei Tagen.<\/p>\n<p style=\"text-align: justify;\">R\u00fcckt man die Klimatologie in den Vordergrund, so ist auch die s\u00fcd\u00f6stliche Harzseite sehr interessant. Diese ist n\u00e4mlich in der Regel recht trocken, da sie im Windschatten des Harzes liegt und sich die Wolken oft schon abgeregnet haben, wenn sie dort ankommen. So fallen in Artern an der Unstrut in einem durchschnittlichen Juli etwa 70 mm Niederschlag. Die aktuelle Dauerregensituation brachte 115 mm. Und davon fielen in den drei Stunden von Dienstag 02 Uhr MESZ bis 05 Uhr MESZ atemberaubende 72 (!!!!) mm.<\/p>\n<p style=\"text-align: justify;\">Richtet man den Blick nach vorn, so stellt sich nat\u00fcrlich die Frage, was noch zu erwarten ist von ALFRED, dem Tief, das eindeutig &#8222;zu nah am Wasser gebaut&#8220; ist? Und da gibt es gute Nachrichten: Das Ende der Dauerregenlage zeichnet sich ab. Von der Ostsee bis zu den Alpen regnet es heute noch verbreitet, die Nacht wird auch von Vorpommern bis zum Osterzgebirge und in S\u00fcdostbayern noch nass (siehe Grafik, rechtes Bild). Morgen fr\u00fch sollten die Regenwolken von Tief ALFRED dann aber weitgehend abgezogen sein.<\/p>\n<p style=\"text-align: justify;\">P.S.: F\u00fcr alle, die sich auch f\u00fcr die Folgen des Regens, sprich die Hochwassersituation interessieren, hier der Link zu den Hochwasserzentralen: http:\/\/www.hochwasserzentralen.de\/<\/p>\n<p style=\"text-align: justify;\">Dipl.-Met. Martin Jonas<\/p>\n<p style=\"text-align: justify;\">Deutscher Wetterdienst Vorhersage- und Beratungszentrale Offenbach, den 26.07.2017<\/p>\n<p style=\"text-align: justify;\">Copyright (c) Deutscher Wetterdienst<\/p>\n<p>&nbsp;<\/p>\n<p><a href=\"https:\/\/www.hossi-im-netz.de\/wordpress\/wp-content\/uploads\/2017\/07\/IMG_6743.png\"><img loading=\"lazy\" decoding=\"async\" data-attachment-id=\"7518\" data-permalink=\"https:\/\/www.hossi-im-netz.de\/wordpress\/tief-alfred-nah-am-wasser-gebaut\/img_6743\/\" data-orig-file=\"https:\/\/www.hossi-im-netz.de\/wordpress\/wp-content\/uploads\/2017\/07\/IMG_6743.png\" data-orig-size=\"911,622\" data-comments-opened=\"1\" data-image-meta=\"{&quot;aperture&quot;:&quot;0&quot;,&quot;credit&quot;:&quot;&quot;,&quot;camera&quot;:&quot;&quot;,&quot;caption&quot;:&quot;&quot;,&quot;created_timestamp&quot;:&quot;0&quot;,&quot;copyright&quot;:&quot;&quot;,&quot;focal_length&quot;:&quot;0&quot;,&quot;iso&quot;:&quot;0&quot;,&quot;shutter_speed&quot;:&quot;0&quot;,&quot;title&quot;:&quot;&quot;,&quot;orientation&quot;:&quot;0&quot;}\" data-image-title=\"Tief ALFRED &amp;#8211; nah am Wasser gebaut\" data-image-description=\"\" data-image-caption=\"\" data-medium-file=\"https:\/\/www.hossi-im-netz.de\/wordpress\/wp-content\/uploads\/2017\/07\/IMG_6743-300x205.png\" data-large-file=\"https:\/\/www.hossi-im-netz.de\/wordpress\/wp-content\/uploads\/2017\/07\/IMG_6743.png\" class=\"alignnone size-full wp-image-7518\" src=\"https:\/\/www.hossi-im-netz.de\/wordpress\/wp-content\/uploads\/2017\/07\/IMG_6743.png\" alt=\"\" width=\"911\" height=\"622\" srcset=\"https:\/\/www.hossi-im-netz.de\/wordpress\/wp-content\/uploads\/2017\/07\/IMG_6743.png 911w, https:\/\/www.hossi-im-netz.de\/wordpress\/wp-content\/uploads\/2017\/07\/IMG_6743-300x205.png 300w, https:\/\/www.hossi-im-netz.de\/wordpress\/wp-content\/uploads\/2017\/07\/IMG_6743-768x524.png 768w\" sizes=\"auto, (max-width: 911px) 100vw, 911px\" \/><\/a><\/p>\n","protected":false},"excerpt":{"rendered":"<p>Tief ALFRED &#8211; nah am Wasser gebaut In weiten Teilen Deutschlands regnet es schon seit 2 Tagen. Mit den bisherigen Regensummen und einem Ausblick auf den noch zu erwartenden Niederschlag besch\u00e4ftigt sich heute das Thema des Tages. Nat\u00fcrlich ist auch <span class=\"excerpt-dots\">&hellip;<\/span> <a class=\"more-link\" href=\"https:\/\/www.hossi-im-netz.de\/wordpress\/tief-alfred-nah-am-wasser-gebaut\/\"><span class=\"more-msg\">Weiterlesen &rarr;<\/span><\/a><\/p>\n","protected":false},"author":1,"featured_media":7518,"comment_status":"open","ping_status":"closed","sticky":false,"template":"","format":"standard","meta":{"_exactmetrics_skip_tracking":false,"_exactmetrics_sitenote_active":false,"_exactmetrics_sitenote_note":"","_exactmetrics_sitenote_category":0,"jetpack_post_was_ever_published":false,"_jetpack_newsletter_access":"","_jetpack_dont_email_post_to_subs":false,"_jetpack_newsletter_tier_id":0,"_jetpack_memberships_contains_paywalled_content":false,"_jetpack_memberships_contains_paid_content":false,"footnotes":"","jetpack_publicize_message":"","jetpack_publicize_feature_enabled":true,"jetpack_social_post_already_shared":true,"jetpack_social_options":{"image_generator_settings":{"template":"highway","default_image_id":0,"font":"","enabled":false},"version":2}},"categories":[37],"tags":[5412,236,234,55],"yst_prominent_words":[4387,2193,5411,5408,4389,1216,2256,5409,4491,3352,2168,5410,3961,1210,1630,5406,5166,1606,1577,5407],"class_list":["post-7517","post","type-post","status-publish","format-standard","has-post-thumbnail","hentry","category-wetterblog","tag-alfred","tag-dauerregen","tag-hochwasser","tag-sommer"],"jetpack_publicize_connections":[],"jetpack_featured_media_url":"https:\/\/www.hossi-im-netz.de\/wordpress\/wp-content\/uploads\/2017\/07\/IMG_6743.png","jetpack_sharing_enabled":true,"jetpack_shortlink":"https:\/\/wp.me\/p5DnIb-1Xf","jetpack-related-posts":[],"jetpack_likes_enabled":true,"_links":{"self":[{"href":"https:\/\/www.hossi-im-netz.de\/wordpress\/wp-json\/wp\/v2\/posts\/7517","targetHints":{"allow":["GET"]}}],"collection":[{"href":"https:\/\/www.hossi-im-netz.de\/wordpress\/wp-json\/wp\/v2\/posts"}],"about":[{"href":"https:\/\/www.hossi-im-netz.de\/wordpress\/wp-json\/wp\/v2\/types\/post"}],"author":[{"embeddable":true,"href":"https:\/\/www.hossi-im-netz.de\/wordpress\/wp-json\/wp\/v2\/users\/1"}],"replies":[{"embeddable":true,"href":"https:\/\/www.hossi-im-netz.de\/wordpress\/wp-json\/wp\/v2\/comments?post=7517"}],"version-history":[{"count":1,"href":"https:\/\/www.hossi-im-netz.de\/wordpress\/wp-json\/wp\/v2\/posts\/7517\/revisions"}],"predecessor-version":[{"id":7519,"href":"https:\/\/www.hossi-im-netz.de\/wordpress\/wp-json\/wp\/v2\/posts\/7517\/revisions\/7519"}],"wp:featuredmedia":[{"embeddable":true,"href":"https:\/\/www.hossi-im-netz.de\/wordpress\/wp-json\/wp\/v2\/media\/7518"}],"wp:attachment":[{"href":"https:\/\/www.hossi-im-netz.de\/wordpress\/wp-json\/wp\/v2\/media?parent=7517"}],"wp:term":[{"taxonomy":"category","embeddable":true,"href":"https:\/\/www.hossi-im-netz.de\/wordpress\/wp-json\/wp\/v2\/categories?post=7517"},{"taxonomy":"post_tag","embeddable":true,"href":"https:\/\/www.hossi-im-netz.de\/wordpress\/wp-json\/wp\/v2\/tags?post=7517"},{"taxonomy":"yst_prominent_words","embeddable":true,"href":"https:\/\/www.hossi-im-netz.de\/wordpress\/wp-json\/wp\/v2\/yst_prominent_words?post=7517"}],"curies":[{"name":"wp","href":"https:\/\/api.w.org\/{rel}","templated":true}]}}