{"id":7658,"date":"2017-08-15T13:57:44","date_gmt":"2017-08-15T11:57:44","guid":{"rendered":"http:\/\/www.hossi-im-netz.de\/wordpress\/?p=7658"},"modified":"2017-08-15T13:57:44","modified_gmt":"2017-08-15T11:57:44","slug":"fruehtemperaturen-unterschiede-wie-tag-und-nacht","status":"publish","type":"post","link":"https:\/\/www.hossi-im-netz.de\/wordpress\/fruehtemperaturen-unterschiede-wie-tag-und-nacht\/","title":{"rendered":"Fr\u00fchtemperaturen: Unterschiede wie Tag und Nacht"},"content":{"rendered":"<h2 style=\"text-align: justify;\">Fr\u00fchtemperaturen: Unterschiede wie Tag und Nacht<\/h2>\n<p style=\"text-align: justify;\">\nIm Norden des Landes mag der ein oder andere am gestrigen Montag (14.08.2017) von den f\u00fcr August tiefen und heute fr\u00fch von den deutlich h\u00f6heren morgendlichen Temperaturen \u00fcberrascht worden sein. Wir kl\u00e4ren, wie es zu diesem &#8222;ruhigen&#8220;, aber doch eindrucksvollen Temperaturanstieg von zum Teil mehr als 10 Grad kam.<\/p>\n<p style=\"text-align: justify;\">Keine Front, kein aufziehender Sturm und doch, die Wetterwelt war insbesondere &#8222;gef\u00fchlt&#8220; im Norden heute fr\u00fch eine ganz andere als noch zum Start in die Woche. War gestern fr\u00fch vor allem f\u00fcr Radfahrer der Griff zur M\u00fctze sinnvoll, konnte man es heute vielerorts wagen, das Haus sogar ohne Jacke zu verlassen.<\/p>\n<p style=\"text-align: justify;\">Der Blick auf die Tiefstwerte der vergangenen beiden N\u00e4chte verr\u00e4t zwei v\u00f6llig unterschiedliche Temperaturregimes. In der Nacht zum Montag sanken die Temperaturen n\u00f6rdlich der Mittelgebirge verbreitet in den einstelligen Bereich. Am k\u00e4ltesten war es in Quickborn, nur wenig n\u00f6rdlich von Hamburg. Erst bei 4,4 Grad war das Ende der n\u00e4chtlichen Ausk\u00fchlung erreicht, am Erdboden war man sogar nur noch 2,1 Grad von der Frostgrenze entfernt. Damit wurde der bisherige Rekord f\u00fcr Mitte August mit 3,4 Grad vom 18.08.1988 nur knapp verfehlt. \u00c4hnlich frisch war es in Worpswede-H\u00fcttenbusch etwas nord\u00f6stlich von Bremen mit 4,7 Grad in 2 m H\u00f6he.<\/p>\n<p style=\"text-align: justify;\">Wie aus einer anderen Klimazone muten dagegen die Werte der heutigen Fr\u00fchstunden an. Von einstelligen Werten waren wir weit entfernt, gebietsweise lagen die Tiefsttemperaturen sogar oberhalb der 15-Grad-Marke. An den zuvor genannten beiden &#8222;K\u00e4ltel\u00f6chern&#8220; der vorausgegangenen Nacht war es mit jeweils 15,7 Grad rund 11 Grad w\u00e4rmer als 24 Stunden zuvor. Statt zu fr\u00f6steln kam man auf dem Weg zur Arbeit bei sportlicher Bet\u00e4tigung in der milden Luft dann eher ins Schwitzen.<\/p>\n<p style=\"text-align: justify;\">Um den gro\u00dfen Temperaturunterschied zu erkl\u00e4ren, braucht es vor allem eine Erkl\u00e4rung f\u00fcr die tiefen Werte am Montagmorgen. Die &#8222;\u00dcbelt\u00e4ter&#8220; hierf\u00fcr sind schnell gefunden: Sie hie\u00dfen &#8222;eingeflossene subpolare Kaltluft&#8220;, klarer Himmel und durch die Lage im Zentrum eines Hochdruckgebietes zudem schwacher Wind. Diese Kombination ist zu jeder Jahreszeit ein Garant f\u00fcr tiefe Nachttemperaturen. Der Boden kann dann, ohne Gegenstrahlung von Wolken, seine tags\u00fcber aufgenommene W\u00e4rme effektiv abstrahlen und der fehlende Wind die sich bildende d\u00fcnne, bodennahe Kaltluftschicht nicht zerst\u00f6ren. Wie d\u00fcnn diese Kaltluftschicht war, zeigen Messwerte vom meteorologischen Institut der Universit\u00e4t Hamburg (https:\/\/wettermast.uni-hamburg.de\/frame.php?doc=Zeitreihen8d.htm). Waren es in 2 m H\u00f6he in Hamburg-Billwerder nur 8 Grad, verzeichneten die Messf\u00fchler in 50 m H\u00f6he bereits rund 11 und in 110 m H\u00f6he sogar 13 Grad.<\/p>\n<p style=\"text-align: justify;\">Damit liegt die Erkl\u00e4rung f\u00fcr die hohen Werte der Folgenacht auf der Hand: eine andere, w\u00e4rmere und feuchtere Luftmasse, durchziehende Wolkenfelder und ein schwacher bis m\u00e4\u00dfiger S\u00fcdostwind.<\/p>\n<p style=\"text-align: justify;\">Nach der R\u00fcckschau sei an dieser Stelle noch ein kurzer Blick auf das Wetter des heutigen Tages gestattet, denn dies hat es unter anderem wegen der warmen und feuchten Luft durchaus in sich. Mit Ann\u00e4herung einer Kaltfront ziehen im Laufe des Tages von Westen her Schauer und teils kr\u00e4ftige Gewitter mit der Gefahr von Sturmb\u00f6en, Starkregen und Hagel auf. \u00d6rtlich kann es dann auch zu unwetterartigen Entwicklungen kommen. In der Nacht zum Mittwoch greifen die Gewitter unter leichter Abschw\u00e4chung dann auch auf den Osten und S\u00fcdosten des Landes \u00fcber und beenden den kurzzeitigen Hochdruckeinfluss schon wieder.<\/p>\n<p style=\"text-align: justify;\">MSc.-Met. Thore Hansen<\/p>\n<p style=\"text-align: justify;\">Deutscher Wetterdienst Vorhersage- und Beratungszentrale Offenbach, den 15.08.2017<\/p>\n<p style=\"text-align: justify;\">Copyright (c) Deutscher Wetterdienst<\/p>\n<p>&nbsp;<\/p>\n<p><a href=\"https:\/\/www.hossi-im-netz.de\/wordpress\/wp-content\/uploads\/2017\/08\/IMG_7379.png\"><img loading=\"lazy\" decoding=\"async\" data-attachment-id=\"7659\" data-permalink=\"https:\/\/www.hossi-im-netz.de\/wordpress\/fruehtemperaturen-unterschiede-wie-tag-und-nacht\/img_7379\/\" data-orig-file=\"https:\/\/www.hossi-im-netz.de\/wordpress\/wp-content\/uploads\/2017\/08\/IMG_7379.png\" data-orig-size=\"1249,881\" data-comments-opened=\"1\" data-image-meta=\"{&quot;aperture&quot;:&quot;0&quot;,&quot;credit&quot;:&quot;&quot;,&quot;camera&quot;:&quot;&quot;,&quot;caption&quot;:&quot;&quot;,&quot;created_timestamp&quot;:&quot;0&quot;,&quot;copyright&quot;:&quot;&quot;,&quot;focal_length&quot;:&quot;0&quot;,&quot;iso&quot;:&quot;0&quot;,&quot;shutter_speed&quot;:&quot;0&quot;,&quot;title&quot;:&quot;&quot;,&quot;orientation&quot;:&quot;0&quot;}\" data-image-title=\"Fr\u00fchtemperaturen: Unterschiede wie Tag und Nacht\" data-image-description=\"\" data-image-caption=\"\" data-medium-file=\"https:\/\/www.hossi-im-netz.de\/wordpress\/wp-content\/uploads\/2017\/08\/IMG_7379-300x212.png\" data-large-file=\"https:\/\/www.hossi-im-netz.de\/wordpress\/wp-content\/uploads\/2017\/08\/IMG_7379-1024x722.png\" class=\"alignnone size-full wp-image-7659\" src=\"https:\/\/www.hossi-im-netz.de\/wordpress\/wp-content\/uploads\/2017\/08\/IMG_7379.png\" alt=\"Fr\u00fchtemperaturen: Unterschiede wie Tag und Nacht\" width=\"1249\" height=\"881\" srcset=\"https:\/\/www.hossi-im-netz.de\/wordpress\/wp-content\/uploads\/2017\/08\/IMG_7379.png 1249w, https:\/\/www.hossi-im-netz.de\/wordpress\/wp-content\/uploads\/2017\/08\/IMG_7379-300x212.png 300w, https:\/\/www.hossi-im-netz.de\/wordpress\/wp-content\/uploads\/2017\/08\/IMG_7379-768x542.png 768w, https:\/\/www.hossi-im-netz.de\/wordpress\/wp-content\/uploads\/2017\/08\/IMG_7379-1024x722.png 1024w\" sizes=\"auto, (max-width: 1249px) 100vw, 1249px\" \/><\/a><\/p>\n<p>&nbsp;<\/p>\n<p>&nbsp;<\/p>\n","protected":false},"excerpt":{"rendered":"<p>Fr\u00fchtemperaturen: Unterschiede wie Tag und Nacht Im Norden des Landes mag der ein oder andere am gestrigen Montag (14.08.2017) von den f\u00fcr August tiefen und heute fr\u00fch von den deutlich h\u00f6heren morgendlichen Temperaturen \u00fcberrascht worden sein. Wir kl\u00e4ren, wie es <span class=\"excerpt-dots\">&hellip;<\/span> <a class=\"more-link\" href=\"https:\/\/www.hossi-im-netz.de\/wordpress\/fruehtemperaturen-unterschiede-wie-tag-und-nacht\/\"><span class=\"more-msg\">Weiterlesen &rarr;<\/span><\/a><\/p>\n","protected":false},"author":1,"featured_media":7659,"comment_status":"open","ping_status":"closed","sticky":false,"template":"","format":"standard","meta":{"_exactmetrics_skip_tracking":false,"_exactmetrics_sitenote_active":false,"_exactmetrics_sitenote_note":"","_exactmetrics_sitenote_category":0,"jetpack_post_was_ever_published":false,"_jetpack_newsletter_access":"","_jetpack_dont_email_post_to_subs":false,"_jetpack_newsletter_tier_id":0,"_jetpack_memberships_contains_paywalled_content":false,"_jetpack_memberships_contains_paid_content":false,"footnotes":"","jetpack_publicize_message":"","jetpack_publicize_feature_enabled":true,"jetpack_social_post_already_shared":true,"jetpack_social_options":{"image_generator_settings":{"template":"highway","default_image_id":0,"font":"","enabled":false},"version":2}},"categories":[37],"tags":[5711,1251,1250,5712],"yst_prominent_words":[5706,1883,1869,4078,5709,1216,5710,5705,5566,2445,3057,5708,3586,1508,2843,5511,2858,5704,1451,4498],"class_list":["post-7658","post","type-post","status-publish","format-standard","has-post-thumbnail","hentry","category-wetterblog","tag-fruehtemperaturen","tag-nacht","tag-tag","tag-unterschiede"],"jetpack_publicize_connections":[],"jetpack_featured_media_url":"https:\/\/www.hossi-im-netz.de\/wordpress\/wp-content\/uploads\/2017\/08\/IMG_7379.png","jetpack_sharing_enabled":true,"jetpack_shortlink":"https:\/\/wp.me\/p5DnIb-1Zw","jetpack-related-posts":[],"jetpack_likes_enabled":true,"_links":{"self":[{"href":"https:\/\/www.hossi-im-netz.de\/wordpress\/wp-json\/wp\/v2\/posts\/7658","targetHints":{"allow":["GET"]}}],"collection":[{"href":"https:\/\/www.hossi-im-netz.de\/wordpress\/wp-json\/wp\/v2\/posts"}],"about":[{"href":"https:\/\/www.hossi-im-netz.de\/wordpress\/wp-json\/wp\/v2\/types\/post"}],"author":[{"embeddable":true,"href":"https:\/\/www.hossi-im-netz.de\/wordpress\/wp-json\/wp\/v2\/users\/1"}],"replies":[{"embeddable":true,"href":"https:\/\/www.hossi-im-netz.de\/wordpress\/wp-json\/wp\/v2\/comments?post=7658"}],"version-history":[{"count":1,"href":"https:\/\/www.hossi-im-netz.de\/wordpress\/wp-json\/wp\/v2\/posts\/7658\/revisions"}],"predecessor-version":[{"id":7660,"href":"https:\/\/www.hossi-im-netz.de\/wordpress\/wp-json\/wp\/v2\/posts\/7658\/revisions\/7660"}],"wp:featuredmedia":[{"embeddable":true,"href":"https:\/\/www.hossi-im-netz.de\/wordpress\/wp-json\/wp\/v2\/media\/7659"}],"wp:attachment":[{"href":"https:\/\/www.hossi-im-netz.de\/wordpress\/wp-json\/wp\/v2\/media?parent=7658"}],"wp:term":[{"taxonomy":"category","embeddable":true,"href":"https:\/\/www.hossi-im-netz.de\/wordpress\/wp-json\/wp\/v2\/categories?post=7658"},{"taxonomy":"post_tag","embeddable":true,"href":"https:\/\/www.hossi-im-netz.de\/wordpress\/wp-json\/wp\/v2\/tags?post=7658"},{"taxonomy":"yst_prominent_words","embeddable":true,"href":"https:\/\/www.hossi-im-netz.de\/wordpress\/wp-json\/wp\/v2\/yst_prominent_words?post=7658"}],"curies":[{"name":"wp","href":"https:\/\/api.w.org\/{rel}","templated":true}]}}