{"id":7951,"date":"2017-10-14T15:02:54","date_gmt":"2017-10-14T13:02:54","guid":{"rendered":"http:\/\/www.hossi-im-netz.de\/wordpress\/?p=7951"},"modified":"2017-10-14T15:02:54","modified_gmt":"2017-10-14T13:02:54","slug":"oktober-2","status":"publish","type":"post","link":"https:\/\/www.hossi-im-netz.de\/wordpress\/oktober-2\/","title":{"rendered":"Oktober"},"content":{"rendered":"<h2>Oktober<\/h2>\n<p>Nach altr\u00f6mischer Z\u00e4hlung war er der achte Monat im Jahr (lat. octo = acht), welches zu damaliger Zeit mit dem M\u00e4rz begann. Altdeutsche Namen f\u00fcr den Oktober sind &#8222;Winmanot&#8220; (= Weinmonat) oder &#8222;Gilbhart&#8220; (= Gelbwald), in der Waidmannssprache ist er auch als &#8222;Dachsmond&#8220; bekannt.<\/p>\n<p>Im Oktober ist bei uns f\u00fcr die meisten landwirtschaftlichen und g\u00e4rtnerischen Kulturen die Erntezeit beendet und am jeweils ersten Oktobersonntag begeht man das Erntedankfest mit der Segnung der Ertr\u00e4ge. Damit soll an die einst schwere Arbeit in Landwirtschaft und Gartenbau erinnert werden und auch daran, dass es nicht allein in der Hand des Menschen liegt, \u00fcber ausreichend Nahrung zu verf\u00fcgen. In der Natur beginnt mit der Laubf\u00e4rbung der B\u00e4ume gew\u00f6hnlich der Vollherbst.<\/p>\n<p>Auch am Firmament macht sich im Oktober der Herbst deutlich bemerkbar. W\u00e4hrend man hoch am S\u00fcdwesthimmel noch das &#8222;Sommerdreieck&#8220; (mit den bekannten Sternen Atair, Deneb und Wega) findet, dominieren nach S\u00fcden und Osten hin bereits die Sternbilder des Herbstes. &#8222;Kassiopeia&#8220; (das markante &#8222;Himmels-W&#8220;) steht nahe am Zenit und der fast quadratisch aussehende &#8222;Pegasus&#8220; (das &#8222;Herbstviereck&#8220;) hat bereits den Meridian erreicht. \u00dcbrigens entsprang in der Sagenwelt der klassischen Antike &#8222;Pegasus&#8220; als gefl\u00fcgeltes Pferd dem sterbenden Leib der vom Heroen Perseus enthaupteten, ungeheuerlichen Medusa.<\/p>\n<p>Im Laufe des Oktobers verringert sich die lichte Tagesl\u00e4nge z.B. in 50\u00b0 n\u00f6rdlicher Breite, das entspricht etwa einer Linie Trier-Frankfurt-Prag, von 11:38 Stunden am Monatsbeginn auf 09:50 Stunden zum Monatsende. Die Mittagsh\u00f6he der Sonne \u00fcber dem Horizont f\u00e4llt von circa 37\u00b0 auf etwa 26\u00b0 und die Strahlungsbilanz ist schon deutlich negativ. Und wenn am 29. Oktober endlich die gegen\u00fcber der Normalzeit (MEZ) widernat\u00fcrlich um eine Stunde vorgestellte &#8222;Mitteleurop\u00e4ische Sommerzeit (MESZ)&#8220; endet, dann sinkt die Sonne bereits vor dem F\u00fcnf-Uhr-Tee unter den Horizont &#8211; ein untr\u00fcgliches Zeichen daf\u00fcr, dass nun der lange Winter vor der T\u00fcr steht.<\/p>\n<p>Klimatisch ist der Oktober ein Monat mit h\u00e4ufig ruhigen und andauernden Hochdrucklagen und wenn milde Luftmassen vorherrschen, dann sorgen die Oktobersonne und die pr\u00e4chtige Laubf\u00e4rbung f\u00fcr ein angenehmes Ambiente mit warmem, goldgelbem Farbenzauber. Allerdings kann sich gerade bei Hochdruckwetter und klarem Himmel die Luft nachts bis unter den Taupunkt abk\u00fchlen und es beginnt die Zeit dichten Nebels. Der Oktober ist Spitzenreiter in der Statistik, im klimatologischen Mittel herrscht an jedem dritten Tag irgendwo in Deutschland Nebel mit Sichtweiten unter 1000 Metern. Andererseits akkumulieren sich in den Polargebieten schon ausreichend kalte Luftmassen, deren Ausbr\u00fcche nach S\u00fcden bereits im Oktober die Zeit der Herbstst\u00fcrme einleiten k\u00f6nnen.<\/p>\n<p>Unser diesj\u00e4hriger Oktober verh\u00e4lt sich bisher also durchaus &#8222;artgerecht&#8220;. Einerseits besorgte er uns am 5. des Monats mit XAVIER bereits den zweiten Herbststurm der Saison, andererseits folgt nach einem insgesamt wechselhaften und k\u00fchlen Monatsbeginn seit Anfang der 41. Kalenderwoche eine allm\u00e4hliche Wetterberuhigung durch zunehmenden Hochdruckeinfluss aus dem Mittelmeerraum. Damit zeigt sich zumindest im S\u00fcden und in der Mitte unseres Landes nun auch die &#8222;goldene Seite&#8220; des Oktobers.<\/p>\n<p>Die unten stehende, von der Badischen Zeitung publizierte Sternkarte zeigt den Anblick des gestirnten Himmels \u00fcber S\u00fcddeutschland Mitte Oktober 2017 um 01:00 Uhr nachts (MESZ). Wenn man im Freien senkrecht empor blickt, schaut man zum Zenit und wenn man sich in Meridianrichtung nach S\u00fcden orientiert, hat man linker Hand die \u00f6stlichen und rechts von sich die westlichen Himmelsrichtungen. Daher die entgegen der \u00fcblichen Kompassrose an der Nord-S\u00fcd-Achse &#8222;gespiegelten&#8220;, vermeintlich seitenverkehrten Himmelsrichtungen! Weiterhin sehen Beobachter in Norddeutschland die s\u00fcdlichen Sternbilder etwas tiefer, die n\u00f6rdlichen daf\u00fcr entsprechend h\u00f6her \u00fcber dem Horizont. Sowohl im Verlaufe der Nacht als auch im Verlaufe des Herbstes verlieren die Sternbilder des Sommers am Westhimmel an H\u00f6he bzw. gehen am westlichen Horizont unter. Umgekehrt gehen die Wintersternbilder am \u00f6stlichen Horizont auf bzw. gewinnen am Osthimmel an H\u00f6he \u00fcber dem Horizont.<\/p>\n<p>Dipl.-Met. Thomas Ruppert<\/p>\n<p>Deutscher Wetterdienst Vorhersage- und Beratungszentrale Offenbach, den 14.10.2017<\/p>\n<p>Copyright (c) Deutscher Wetterdienst<\/p>\n<p>&nbsp;<\/p>\n<p><a href=\"https:\/\/www.hossi-im-netz.de\/wordpress\/wp-content\/uploads\/2017\/10\/BE9176F5-8B9D-4777-8B82-D409AFA4DDB8.gif\"><img loading=\"lazy\" decoding=\"async\" data-attachment-id=\"7952\" data-permalink=\"https:\/\/www.hossi-im-netz.de\/wordpress\/oktober-2\/be9176f5-8b9d-4777-8b82-d409afa4ddb8\/\" data-orig-file=\"https:\/\/www.hossi-im-netz.de\/wordpress\/wp-content\/uploads\/2017\/10\/BE9176F5-8B9D-4777-8B82-D409AFA4DDB8.gif\" data-orig-size=\"1024,964\" data-comments-opened=\"1\" data-image-meta=\"{&quot;aperture&quot;:&quot;0&quot;,&quot;credit&quot;:&quot;&quot;,&quot;camera&quot;:&quot;&quot;,&quot;caption&quot;:&quot;&quot;,&quot;created_timestamp&quot;:&quot;0&quot;,&quot;copyright&quot;:&quot;&quot;,&quot;focal_length&quot;:&quot;0&quot;,&quot;iso&quot;:&quot;0&quot;,&quot;shutter_speed&quot;:&quot;0&quot;,&quot;title&quot;:&quot;&quot;,&quot;orientation&quot;:&quot;0&quot;}\" data-image-title=\"Oktober\" data-image-description=\"\" data-image-caption=\"\" data-medium-file=\"https:\/\/www.hossi-im-netz.de\/wordpress\/wp-content\/uploads\/2017\/10\/BE9176F5-8B9D-4777-8B82-D409AFA4DDB8-300x282.gif\" data-large-file=\"https:\/\/www.hossi-im-netz.de\/wordpress\/wp-content\/uploads\/2017\/10\/BE9176F5-8B9D-4777-8B82-D409AFA4DDB8-1024x964.gif\" class=\"alignnone size-full wp-image-7952\" src=\"https:\/\/www.hossi-im-netz.de\/wordpress\/wp-content\/uploads\/2017\/10\/BE9176F5-8B9D-4777-8B82-D409AFA4DDB8.gif\" alt=\"Oktober\" width=\"1024\" height=\"964\" \/><\/a><\/p>\n","protected":false},"excerpt":{"rendered":"<p>Oktober Nach altr\u00f6mischer Z\u00e4hlung war er der achte Monat im Jahr (lat. octo = acht), welches zu damaliger Zeit mit dem M\u00e4rz begann. Altdeutsche Namen f\u00fcr den Oktober sind &#8222;Winmanot&#8220; (= Weinmonat) oder &#8222;Gilbhart&#8220; (= Gelbwald), in der Waidmannssprache ist <span class=\"excerpt-dots\">&hellip;<\/span> <a class=\"more-link\" href=\"https:\/\/www.hossi-im-netz.de\/wordpress\/oktober-2\/\"><span class=\"more-msg\">Weiterlesen &rarr;<\/span><\/a><\/p>\n","protected":false},"author":1,"featured_media":7952,"comment_status":"open","ping_status":"closed","sticky":false,"template":"","format":"standard","meta":{"_exactmetrics_skip_tracking":false,"_exactmetrics_sitenote_active":false,"_exactmetrics_sitenote_note":"","_exactmetrics_sitenote_category":0,"jetpack_post_was_ever_published":false,"_jetpack_newsletter_access":"","_jetpack_dont_email_post_to_subs":false,"_jetpack_newsletter_tier_id":0,"_jetpack_memberships_contains_paywalled_content":false,"_jetpack_memberships_contains_paid_content":false,"footnotes":"","jetpack_publicize_message":"","jetpack_publicize_feature_enabled":true,"jetpack_social_post_already_shared":true,"jetpack_social_options":{"image_generator_settings":{"template":"highway","default_image_id":0,"font":"","enabled":false},"version":2}},"categories":[37],"tags":[300,6230],"yst_prominent_words":[6221,2851,1216,6220,6223,6217,6222,2220,6228,2849,6227,6204,6226,1223,6225,2211,6218,2453,6229,6224],"class_list":["post-7951","post","type-post","status-publish","format-standard","has-post-thumbnail","hentry","category-wetterblog","tag-oktober","tag-sternenhimmel"],"jetpack_publicize_connections":[],"jetpack_featured_media_url":"https:\/\/www.hossi-im-netz.de\/wordpress\/wp-content\/uploads\/2017\/10\/BE9176F5-8B9D-4777-8B82-D409AFA4DDB8.gif","jetpack_sharing_enabled":true,"jetpack_shortlink":"https:\/\/wp.me\/p5DnIb-24f","jetpack-related-posts":[],"jetpack_likes_enabled":true,"_links":{"self":[{"href":"https:\/\/www.hossi-im-netz.de\/wordpress\/wp-json\/wp\/v2\/posts\/7951","targetHints":{"allow":["GET"]}}],"collection":[{"href":"https:\/\/www.hossi-im-netz.de\/wordpress\/wp-json\/wp\/v2\/posts"}],"about":[{"href":"https:\/\/www.hossi-im-netz.de\/wordpress\/wp-json\/wp\/v2\/types\/post"}],"author":[{"embeddable":true,"href":"https:\/\/www.hossi-im-netz.de\/wordpress\/wp-json\/wp\/v2\/users\/1"}],"replies":[{"embeddable":true,"href":"https:\/\/www.hossi-im-netz.de\/wordpress\/wp-json\/wp\/v2\/comments?post=7951"}],"version-history":[{"count":1,"href":"https:\/\/www.hossi-im-netz.de\/wordpress\/wp-json\/wp\/v2\/posts\/7951\/revisions"}],"predecessor-version":[{"id":7953,"href":"https:\/\/www.hossi-im-netz.de\/wordpress\/wp-json\/wp\/v2\/posts\/7951\/revisions\/7953"}],"wp:featuredmedia":[{"embeddable":true,"href":"https:\/\/www.hossi-im-netz.de\/wordpress\/wp-json\/wp\/v2\/media\/7952"}],"wp:attachment":[{"href":"https:\/\/www.hossi-im-netz.de\/wordpress\/wp-json\/wp\/v2\/media?parent=7951"}],"wp:term":[{"taxonomy":"category","embeddable":true,"href":"https:\/\/www.hossi-im-netz.de\/wordpress\/wp-json\/wp\/v2\/categories?post=7951"},{"taxonomy":"post_tag","embeddable":true,"href":"https:\/\/www.hossi-im-netz.de\/wordpress\/wp-json\/wp\/v2\/tags?post=7951"},{"taxonomy":"yst_prominent_words","embeddable":true,"href":"https:\/\/www.hossi-im-netz.de\/wordpress\/wp-json\/wp\/v2\/yst_prominent_words?post=7951"}],"curies":[{"name":"wp","href":"https:\/\/api.w.org\/{rel}","templated":true}]}}