{"id":8014,"date":"2017-10-28T15:09:24","date_gmt":"2017-10-28T13:09:24","guid":{"rendered":"http:\/\/www.hossi-im-netz.de\/wordpress\/?p=8014"},"modified":"2017-10-28T15:09:24","modified_gmt":"2017-10-28T13:09:24","slug":"herwart-ein-weiterer-herbststurm-steht-vor-der-tuer","status":"publish","type":"post","link":"https:\/\/www.hossi-im-netz.de\/wordpress\/herwart-ein-weiterer-herbststurm-steht-vor-der-tuer\/","title":{"rendered":"&#8222;HERWART&#8220; &#8211; ein weiterer Herbststurm steht vor der T\u00fcr"},"content":{"rendered":"<div class=\"intro\">\n<h1 class=\"isFirstInSlot\">&#8222;HERWART&#8220; &#8211; ein weiterer Herbststurm steht vor der T\u00fcr<\/h1>\n<div class=\"docData news\"><span class=\"label\">Datum<\/span> <span class=\"value\">28.10.2017<\/span><\/div>\n<div class=\"abstract\">\n<p>Tief &#8222;HERWART&#8220; wird sich dieses Wochenende als Nummer Drei in die Serie der Herbstst\u00fcrme 2017 einreihen. In der Nacht zum Sonntag und am Sonntagvormittag greift sein Sturmfeld auf Deutschland \u00fcber, an der Nordseek\u00fcste sowie im h\u00f6heren Bergland muss selbst mit Orkanb\u00f6en gerechnet werden.<\/p>\n<\/div>\n<\/div>\n<div class=\"body-text\">\n<p>Hoch &#8222;ULRIKE&#8220; bescherte uns in den vergangenen Tagen einen ruhigen Herbstmix. Bei durchaus milden Temperaturen, die \u00f6rtlich in den s\u00fcdlichen Landesteilen auch die 20-Grad-Marke knackten, gab es neben morgendlichem Nebel tags\u00fcber auch strahlenden Sonnenschein. Am Donnerstag (26.10.) und am gestrigen Freitag (27.10.) griff dann die Kaltfront von Tief &#8222;FLORENZ&#8220; mit Kern \u00fcber dem Baltikum auf Deutschland \u00fcber und f\u00fchrte neben dichten Wolken und zeitweisem Regen oder gelegentlichen Schauern r\u00fcckseitig k\u00fchlere Meeresluft zu uns. Kein Wunder also, dass sich der Wettercharakter bei auffrischendem Wind sowie Tagesh\u00f6chstwerten zwischen 12 und 16 Grad etwas herbstlicher anf\u00fchlte.<\/p>\n<p>Am heutigen Samstag stellt sich nun eine stramme nordwestliche Str\u00f6mung zwischen Tief &#8222;GRISCHA&#8220;, dessen Kern um die Mittagszeit \u00fcber dem Bottnischen Meerbusen zu finden ist und Hoch &#8222;VERA&#8220; mit Schwerpunkt s\u00fcdwestlich von Irland ein. Entsprechend muss schon tags\u00fcber verbreitet mit starken bis st\u00fcrmischen B\u00f6en gerechnet werden, an den K\u00fcsten sowie im Bergland kommt es bereits zu Sturmb\u00f6en oder schweren Sturmb\u00f6en. Am sp\u00e4ten Nachmittag und am Abend schw\u00e4cht sich der Wind jedoch vor\u00fcbergehend wieder etwas ab. Allerdings ist dies lediglich die &#8222;Ruhe vor dem Sturm&#8220;.<\/p>\n<p>Szenenwechsel: Bereits am vergangenen Donnerstag lie\u00df sich eine schwach ausgepr\u00e4gte St\u00f6rung vor Gr\u00f6nland ausmachen, die sich in der Folge ins Europ\u00e4ische Nordmeer verlagerte. Im heutigen Tagesverlauf verst\u00e4rkt sich diese St\u00f6rung im Lee des s\u00fcdnorwegischen Gebirges \u00fcber dem Skagerrak und es entwickelt sich ein kleines, aber kr\u00e4ftiges Sturmtief mit dem Namen &#8222;HERWART&#8220;. Dieses zieht in der Nacht zum Sonntag \u00fcber S\u00fcdschweden hinweg nach Polen. Sein Sturmfeld mit den st\u00e4rksten Entwicklungen erfasst Deutschland Sonntagfr\u00fch und am Vormittag. Dann muss verbreitet mit st\u00fcrmischen B\u00f6en oder Sturmb\u00f6en gerechnet werden. Im Norden und Osten, sp\u00e4ter auch im S\u00fcdosten treten durchaus auch schwere Sturmb\u00f6en auf, bei kr\u00e4ftigen Schauern oder Gewittern sind dort selbst orkanartige B\u00f6en m\u00f6glich. An der Nordseek\u00fcste sind Orkanb\u00f6en von 120 km\/h wahrscheinlich, auf den h\u00f6chsten Gipfeln werden sogar noch h\u00f6here Windgeschwindigkeiten erwartet. Im S\u00fcdwesten f\u00e4llt der Wind in tiefen Lagen hingegen mit starken bis st\u00fcrmischen B\u00f6en nicht ganz so stark aus. Die Einzelheiten sind nochmal in der Grafik unter www.dwd.de\/tagesthema dargestellt.<\/p>\n<p>Bei &#8222;HERWART&#8220; handelt es sich also nach &#8222;SEBASTIAN&#8220; und &#8222;XAVIER&#8220; um den dritten Herbststurm in diesem Jahr. Zwar f\u00e4llt &#8222;HERWART&#8220; nicht ganz so stark wie &#8222;XAVIER&#8220; aus und auch die B\u00e4ume bieten zur fortgeschrittenen Jahreszeit weniger Laub als Angriffsfl\u00e4che f\u00fcr den Wind. Trotzdem sollte wohl am Sonntag besonders im Norden und Osten Deutschlands auf einen morgendlichen Spaziergang oder Fr\u00fchsport im Wald verzichtet werden. Stattdessen bieten sich ein ausgiebiges Fr\u00fchst\u00fcck und ein anschlie\u00dfender Tee zur Lieblingslekt\u00fcre auf der heimischen Couch an.<\/p>\n<p>Am Sonntagmittag l\u00e4sst der Wind dann von Nordwesten her allm\u00e4hlich nach und die Chancen auf einen nachmitt\u00e4glichen Spaziergang steigen wieder an, auch wenn es hier und da noch kurze Schauer, teils mit Graupel, geben kann. In der Nacht zum Montag l\u00e4sst der Wind dann weiter nach, an den K\u00fcsten sowie im h\u00f6heren Bergland muss allerdings auch weiterhin mit Sturmb\u00f6en gerechnet werden.<\/p>\n<p>Aber nicht nur der Wind tritt als warnw\u00fcrdige Wettererscheinung auf. In der sich einstellenden nordwestlichen Str\u00f6mung besteht zum einen an der Nordseek\u00fcste die Gefahr einer Sturmflut. Zum anderen muss landeinw\u00e4rts in einem 24-st\u00fcndigen Zeitraum ab Samstagabend besonders in Nordweststaulagen der zentralen Mittelgebirge sowie an den Alpen, also \u00fcberall dort, wo die Luftmassen von Nordwesten her gegen die Gebirge gedr\u00fcckt werden, mit l\u00e4nger anhaltenden und teils kr\u00e4ftigen Regenf\u00e4llen gerechnet werden.<\/p>\n<p>Und schlie\u00dflich wird mit der n\u00f6rdlichen Str\u00f6mung auch polare Kaltluft zu uns gef\u00fchrt, womit die Schneefallgrenze in der Nacht zum Montag gebietsweise sogar auf etwa 600 Meter absinkt. Entsprechend muss in den \u00f6stlichen Mittelgebirgen sowie in den Alpen in h\u00f6heren Lagen mit etwas Schnee gerechnet werden, wobei dies wohl nur daf\u00fcr reicht, die Hochlagen etwas anzuzuckern.<\/p>\n<p>MSc.-Met. Sebastian Schappert<\/p>\n<p>Deutscher Wetterdienst Vorhersage- und Beratungszentrale Offenbach, den 28.10.2017<\/p>\n<p>Copyright (c) Deutscher Wetterdienst<\/p>\n<\/div>\n<p><a href=\"https:\/\/www.hossi-im-netz.de\/wordpress\/wp-content\/uploads\/2017\/10\/28_Bild.png\"><img loading=\"lazy\" decoding=\"async\" data-attachment-id=\"8015\" data-permalink=\"https:\/\/www.hossi-im-netz.de\/wordpress\/herwart-ein-weiterer-herbststurm-steht-vor-der-tuer\/28_bild-3\/\" data-orig-file=\"https:\/\/www.hossi-im-netz.de\/wordpress\/wp-content\/uploads\/2017\/10\/28_Bild.png\" data-orig-size=\"1920,1080\" data-comments-opened=\"1\" data-image-meta=\"{&quot;aperture&quot;:&quot;0&quot;,&quot;credit&quot;:&quot;&quot;,&quot;camera&quot;:&quot;&quot;,&quot;caption&quot;:&quot;&quot;,&quot;created_timestamp&quot;:&quot;0&quot;,&quot;copyright&quot;:&quot;&quot;,&quot;focal_length&quot;:&quot;0&quot;,&quot;iso&quot;:&quot;0&quot;,&quot;shutter_speed&quot;:&quot;0&quot;,&quot;title&quot;:&quot;&quot;,&quot;orientation&quot;:&quot;0&quot;}\" data-image-title=\"&amp;#8222;HERWART&amp;#8220; &amp;#8211; ein weiterer Herbststurm steht vor der T\u00fcr\" data-image-description=\"\" data-image-caption=\"\" data-medium-file=\"https:\/\/www.hossi-im-netz.de\/wordpress\/wp-content\/uploads\/2017\/10\/28_Bild-300x169.png\" data-large-file=\"https:\/\/www.hossi-im-netz.de\/wordpress\/wp-content\/uploads\/2017\/10\/28_Bild-1024x576.png\" class=\"alignnone size-full wp-image-8015\" src=\"https:\/\/www.hossi-im-netz.de\/wordpress\/wp-content\/uploads\/2017\/10\/28_Bild.png\" alt=\"&quot;HERWART&quot; - ein weiterer Herbststurm steht vor der T\u00fcr\" width=\"1920\" height=\"1080\" srcset=\"https:\/\/www.hossi-im-netz.de\/wordpress\/wp-content\/uploads\/2017\/10\/28_Bild.png 1920w, https:\/\/www.hossi-im-netz.de\/wordpress\/wp-content\/uploads\/2017\/10\/28_Bild-300x169.png 300w, https:\/\/www.hossi-im-netz.de\/wordpress\/wp-content\/uploads\/2017\/10\/28_Bild-768x432.png 768w, https:\/\/www.hossi-im-netz.de\/wordpress\/wp-content\/uploads\/2017\/10\/28_Bild-1024x576.png 1024w\" sizes=\"auto, (max-width: 1920px) 100vw, 1920px\" \/><\/a><\/p>\n","protected":false},"excerpt":{"rendered":"<p>&#8222;HERWART&#8220; &#8211; ein weiterer Herbststurm steht vor der T\u00fcr Datum 28.10.2017 Tief &#8222;HERWART&#8220; wird sich dieses Wochenende als Nummer Drei in die Serie der Herbstst\u00fcrme 2017 einreihen. In der Nacht zum Sonntag und am Sonntagvormittag greift sein Sturmfeld auf Deutschland <span class=\"excerpt-dots\">&hellip;<\/span> <a class=\"more-link\" href=\"https:\/\/www.hossi-im-netz.de\/wordpress\/herwart-ein-weiterer-herbststurm-steht-vor-der-tuer\/\"><span class=\"more-msg\">Weiterlesen &rarr;<\/span><\/a><\/p>\n","protected":false},"author":1,"featured_media":8015,"comment_status":"open","ping_status":"closed","sticky":false,"template":"","format":"standard","meta":{"_exactmetrics_skip_tracking":false,"_exactmetrics_sitenote_active":false,"_exactmetrics_sitenote_note":"","_exactmetrics_sitenote_category":0,"jetpack_post_was_ever_published":false,"_jetpack_newsletter_access":"","_jetpack_dont_email_post_to_subs":false,"_jetpack_newsletter_tier_id":0,"_jetpack_memberships_contains_paywalled_content":false,"_jetpack_memberships_contains_paid_content":false,"footnotes":"","jetpack_publicize_message":"","jetpack_publicize_feature_enabled":true,"jetpack_social_post_already_shared":true,"jetpack_social_options":{"image_generator_settings":{"template":"highway","default_image_id":0,"font":"","enabled":false},"version":2}},"categories":[37],"tags":[340,6340,176],"yst_prominent_words":[2226,5989,1216,1411,1422,6338,6337,5511,1332,3327,2190,6339,3522,3598,6335,3097,1414,6336,5363,5436],"class_list":["post-8014","post","type-post","status-publish","format-standard","has-post-thumbnail","hentry","category-wetterblog","tag-herbststurm","tag-herwart","tag-orkan"],"jetpack_publicize_connections":[],"jetpack_featured_media_url":"https:\/\/www.hossi-im-netz.de\/wordpress\/wp-content\/uploads\/2017\/10\/28_Bild.png","jetpack_sharing_enabled":true,"jetpack_shortlink":"https:\/\/wp.me\/p5DnIb-25g","jetpack-related-posts":[],"jetpack_likes_enabled":true,"_links":{"self":[{"href":"https:\/\/www.hossi-im-netz.de\/wordpress\/wp-json\/wp\/v2\/posts\/8014","targetHints":{"allow":["GET"]}}],"collection":[{"href":"https:\/\/www.hossi-im-netz.de\/wordpress\/wp-json\/wp\/v2\/posts"}],"about":[{"href":"https:\/\/www.hossi-im-netz.de\/wordpress\/wp-json\/wp\/v2\/types\/post"}],"author":[{"embeddable":true,"href":"https:\/\/www.hossi-im-netz.de\/wordpress\/wp-json\/wp\/v2\/users\/1"}],"replies":[{"embeddable":true,"href":"https:\/\/www.hossi-im-netz.de\/wordpress\/wp-json\/wp\/v2\/comments?post=8014"}],"version-history":[{"count":1,"href":"https:\/\/www.hossi-im-netz.de\/wordpress\/wp-json\/wp\/v2\/posts\/8014\/revisions"}],"predecessor-version":[{"id":8016,"href":"https:\/\/www.hossi-im-netz.de\/wordpress\/wp-json\/wp\/v2\/posts\/8014\/revisions\/8016"}],"wp:featuredmedia":[{"embeddable":true,"href":"https:\/\/www.hossi-im-netz.de\/wordpress\/wp-json\/wp\/v2\/media\/8015"}],"wp:attachment":[{"href":"https:\/\/www.hossi-im-netz.de\/wordpress\/wp-json\/wp\/v2\/media?parent=8014"}],"wp:term":[{"taxonomy":"category","embeddable":true,"href":"https:\/\/www.hossi-im-netz.de\/wordpress\/wp-json\/wp\/v2\/categories?post=8014"},{"taxonomy":"post_tag","embeddable":true,"href":"https:\/\/www.hossi-im-netz.de\/wordpress\/wp-json\/wp\/v2\/tags?post=8014"},{"taxonomy":"yst_prominent_words","embeddable":true,"href":"https:\/\/www.hossi-im-netz.de\/wordpress\/wp-json\/wp\/v2\/yst_prominent_words?post=8014"}],"curies":[{"name":"wp","href":"https:\/\/api.w.org\/{rel}","templated":true}]}}