{"id":8039,"date":"2017-10-31T14:42:49","date_gmt":"2017-10-31T12:42:49","guid":{"rendered":"http:\/\/www.hossi-im-netz.de\/wordpress\/?p=8039"},"modified":"2017-10-31T14:42:49","modified_gmt":"2017-10-31T12:42:49","slug":"die-grossen-herbst-und-winterstuerme-der-vergangenen-10-jahre","status":"publish","type":"post","link":"https:\/\/www.hossi-im-netz.de\/wordpress\/die-grossen-herbst-und-winterstuerme-der-vergangenen-10-jahre\/","title":{"rendered":"Die gro\u00dfen Herbst- und Winterst\u00fcrme der vergangenen 10 Jahre."},"content":{"rendered":"<div class=\"intro\">\n<h1 class=\"isFirstInSlot\">Die gro\u00dfen Herbst- und Winterst\u00fcrme der vergangenen 10 Jahre.<\/h1>\n<div class=\"docData news\"><\/div>\n<div class=\"abstract\">\n<p>Nachdem Orkan Herwart mit Windgeschwindigkeiten von teils bis zu \u00fcber 120 km\/h gro\u00dfe Sch\u00e4den angerichtet hat, soll im heutigen Thema des Tages eine kurzer Abriss \u00fcber alle gro\u00dfen Herbst- und Winterst\u00fcrme der vergangenen 10 Jahre erfolgen, um Herwart besser einordnen zu k\u00f6nnen.<\/p>\n<\/div>\n<\/div>\n<div class=\"body-text\">\n<p>Nachdem Orkan Herwart mit Windgeschwindigkeiten von teils bis zu \u00fcber 120 km\/h gro\u00dfe Sch\u00e4den angerichtet hat, soll im heutigen Thema des Tages eine kurzer Abriss \u00fcber alle gro\u00dfen Herbst- und Winterst\u00fcrme der vergangenen 10 Jahre erfolgen, um Heward besser einordnen zu k\u00f6nnen.<\/p>\n<p>18.-19. Januar 2007 Orkan Kyrill<\/p>\n<p>Orkan Kyrill war der st\u00e4rkste Orkan seit dem Jahrhundertsturm Lothar (26.12.1999). Das besondere Merkmal von Kyrill war die gro\u00dfe betroffene Fl\u00e4che. So gab es in ganz Deutschland verbreitet orkanartige B\u00f6en. Die gr\u00f6\u00dften Sch\u00e4den traten an der Kaltfront auf, an der sich eine sehr aktive Gewitterlinie bildete. An ihr wurden B\u00f6en um 120 km\/h registriert. Auf dem Brocken wurden 199 km\/h und auf dem Wendelstein 203 km\/h gemessen. Die st\u00e4rkste registrierte B\u00f6e in tiefen Lagen war in D\u00fcsseldorf mit 145 km\/h. Kyrill richtete in Deutschland 2,8 Mrd. Euro Versicherungsschaden an.<\/p>\n<p>29. Februar 2008 Orkan Emma<\/p>\n<p>Der n\u00e4chste Orkan folgte \u00fcber ein Jahr sp\u00e4ter und trug den Namen Emma. Emma beeinflusste vor allem den S\u00fcden und die Mitte Deutschlands. Die st\u00e4rksten B\u00f6en traten entlang einer aktiven Kaltfront auf, an der sich eine Gewitterlinie etablierte. An dieser Gewitterlinie kam es zu Fallb\u00f6en und es gab sogar einige Tornadoverdachtsf\u00e4lle. In der Mitte und im S\u00fcden wurden verbreitet B\u00f6en zwischen 100 &#8211; 130 km\/h gemessen. Spitzenreiter f\u00fcr tiefe Lagen war das s\u00e4chsische Chemnitz mit 152 km\/h. Der Gesamtschaden von Emma war in Deutschland jedoch geringer, als bei Kyrill, da von den st\u00e4rksten B\u00f6en keine so gro\u00dfe Fl\u00e4che betroffen war. 26.Februar 2010 Orkan Xynthia<\/p>\n<p>Orkan Xynthia zog ungew\u00f6hnlich weit s\u00fcdlich von der Biskaya \u00fcber den \u00c4rmelkanal nach S\u00fcdschweden. Das Besondere an Xynthia war ein Ph\u00e4nomen namens Sting-Jet, an dem die st\u00e4rksten B\u00f6en auftreten. Bei einem Sting-Jet wird durch dynamische Prozesse der Jet-Stream (ein Starkwindband in der mittleren und oberen Troposph\u00e4re) zwischen Tiefkern und Kaltfront bis in untere Luftschichten &#8222;gezogen&#8220;, was im Vergleich zu normalen Sturmtiefs auf einem relativ kleinen Raum zum Teil verheerende B\u00f6en verursacht. In Frankreich gab es daher in manchen Gebieten sogar gr\u00f6\u00dfere Sch\u00e4den als bei Lothar. \u00dcber Deutschland hatte sich Xynthia allerdings schon etwas abgeschw\u00e4cht. Dennoch traten im S\u00fcdwesten und in der Mitte verbreitet B\u00f6en zwischen 100 und 120 km\/h auf. Besonders betroffen war Rheinland-Pfalz wo 2,1 Millionen Festmeter Holz gefallen sind.<\/p>\n<p>28.Oktober 2013 Orkan Christian<\/p>\n<p>Orkan Christian war vom selben Typ wie Orkan Xynthia. Betroffen von einem starken Sting-Jet war diesmal aber der Norden Deutschlands. Auf Sankt-Peter-Ording wurde eine B\u00f6e von 172 km\/h registriert. Christian geh\u00f6rte somit zu den st\u00e4rksten St\u00fcrmen, die auf die Nordseek\u00fcste getroffen sind.<\/p>\n<p>05.Dezember 2013 Orkan Xaver<\/p>\n<p>Xaver war auch als der Nikolausorkan bekannt. Betroffen war vor allen Dingen Norddeutschland, besonders die K\u00fcstenregionen. Dort traten verbreitet B\u00f6en von 100 bis 130 km\/h auf. Zwar war Xaver deutlich schw\u00e4cher als sein Vorg\u00e4nger Christian, doch brachte Xaver 3 schwere Sturmfluten. Dabei gab es in Hamburg den zweith\u00f6chsten je gemessenen Pegelstand seit Beginn der Aufzeichnungen 1825. Weiter s\u00fcdlich im Binnenland brachte Xaver zwar &#8222;nur&#8220; schwere Sturmb\u00f6en, doch diese sorgten in Verbindung mit kr\u00e4ftigem Schneefall f\u00fcr Schneeverwehungen. Besonders in den Mittelgebirgen kam der Verkehr zum Erliegen.<\/p>\n<p>31.M\u00e4rz 2015 Orkan Niklas<\/p>\n<p>Orkan Niklas beeinflusste wieder nahezu ganz Deutschland. In tiefen Lagen wurden verbreitet Windspitzen zwischen 95 und 120 km registriert. Der Brocken meldete eine B\u00f6e von 162 km\/h. Mit etwa 750 Mio. Euro Versicherungsschaden geh\u00f6rte der Orkan zu den 5 schadenstr\u00e4chtigsten St\u00fcrmen in den vergangenen 15 Jahren. Ursache f\u00fcr die hohe Schadenssumme war ma\u00dfgeblich die gro\u00dfe betroffene Fl\u00e4che.<\/p>\n<p>5. Oktober 2017 Sturmtief Xavier<\/p>\n<p>Kurze aber heftig: Das sehr schnell ziehende Sturmtief Xavier ging wieder mit einem Sting-Jet einher. Dieser brachte in einem vergleichsweise schmalen Streifen vom Wattenmeer bis nach Brandenburg Windgeschwindigkeiten von 100 &#8211; 120 km\/h. Besonders betroffen war Berlin. F\u00fcr die vergleichsweise weit reichenden Sch\u00e4den waren in erster Linie nicht nur die hohen Windgeschwindigkeiten verantwortlich. Denn Xavier war ein sehr zeitiger Herbststurm. Dadurch standen viele B\u00e4ume noch im vollem Laub und boten dem Wind eine gro\u00dfe Angriffsfl\u00e4che.<\/p>\n<p>29. Oktober Orkan Heward<\/p>\n<p>Mit B\u00f6en von 95 &#8211; 125 km\/h, in der Osth\u00e4lfte, die an mehreren Schauerlinen am st\u00e4rksten waren und B\u00f6en bis 176 km\/h auf dem Fichtelberg geh\u00f6rt Herwart mit zu den st\u00e4rksten St\u00fcrmen der vergangenen 10 Jahre. Im Zusammenhang mit den richtig gro\u00dfen St\u00fcrmen der vergangenen 100 Jahre, wie Kyrill und Lothar wird uns Herwart aber wohl nicht in Erinnerung bleiben.<\/p>\n<p>Dipl.-Met. Christian Herold<\/p>\n<p>Deutscher Wetterdienst Vorhersage- und Beratungszentrale Offenbach, den 30.10.2017<\/p>\n<p>Copyright (c) Deutscher Wetterdienst<\/p>\n<\/div>\n","protected":false},"excerpt":{"rendered":"<p>Die gro\u00dfen Herbst- und Winterst\u00fcrme der vergangenen 10 Jahre. Nachdem Orkan Herwart mit Windgeschwindigkeiten von teils bis zu \u00fcber 120 km\/h gro\u00dfe Sch\u00e4den angerichtet hat, soll im heutigen Thema des Tages eine kurzer Abriss \u00fcber alle gro\u00dfen Herbst- und Winterst\u00fcrme <span class=\"excerpt-dots\">&hellip;<\/span> <a class=\"more-link\" href=\"https:\/\/www.hossi-im-netz.de\/wordpress\/die-grossen-herbst-und-winterstuerme-der-vergangenen-10-jahre\/\"><span class=\"more-msg\">Weiterlesen &rarr;<\/span><\/a><\/p>\n","protected":false},"author":1,"featured_media":4965,"comment_status":"open","ping_status":"closed","sticky":false,"template":"","format":"standard","meta":{"_exactmetrics_skip_tracking":false,"_exactmetrics_sitenote_active":false,"_exactmetrics_sitenote_note":"","_exactmetrics_sitenote_category":0,"jetpack_post_was_ever_published":false,"_jetpack_newsletter_access":"","_jetpack_dont_email_post_to_subs":false,"_jetpack_newsletter_tier_id":0,"_jetpack_memberships_contains_paywalled_content":false,"_jetpack_memberships_contains_paid_content":false,"footnotes":"","jetpack_publicize_message":"","jetpack_publicize_feature_enabled":true,"jetpack_social_post_already_shared":true,"jetpack_social_options":{"image_generator_settings":{"template":"highway","default_image_id":0,"font":"","enabled":false},"version":2}},"categories":[37],"tags":[6378,411,340,6340,6376,6380,1459,6379,6164,6377],"yst_prominent_words":[4844,6364,6359,6371,6362,6367,6358,6361,5614,6365,6369,6363,6375,6373,6370,6374,6366,6372,6368,6360],"class_list":["post-8039","post","type-post","status-publish","format-standard","has-post-thumbnail","hentry","category-wetterblog","tag-christian","tag-emma","tag-herbststurm","tag-herwart","tag-kyrill","tag-niklas","tag-wintersturm","tag-xaver","tag-xavier","tag-xynthia"],"jetpack_publicize_connections":[],"jetpack_featured_media_url":"https:\/\/www.hossi-im-netz.de\/wordpress\/wp-content\/uploads\/2016\/10\/seagull-379593_1920.jpg","jetpack_sharing_enabled":true,"jetpack_shortlink":"https:\/\/wp.me\/p5DnIb-25F","jetpack-related-posts":[],"jetpack_likes_enabled":true,"_links":{"self":[{"href":"https:\/\/www.hossi-im-netz.de\/wordpress\/wp-json\/wp\/v2\/posts\/8039","targetHints":{"allow":["GET"]}}],"collection":[{"href":"https:\/\/www.hossi-im-netz.de\/wordpress\/wp-json\/wp\/v2\/posts"}],"about":[{"href":"https:\/\/www.hossi-im-netz.de\/wordpress\/wp-json\/wp\/v2\/types\/post"}],"author":[{"embeddable":true,"href":"https:\/\/www.hossi-im-netz.de\/wordpress\/wp-json\/wp\/v2\/users\/1"}],"replies":[{"embeddable":true,"href":"https:\/\/www.hossi-im-netz.de\/wordpress\/wp-json\/wp\/v2\/comments?post=8039"}],"version-history":[{"count":1,"href":"https:\/\/www.hossi-im-netz.de\/wordpress\/wp-json\/wp\/v2\/posts\/8039\/revisions"}],"predecessor-version":[{"id":8040,"href":"https:\/\/www.hossi-im-netz.de\/wordpress\/wp-json\/wp\/v2\/posts\/8039\/revisions\/8040"}],"wp:featuredmedia":[{"embeddable":true,"href":"https:\/\/www.hossi-im-netz.de\/wordpress\/wp-json\/wp\/v2\/media\/4965"}],"wp:attachment":[{"href":"https:\/\/www.hossi-im-netz.de\/wordpress\/wp-json\/wp\/v2\/media?parent=8039"}],"wp:term":[{"taxonomy":"category","embeddable":true,"href":"https:\/\/www.hossi-im-netz.de\/wordpress\/wp-json\/wp\/v2\/categories?post=8039"},{"taxonomy":"post_tag","embeddable":true,"href":"https:\/\/www.hossi-im-netz.de\/wordpress\/wp-json\/wp\/v2\/tags?post=8039"},{"taxonomy":"yst_prominent_words","embeddable":true,"href":"https:\/\/www.hossi-im-netz.de\/wordpress\/wp-json\/wp\/v2\/yst_prominent_words?post=8039"}],"curies":[{"name":"wp","href":"https:\/\/api.w.org\/{rel}","templated":true}]}}