{"id":8090,"date":"2017-11-06T16:58:45","date_gmt":"2017-11-06T14:58:45","guid":{"rendered":"http:\/\/www.hossi-im-netz.de\/wordpress\/?p=8090"},"modified":"2017-11-06T16:58:45","modified_gmt":"2017-11-06T14:58:45","slug":"ein-erster-wintergruss","status":"publish","type":"post","link":"https:\/\/www.hossi-im-netz.de\/wordpress\/ein-erster-wintergruss\/","title":{"rendered":"Ein erster Wintergru\u00df"},"content":{"rendered":"<h2 style=\"text-align: justify;\">Ein erster Wintergru\u00df<\/h2>\n<p style=\"text-align: justify;\">Der Winter naht mit gro\u00dfen Schritten, in etwas mehr als drei Wochen beginnt nach meteorologischer Definition die kalte Jahreszeit. Ein kr\u00e4ftiges Lebenszeichen gab der Winter bereits in der Nacht zum Montag im \u00e4u\u00dfersten S\u00fcden. Dort bildete sich bis etwa 800 m herab eine geschlossene Schneedecke.<\/p>\n<p style=\"text-align: justify;\">Entdeckten Sie beim morgendlichen Blick aus dem Fenster eine farblich ver\u00e4nderte Landschaft? Falls ja, dann wohnen Sie wahrscheinlich an den Alpen, im unmittelbar angrenzenden s\u00fcdlichen Alpenvorland oder im Hochschwarzwald. Dort wandelte sich die Umgebung vom herbstlichen Braunton zu einer wei\u00dfen Winterlandschaft. Aufmerksame Leserinnen und Leser unserer Themen des Tages d\u00fcrften aber kaum \u00fcberrascht worden sein, denn bereits in der vergangenen Woche hatte sich dieser Wintereinbruch in den Modellkarten abgezeichnet und wurde entsprechend in den Wetterprognosen ber\u00fccksichtigt (siehe Thema des Tages vom 03.11.2017).<\/p>\n<p style=\"text-align: justify;\">Die f\u00fcr den Wintereinbruch verantwortliche Kaltfront eines Tiefdruckgebietes \u00fcber Skandinavien erreichte am Abend des gestrigen Sonntags die Alpen. Mit dieser str\u00f6mte Meeresluft polaren Ursprungs bis in den \u00e4u\u00dfersten S\u00fcden Deutschlands. Ein weiteres Tief \u00fcber dem Golf von Genua f\u00fchrte durch Aufgleitprozesse aus S\u00fcden zudem \u00fcber dem Alpenraum zu l\u00e4nger anhaltenden Niederschl\u00e4gen. Aufgrund dieser Kombination kam es durch die absinkende Schneefallgrenze zu Schneef\u00e4llen bis in viele Alpent\u00e4ler. An unseren Messstellen im \u00e4u\u00dfersten S\u00fcden wurde meist bis 800 m herab eine geschlossene Schneedecke registriert. Eine Auswahl an Schneeh\u00f6henmessungen: Flintsbach (1101 m) 16 cm, Feldberg (1490 m) 15 cm, Aschau-Stein (680 m) sowie Immenstadt-Reute (960 m) und einige Stationen im Hochschwarzwald 4 cm. Selbst im relativ tief gelegenen Kiefersfelden-Gach (518 m) wurden 2 cm beobachtet.<\/p>\n<p style=\"text-align: justify;\">Die Bestimmung der Schneeh\u00f6he mit automatischen Messsystemen ist kein einfaches Unterfangen. Seit l\u00e4ngerer Zeit sind daf\u00fcr Ultraschallsensoren im Einsatz, die mittels Laufzeitmessung eines Ultraschallimpulses (Frequenz 50 kHz) die aktuelle Schneeh\u00f6he indirekt und ber\u00fchrungslos bestimmen k\u00f6nnen. Der Sensor ist daf\u00fcr an einem galgen\u00e4hnlichen Gest\u00e4nge so angebracht, dass der regelm\u00e4\u00dfig ausgesendete Messimpuls im rechten Winkel auf die Oberfl\u00e4che trifft. Dieses Ultraschallsignal wird anschlie\u00dfend von der Schneedecke reflektiert und vom Sensor wieder aufgenommen. Mittels Laufzeitmessung des Signals kann die sogenannte &#8222;freie L\u00e4nge&#8220; (Bereich zwischen Sensor und Oberfl\u00e4che) bestimmt werden. In Kenntnis der Montageh\u00f6he ist die Berechnung der Schneeh\u00f6he nur mehr ein einfacher mathematischer Vorgang. Zu beachten gilt allerdings, dass die Geschwindigkeit des Ultraschalls stark von der Temperatur abh\u00e4ngig ist. Daher muss die Laufzeitmessung anhand einer separat erhobenen Lufttemperatur korrigiert werden.<\/p>\n<p style=\"text-align: justify;\">Ein weiteres Messverfahren bedient sich dem Prinzip der laserbasierten Entfernungsmessung. Dabei behilft man sich, wie bei der Ultraschallmethode, einer Laufzeitmessung des ausgesandten und reflektierten Laserstrahls. In vielen Haushalten wird dieses Messprinzip bereits gut bekannt sein, denn fast jeder Handwerker verwendet bei der professionellen Vermessung der Wohnung mittlerweile ein Lasermessger\u00e4t. Bei diesem optischen Verfahren muss der Sensor nicht im rechten Winkel auf die Schneedecke gerichtet sein, daher ist die Anbringung des Sensors am Hauptmast m\u00f6glich und ein Ausleger entbehrlich. Zudem ist keine erg\u00e4nzende Bestimmung der Lufttemperatur erforderlich, da dieses Messverfahren nicht von der Temperatur abh\u00e4ngig ist.<\/p>\n<p style=\"text-align: justify;\">Beiden Messsystemen ist gemeinsam, dass die 24-st\u00fcndige Neuschneeh\u00f6he nicht exakt bestimmt werden kann. Die einfache Subtraktion von zwei 24 Stunden auseinanderliegenden Schneeh\u00f6henmessungen weist immer einen Fehlerbereich auf, da in der Schneedecke je nach meteorologischen Einfl\u00fcssen (Lufttemperatur, Wind oder Strahlung) und Schneedeckenh\u00f6he unterschiedliche Setzungsprozesse stattfinden. Um dies zu kompensieren melden viele ehrenamtliche Beobachter dem Deutschen Wetterdienst einmal am Tag neben der gemessenen Schneeh\u00f6he auch die manuell gemessene 24-st\u00fcndige Neuschneeh\u00f6he. F\u00fcr die Erhebung wird ein sogenanntes &#8222;Schneebrett&#8220; verwendet, das man einschneien l\u00e4sst. In den Fr\u00fchstunden erfolgt die Messung des Schneezuwachses mittels eines handels\u00fcblichen Zollstocks. Nach der anschlie\u00dfenden Reinigung des Brettes kann schlie\u00dflich ein neuer Messzyklus beginnen.<\/p>\n<p style=\"text-align: justify;\">Mag.rer.nat. Florian Bilgeri<\/p>\n<p style=\"text-align: justify;\">Deutscher Wetterdienst Vorhersage- und Beratungszentrale Offenbach, den 06.11.2017<\/p>\n<p style=\"text-align: justify;\">Copyright (c) Deutscher Wetterdienst<\/p>\n<p><a href=\"https:\/\/www.hossi-im-netz.de\/wordpress\/wp-content\/uploads\/2017\/11\/2C1F62A0-2F82-4F1A-8495-D0FA1C998715.png\"><img loading=\"lazy\" decoding=\"async\" data-attachment-id=\"8092\" data-permalink=\"https:\/\/www.hossi-im-netz.de\/wordpress\/ein-erster-wintergruss\/2c1f62a0-2f82-4f1a-8495-d0fa1c998715\/\" data-orig-file=\"https:\/\/www.hossi-im-netz.de\/wordpress\/wp-content\/uploads\/2017\/11\/2C1F62A0-2F82-4F1A-8495-D0FA1C998715.png\" data-orig-size=\"1589,596\" data-comments-opened=\"1\" data-image-meta=\"{&quot;aperture&quot;:&quot;0&quot;,&quot;credit&quot;:&quot;&quot;,&quot;camera&quot;:&quot;&quot;,&quot;caption&quot;:&quot;&quot;,&quot;created_timestamp&quot;:&quot;0&quot;,&quot;copyright&quot;:&quot;&quot;,&quot;focal_length&quot;:&quot;0&quot;,&quot;iso&quot;:&quot;0&quot;,&quot;shutter_speed&quot;:&quot;0&quot;,&quot;title&quot;:&quot;&quot;,&quot;orientation&quot;:&quot;0&quot;}\" data-image-title=\"Ein erster Wintergru\u00df\" data-image-description=\"\" data-image-caption=\"\" data-medium-file=\"https:\/\/www.hossi-im-netz.de\/wordpress\/wp-content\/uploads\/2017\/11\/2C1F62A0-2F82-4F1A-8495-D0FA1C998715-300x113.png\" data-large-file=\"https:\/\/www.hossi-im-netz.de\/wordpress\/wp-content\/uploads\/2017\/11\/2C1F62A0-2F82-4F1A-8495-D0FA1C998715-1024x384.png\" class=\"alignnone size-full wp-image-8092\" src=\"https:\/\/www.hossi-im-netz.de\/wordpress\/wp-content\/uploads\/2017\/11\/2C1F62A0-2F82-4F1A-8495-D0FA1C998715.png\" alt=\"\" width=\"1589\" height=\"596\" srcset=\"https:\/\/www.hossi-im-netz.de\/wordpress\/wp-content\/uploads\/2017\/11\/2C1F62A0-2F82-4F1A-8495-D0FA1C998715.png 1589w, https:\/\/www.hossi-im-netz.de\/wordpress\/wp-content\/uploads\/2017\/11\/2C1F62A0-2F82-4F1A-8495-D0FA1C998715-300x113.png 300w, https:\/\/www.hossi-im-netz.de\/wordpress\/wp-content\/uploads\/2017\/11\/2C1F62A0-2F82-4F1A-8495-D0FA1C998715-768x288.png 768w, https:\/\/www.hossi-im-netz.de\/wordpress\/wp-content\/uploads\/2017\/11\/2C1F62A0-2F82-4F1A-8495-D0FA1C998715-1024x384.png 1024w\" sizes=\"auto, (max-width: 1589px) 100vw, 1589px\" \/><\/a><\/p>\n","protected":false},"excerpt":{"rendered":"<p>Ein erster Wintergru\u00df Der Winter naht mit gro\u00dfen Schritten, in etwas mehr als drei Wochen beginnt nach meteorologischer Definition die kalte Jahreszeit. Ein kr\u00e4ftiges Lebenszeichen gab der Winter bereits in der Nacht zum Montag im \u00e4u\u00dfersten S\u00fcden. Dort bildete sich <span class=\"excerpt-dots\">&hellip;<\/span> <a class=\"more-link\" href=\"https:\/\/www.hossi-im-netz.de\/wordpress\/ein-erster-wintergruss\/\"><span class=\"more-msg\">Weiterlesen &rarr;<\/span><\/a><\/p>\n","protected":false},"author":1,"featured_media":8092,"comment_status":"open","ping_status":"closed","sticky":false,"template":"","format":"standard","meta":{"_exactmetrics_skip_tracking":false,"_exactmetrics_sitenote_active":false,"_exactmetrics_sitenote_note":"","_exactmetrics_sitenote_category":0,"jetpack_post_was_ever_published":false,"_jetpack_newsletter_access":"","_jetpack_dont_email_post_to_subs":false,"_jetpack_newsletter_tier_id":0,"_jetpack_memberships_contains_paywalled_content":false,"_jetpack_memberships_contains_paid_content":false,"footnotes":"","jetpack_publicize_message":"","jetpack_publicize_feature_enabled":true,"jetpack_social_post_already_shared":true,"jetpack_social_options":{"image_generator_settings":{"template":"highway","default_image_id":0,"font":"","enabled":false},"version":2}},"categories":[37],"tags":[6508,304,92,6509,297],"yst_prominent_words":[6503,2983,6496,6492,6507,6497,1216,6500,6498,6495,6505,6499,6494,6493,6501,2023,6504,6506,2453,6502],"class_list":["post-8090","post","type-post","status-publish","format-standard","has-post-thumbnail","hentry","category-wetterblog","tag-ein-erster-wintergruss","tag-frost","tag-schnee","tag-schneehoehe","tag-winter"],"jetpack_publicize_connections":[],"jetpack_featured_media_url":"https:\/\/www.hossi-im-netz.de\/wordpress\/wp-content\/uploads\/2017\/11\/2C1F62A0-2F82-4F1A-8495-D0FA1C998715.png","jetpack_sharing_enabled":true,"jetpack_shortlink":"https:\/\/wp.me\/p5DnIb-26u","jetpack-related-posts":[],"jetpack_likes_enabled":true,"_links":{"self":[{"href":"https:\/\/www.hossi-im-netz.de\/wordpress\/wp-json\/wp\/v2\/posts\/8090","targetHints":{"allow":["GET"]}}],"collection":[{"href":"https:\/\/www.hossi-im-netz.de\/wordpress\/wp-json\/wp\/v2\/posts"}],"about":[{"href":"https:\/\/www.hossi-im-netz.de\/wordpress\/wp-json\/wp\/v2\/types\/post"}],"author":[{"embeddable":true,"href":"https:\/\/www.hossi-im-netz.de\/wordpress\/wp-json\/wp\/v2\/users\/1"}],"replies":[{"embeddable":true,"href":"https:\/\/www.hossi-im-netz.de\/wordpress\/wp-json\/wp\/v2\/comments?post=8090"}],"version-history":[{"count":1,"href":"https:\/\/www.hossi-im-netz.de\/wordpress\/wp-json\/wp\/v2\/posts\/8090\/revisions"}],"predecessor-version":[{"id":8093,"href":"https:\/\/www.hossi-im-netz.de\/wordpress\/wp-json\/wp\/v2\/posts\/8090\/revisions\/8093"}],"wp:featuredmedia":[{"embeddable":true,"href":"https:\/\/www.hossi-im-netz.de\/wordpress\/wp-json\/wp\/v2\/media\/8092"}],"wp:attachment":[{"href":"https:\/\/www.hossi-im-netz.de\/wordpress\/wp-json\/wp\/v2\/media?parent=8090"}],"wp:term":[{"taxonomy":"category","embeddable":true,"href":"https:\/\/www.hossi-im-netz.de\/wordpress\/wp-json\/wp\/v2\/categories?post=8090"},{"taxonomy":"post_tag","embeddable":true,"href":"https:\/\/www.hossi-im-netz.de\/wordpress\/wp-json\/wp\/v2\/tags?post=8090"},{"taxonomy":"yst_prominent_words","embeddable":true,"href":"https:\/\/www.hossi-im-netz.de\/wordpress\/wp-json\/wp\/v2\/yst_prominent_words?post=8090"}],"curies":[{"name":"wp","href":"https:\/\/api.w.org\/{rel}","templated":true}]}}