{"id":8269,"date":"2017-12-07T17:03:27","date_gmt":"2017-12-07T15:03:27","guid":{"rendered":"http:\/\/www.hossi-im-netz.de\/wordpress\/?p=8269"},"modified":"2017-12-07T17:03:27","modified_gmt":"2017-12-07T15:03:27","slug":"trueber-himmel-und-schwerewellen","status":"publish","type":"post","link":"https:\/\/www.hossi-im-netz.de\/wordpress\/trueber-himmel-und-schwerewellen\/","title":{"rendered":"Tr\u00fcber Himmel und Schwerewellen"},"content":{"rendered":"<h2 style=\"text-align: justify;\">Tr\u00fcber Himmel und Schwerewellen<\/h2>\n<p style=\"text-align: justify;\">\nHochdruckwetterlagen mit tr\u00fcbem Himmel sind im mitteleurop\u00e4ischen Winter weitaus h\u00e4ufiger anzutreffen als Pulverschnee und Sonnenschein. Aber Tr\u00fcbsal blasen lohnt nicht, immerhin bewahrte uns eine dichte Wolkendecke in den vergangenen N\u00e4chten vor allzu starkem Frost und verringerte au\u00dferdem die Nebelh\u00e4ufigkeit auf unseren Stra\u00dfen. Dar\u00fcber hinaus konnte man am gestrigen Mittwoch ein interessantes atmosph\u00e4risches Ph\u00e4nomen beobachten, dass gew\u00f6hnlich erst durch das Vorhandensein einer geschlossenen Wolkendecke sichtbar wird.<\/p>\n<p style=\"text-align: justify;\">Die in den vergangenen Tagen nach Mitteleuropa eingeflossene Atlantikluft kam dank des umfangreichen Hochdruckgebietes ANKE \u00fcber West- und Mitteleuropa zur Ruhe und auch in den mittleren und s\u00fcdlichen Teilen Deutschlands dominierte bis zum gestrigen Mittwoch Hochdruckeinfluss. Bei derartigen Wettersituationen ger\u00e4t die in &#8222;Antizyklonen&#8220; stets absinkende Luftmasse in den tieferen Schichten der Troposph\u00e4re unter h\u00f6heren Druck und kann sich durch Kompression adiabatisch, d.h. ohne \u00e4u\u00dfere Energiezufuhr erw\u00e4rmen.<\/p>\n<p style=\"text-align: justify;\">H\u00e4ufig zeigt sich dann vom Erdboden ausgehend mit zunehmender H\u00f6he im vertikalen Temperaturprofil zun\u00e4chst die \u00fcbliche Abk\u00fchlung, bevor die Temperatur pl\u00f6tzlich ansteigt oder konstant bleibt. Diesen vertikalen Temperaturanstieg nennt man &#8222;Inversion&#8220; (lat. f\u00fcr Umkehrung), eine Temperaturkonstanz wird als &#8222;Isothermie&#8220; bezeichnet. Oberhalb von Inversionen und Isothermien geht die Temperatur mit der H\u00f6he erneut zur\u00fcck, und zwar durch die gesamte Troposph\u00e4re hindurch bis zum Erreichen der Stratosph\u00e4re.<\/p>\n<p style=\"text-align: justify;\">Inversionen und Isothermien fungieren als Sperrschichten, d.h. sie verhindern den vertikalen Luftaustausch. Sollte die Absinkbewegung der Luft in Hochdruckgebieten nicht zur Bildung vertikaler Inversionen oder Isothermien reichen, so verringert sich zumindest das vertikale Temperaturgef\u00e4lle innerhalb der Luftmasse. In jedem Falle erfolgt durch Absinken der Luft deren statische Stabilisierung, Stabilit\u00e4t bedeutet, dass ein willk\u00fcrlich aufw\u00e4rts bewegter Luftk\u00f6rper nach Volumenvergr\u00f6\u00dferung und adiabatischer Abk\u00fchlung stets k\u00e4lter als seine Umgebung ist und in die Ausgangslage zur\u00fcck sackt.<\/p>\n<p style=\"text-align: justify;\">Im Winter bilden oder halten sich unterhalb von Inversionen oftmals Hochnebel bzw. Schichtwolken (Stratuswolken) oder Schichthaufenwolken (Stratokumuluswolken). Wegen der geringeren Intensit\u00e4t der Sonnenstrahlung zu dieser Jahreszeit l\u00f6sen sich Hochnebel und Wolken h\u00e4ufig gar nicht mehr auf und es bleibt ganzt\u00e4gig tr\u00fcbe. Andererseits d\u00e4mpft eine dichte und tief liegende Wolkendecke die n\u00e4chtliche Abk\u00fchlung und verhindert somit die Nebelbildung am Boden. Kein Wunder also, dass es in den N\u00e4chten zu Dienstag (05.12.) und Mittwoch (06.12.) im gr\u00f6\u00dften Teil Deutschlands frost- und nebelfrei blieb.<\/p>\n<p style=\"text-align: justify;\">Was hat das alles nun mit den oben angedeuteten &#8222;Schwerewellen&#8220; zu tun? Dieser interessante atmosph\u00e4rische Effekt setzt eine stabil geschichtete Atmosph\u00e4re voraus und wird durch eine geschlossene und tief liegende Wolkendecke erst sichtbar! Das Ph\u00e4nomen der Schwerewellen hat &#8211; nomen est omen &#8211; die allgegenw\u00e4rtige Schwerkraft als Hauptursache, wobei der genaue Entstehungsmechanismus keineswegs trivial ist und an dieser Stelle nur grob skizziert werden kann.<\/p>\n<p style=\"text-align: justify;\">Wir sprechen konkret von &#8222;internen Schwerewellen&#8220;, die innerhalb von Geofluiden, also Wasser oder Luft, mit kontinuierlicher, stabiler Schichtung auftreten k\u00f6nnen. Vereinfacht gesagt, erfolgt ihre Erregung beispielsweise dadurch, dass die Luft beim \u00dcberstr\u00f6men von Gebirgen im Luv zu Aufw\u00e4rtsbewegungen gezwungen, also nach oben ausgelenkt wird und in der Folge Schwingungen in der Vertikalen ausf\u00fchrt, bei denen die Schwerkraft als R\u00fcckstellkraft wirkt. Durch Verfrachtung mit der Str\u00f6mung auf die Leeseite der Gebirge werden aus diesen Schwingungen transversale Wellen, die den wohlbekannten Wasserwellen \u00e4hnlich sind.<\/p>\n<p style=\"text-align: justify;\">Zur Visualisierung finden Sie unten eine Aufnahme (vom 06.12.2017, 09:05 &#8211; 12:25 UTC, http:\/\/www.dwd.de\/DE\/wetter\/thema_des_tages\/2017\/12\/07.html) des abbildenden Spektroradiometers MODIS (Moderate Resolution Imaging Spectroradiometer), das auf dem polar umlaufenden, sonnensynchron fixierten Erdbeobachtungssatelliten &#8222;Terra&#8220; installiert ist.<\/p>\n<p style=\"text-align: justify;\">Ganz Nord- und Mitteldeutschland sowie unsere Nachbarl\u00e4nder sind mit Stratus- und Stratokumuluswolken bedeckt, nur die h\u00f6chsten Lagen von Harz (bis 1142 m NN), Erzgebirge (bis 1244 m NN) und B\u00f6hmerwald (bis 1456 m NN) ragen aus der Bew\u00f6lkung heraus. Der blaue Kreis kennzeichnet Leipzig, unten links befinden sich an der Station Bergen (Krs. Celle, Niedersachsen) gewonnene und f\u00fcr die Luftmasse repr\u00e4sentative Vertikalprofile von Temperatur und Taupunkt, oben rechts stehen zus\u00e4tzliche Informationen zu den Satellitendaten.<\/p>\n<p style=\"text-align: justify;\">Wegen der Verdr\u00e4ngung der Luft aufw\u00e4rts beim Anstr\u00f6men der Mittelgebirge aus westnordwestlicher Richtung werden interne Schwerewellen angeregt, die sich im wellenf\u00f6rmigen Muster der Bew\u00f6lkung widerspiegeln. Durch adiabatische Erw\u00e4rmung beim Absinken kommt es vor allem im Lee des B\u00f6hmerwaldes teilweise zu Wolkenaufl\u00f6sung und somit zu Aufheiterungen.<\/p>\n<p style=\"text-align: justify;\">Dipl.-Met. Thomas Ruppert<\/p>\n<p style=\"text-align: justify;\">Deutscher Wetterdienst Vorhersage- und Beratungszentrale Offenbach, den 07.12.2017<\/p>\n<p style=\"text-align: justify;\">Copyright (c) Deutscher Wetterdienst<\/p>\n<p>&nbsp;<\/p>\n<p><a href=\"https:\/\/www.hossi-im-netz.de\/wordpress\/wp-content\/uploads\/2017\/12\/56491ED9-EE5E-4A2B-B66A-E4AF9EC6A248.jpeg\"><img loading=\"lazy\" decoding=\"async\" data-attachment-id=\"8270\" data-permalink=\"https:\/\/www.hossi-im-netz.de\/wordpress\/trueber-himmel-und-schwerewellen\/56491ed9-ee5e-4a2b-b66a-e4af9ec6a248\/\" data-orig-file=\"https:\/\/www.hossi-im-netz.de\/wordpress\/wp-content\/uploads\/2017\/12\/56491ED9-EE5E-4A2B-B66A-E4AF9EC6A248.jpeg\" data-orig-size=\"964,724\" data-comments-opened=\"1\" data-image-meta=\"{&quot;aperture&quot;:&quot;0&quot;,&quot;credit&quot;:&quot;&quot;,&quot;camera&quot;:&quot;&quot;,&quot;caption&quot;:&quot;&quot;,&quot;created_timestamp&quot;:&quot;0&quot;,&quot;copyright&quot;:&quot;&quot;,&quot;focal_length&quot;:&quot;0&quot;,&quot;iso&quot;:&quot;0&quot;,&quot;shutter_speed&quot;:&quot;0&quot;,&quot;title&quot;:&quot;&quot;,&quot;orientation&quot;:&quot;0&quot;}\" data-image-title=\"56491ED9-EE5E-4A2B-B66A-E4AF9EC6A248\" data-image-description=\"\" data-image-caption=\"\" data-medium-file=\"https:\/\/www.hossi-im-netz.de\/wordpress\/wp-content\/uploads\/2017\/12\/56491ED9-EE5E-4A2B-B66A-E4AF9EC6A248-300x225.jpeg\" data-large-file=\"https:\/\/www.hossi-im-netz.de\/wordpress\/wp-content\/uploads\/2017\/12\/56491ED9-EE5E-4A2B-B66A-E4AF9EC6A248.jpeg\" class=\"alignnone size-full wp-image-8270\" src=\"https:\/\/www.hossi-im-netz.de\/wordpress\/wp-content\/uploads\/2017\/12\/56491ED9-EE5E-4A2B-B66A-E4AF9EC6A248.jpeg\" alt=\"Tr\u00fcber Himmel und Schwerewellen\" width=\"964\" height=\"724\" srcset=\"https:\/\/www.hossi-im-netz.de\/wordpress\/wp-content\/uploads\/2017\/12\/56491ED9-EE5E-4A2B-B66A-E4AF9EC6A248.jpeg 964w, https:\/\/www.hossi-im-netz.de\/wordpress\/wp-content\/uploads\/2017\/12\/56491ED9-EE5E-4A2B-B66A-E4AF9EC6A248-300x225.jpeg 300w, https:\/\/www.hossi-im-netz.de\/wordpress\/wp-content\/uploads\/2017\/12\/56491ED9-EE5E-4A2B-B66A-E4AF9EC6A248-768x577.jpeg 768w\" sizes=\"auto, (max-width: 964px) 100vw, 964px\" \/><\/a><\/p>\n","protected":false},"excerpt":{"rendered":"<p>Tr\u00fcber Himmel und Schwerewellen Hochdruckwetterlagen mit tr\u00fcbem Himmel sind im mitteleurop\u00e4ischen Winter weitaus h\u00e4ufiger anzutreffen als Pulverschnee und Sonnenschein. Aber Tr\u00fcbsal blasen lohnt nicht, immerhin bewahrte uns eine dichte Wolkendecke in den vergangenen N\u00e4chten vor allzu starkem Frost und verringerte <span class=\"excerpt-dots\">&hellip;<\/span> <a class=\"more-link\" href=\"https:\/\/www.hossi-im-netz.de\/wordpress\/trueber-himmel-und-schwerewellen\/\"><span class=\"more-msg\">Weiterlesen &rarr;<\/span><\/a><\/p>\n","protected":false},"author":1,"featured_media":8270,"comment_status":"open","ping_status":"closed","sticky":false,"template":"","format":"standard","meta":{"_exactmetrics_skip_tracking":false,"_exactmetrics_sitenote_active":false,"_exactmetrics_sitenote_note":"","_exactmetrics_sitenote_category":0,"jetpack_post_was_ever_published":false,"_jetpack_newsletter_access":"","_jetpack_dont_email_post_to_subs":false,"_jetpack_newsletter_tier_id":0,"_jetpack_memberships_contains_paywalled_content":false,"_jetpack_memberships_contains_paid_content":false,"footnotes":"","jetpack_publicize_message":"","jetpack_publicize_feature_enabled":true,"jetpack_social_post_already_shared":true,"jetpack_social_options":{"image_generator_settings":{"template":"highway","default_image_id":0,"font":"","enabled":false},"version":2}},"categories":[37],"tags":[3191,6822,6823,6824,297],"yst_prominent_words":[2121,1216,2960,2125,6818,6812,6819,6814,5510,3516,6811,1420,6820,6816,1629,6815,6813,6817,1412,2572],"class_list":["post-8269","post","type-post","status-publish","format-standard","has-post-thumbnail","hentry","category-wetterblog","tag-hochdruckwetterlagen","tag-pulverschnee","tag-schwerewellen","tag-trueber-himmel","tag-winter"],"jetpack_publicize_connections":[],"jetpack_featured_media_url":"https:\/\/www.hossi-im-netz.de\/wordpress\/wp-content\/uploads\/2017\/12\/56491ED9-EE5E-4A2B-B66A-E4AF9EC6A248.jpeg","jetpack_sharing_enabled":true,"jetpack_shortlink":"https:\/\/wp.me\/p5DnIb-29n","jetpack-related-posts":[],"jetpack_likes_enabled":true,"_links":{"self":[{"href":"https:\/\/www.hossi-im-netz.de\/wordpress\/wp-json\/wp\/v2\/posts\/8269","targetHints":{"allow":["GET"]}}],"collection":[{"href":"https:\/\/www.hossi-im-netz.de\/wordpress\/wp-json\/wp\/v2\/posts"}],"about":[{"href":"https:\/\/www.hossi-im-netz.de\/wordpress\/wp-json\/wp\/v2\/types\/post"}],"author":[{"embeddable":true,"href":"https:\/\/www.hossi-im-netz.de\/wordpress\/wp-json\/wp\/v2\/users\/1"}],"replies":[{"embeddable":true,"href":"https:\/\/www.hossi-im-netz.de\/wordpress\/wp-json\/wp\/v2\/comments?post=8269"}],"version-history":[{"count":1,"href":"https:\/\/www.hossi-im-netz.de\/wordpress\/wp-json\/wp\/v2\/posts\/8269\/revisions"}],"predecessor-version":[{"id":8271,"href":"https:\/\/www.hossi-im-netz.de\/wordpress\/wp-json\/wp\/v2\/posts\/8269\/revisions\/8271"}],"wp:featuredmedia":[{"embeddable":true,"href":"https:\/\/www.hossi-im-netz.de\/wordpress\/wp-json\/wp\/v2\/media\/8270"}],"wp:attachment":[{"href":"https:\/\/www.hossi-im-netz.de\/wordpress\/wp-json\/wp\/v2\/media?parent=8269"}],"wp:term":[{"taxonomy":"category","embeddable":true,"href":"https:\/\/www.hossi-im-netz.de\/wordpress\/wp-json\/wp\/v2\/categories?post=8269"},{"taxonomy":"post_tag","embeddable":true,"href":"https:\/\/www.hossi-im-netz.de\/wordpress\/wp-json\/wp\/v2\/tags?post=8269"},{"taxonomy":"yst_prominent_words","embeddable":true,"href":"https:\/\/www.hossi-im-netz.de\/wordpress\/wp-json\/wp\/v2\/yst_prominent_words?post=8269"}],"curies":[{"name":"wp","href":"https:\/\/api.w.org\/{rel}","templated":true}]}}