{"id":8509,"date":"2018-01-06T15:00:52","date_gmt":"2018-01-06T13:00:52","guid":{"rendered":"http:\/\/www.hossi-im-netz.de\/wordpress\/?p=8509"},"modified":"2018-01-06T15:00:52","modified_gmt":"2018-01-06T13:00:52","slug":"winter-gegen-fruehling-nach-dem-dauerregen-steht-deutschland-beim-wetter-sprichwoertlich-zwischen-den-stuehlen","status":"publish","type":"post","link":"https:\/\/www.hossi-im-netz.de\/wordpress\/winter-gegen-fruehling-nach-dem-dauerregen-steht-deutschland-beim-wetter-sprichwoertlich-zwischen-den-stuehlen\/","title":{"rendered":"Winter gegen Fr\u00fchling &#8211; Nach dem Dauerregen steht Deutschland beim Wetter sprichw\u00f6rtlich zwischen den St\u00fchlen!"},"content":{"rendered":"<h2 style=\"text-align: justify;\">Winter gegen Fr\u00fchling &#8211; Nach dem Dauerregen steht Deutschland beim Wetter sprichw\u00f6rtlich zwischen den St\u00fchlen!<\/h2>\n<p style=\"text-align: justify;\">\nDer Dauerregen verabschiedet sich und die Hochwasserlage kommt nun auch allm\u00e4hlich zur Ruhe! Dann kann ja vor\u00fcbergehend der Fokus auf das Duell Winter gegen Fr\u00fchling gerichtet werden, den mittelfristig zumindest nicht der Erstgenannte f\u00fcr sich entscheiden sollte.<\/p>\n<p style=\"text-align: justify;\">Wie schon in den Themen des Tages vom 27. Dezember 2017 und 01. Januar 2018 beschrieben (siehe Archiv), dominieren etwa seit Weihnachten wiederholt atlantische Tiefdruckgebiete das Wettergeschehen in Mitteleuropa und somit auch in Deutschland. Wie Perlen an der Schnur zogen sie immer wieder mit einer kr\u00e4ftigen westlichen Str\u00f6mung von Neufundland bis nach Skandinavien. Dabei brachten sie auf der S\u00fcdseite \u00fcberwiegend milde Atlantikluft bis weit auf den europ\u00e4ischen Kontinent, sodass auch in Deutschland meist eher wenig winterliche Temperaturen vorherrschten. Von gr\u00f6\u00dferer Bedeutung waren aber die Regenmassen, die die Tiefs mit im Gep\u00e4ck hatten. So fielen seit Silvester verbreitet zwischen 20 und 50 Liter pro Quadratmeter (l\/qm) und im Bergland West- und S\u00fcddeutschlands sowie im K\u00fcstenumfeld bis 100 l\/qm. Im Schwarzwald und im Allg\u00e4u wurde sogar Regenmengen \u00fcber 150 l\/qm im genannten Zeitraum verzeichnet (vgl. Graphik 1). Die Folge war bzw. ist teils gro\u00dfes oder sehr gro\u00dfe Hochwasser an kleineren Fl\u00fcssen und B\u00e4chen, sowie \u00fcberwiegend mittleres Hochwasser an den gro\u00dfen Fl\u00fcssen wie Rhein, Main, Mosel, Weser und Donau (vgl. Graphik 2). In K\u00f6ln beispielsweise lag der Pegel am Samstagmorgen bei knapp 8 Metern, doch der Wellenscheitel ist noch lange nicht erreicht. Sowohl der Neckar als auch die Mosel pumpen weiter viel Wasser in den Rhein, der vom Oberrhein her eh schon gut gef\u00fcllt ist. Entsprechend wird derzeit in K\u00f6ln mit einem Pegel gerechnet, der auf etwa 9 Meter steigen k\u00f6nnte (vgl. Graphik 3). Die Marke von 9 Metern wurde in diesem Jahrtausend erst zweimal \u00fcberschritten, im Januar 2003 und im M\u00e4rz 2001. Der h\u00f6chste Wasserstand wurde in K\u00f6ln mit 10,69 Metern im Januar 1995 sowie auch im Januar 1926 registriert. Nach dem Dauerregen der vergangenen Tage beruhigt sich das Wetter nun zunehmend, sodass sich die Hochwasserlage an den Fl\u00fcssen entspannen wird. Verantwortlich daf\u00fcr ist Hoch &#8222;Adam&#8220;, das sich zwischen Island und den Britischen Inseln breit macht und seinen Einfluss teilweise bis nach Deutschland ausweitet. Damit kann er die Vorherrschaft der ausgepr\u00e4gten Tiefdruckgebiete &#8222;Christine&#8220; und &#8222;Burglind&#8220; \u00fcber Skandinavien bzw. Westrussland sowie Dora \u00fcber der Iberischen Halbinsel zumindest zeitweise unterbinden. Besonders bevorzugt sind in den n\u00e4chsten Tagen der Norden und Nordosten des Landes, wo l\u00e4ngere Zeit die Sonne scheint. Aber auch sonst sind zumindest ab dem morgigen Sonntag vor\u00fcbergehend kaum Niederschl\u00e4ge zu erwarten.<\/p>\n<p style=\"text-align: justify;\">Zuvor macht bis zum Sonntag aber noch eine Luftmassengrenze (Warmfront) etwas Probleme. Ausgehend von Tief &#8222;Christine&#8220; \u00fcber Finnland erstreckt sich diese \u00fcber Deutschland und Frankreich hinweg bis zum Tief &#8222;Dora&#8220; an der Mittelmeerk\u00fcste Spaniens. Dabei trennt die Luftmassengrenze warme Luft subtropischen Ursprungs aus dem S\u00fcden von k\u00fchlen Luftmassen polaren Ursprungs im Norden. Im Umfeld dieser Grenze sind am heutigen Samstag weitere leichte Regenf\u00e4lle zu erwarten, die sich in der Nacht und am Sonntag unter Abschw\u00e4chung in die \u00f6stlichen Landesteile und dort bevorzugt in den Mittelgebirgsraum zur\u00fcckziehen. Am Montag liegt die Luftmassengrenze mit der Verlagerung von Hoch &#8222;Adam&#8220; Richtung Polen quer \u00fcber Deutschland etwa vom Niederrhein bis zum Fichtelgebirge. Bei Zufuhr von kalter Festlandsluft bleibt es im Norden und Osten bei H\u00f6chstwerten zwischen 0 und 5 Grad und n\u00e4chtlichem, teils m\u00e4\u00dfigem Frost unter -5 Grad relativ &#8222;winterlich&#8220;. Dagegen steigen nach S\u00fcden und S\u00fcdwesten die Tagesh\u00f6chsttemperaturen gebietsweise, im s\u00fcdlichen Alpenvorland mit f\u00f6hniger Unterst\u00fctzung auf zweistellige Werte an. Da &#8222;Adam&#8220; aber nicht in seiner Lage verharrt und stattdessen seinen Weg gen S\u00fcdosten fortsetzt und sich am Dienstag schlie\u00dflich \u00fcber der Ukraine einfindet, wird der Weg im Westen wieder f\u00fcr Tiefs frei. Zwischen dem Hoch im Osten und tiefem Luftdruck im Westen kann sich dann eine s\u00fcdliche Grundstr\u00f6mung mit erneuter Zufuhr milder Luft ausbilden, die die k\u00fchle Luft allm\u00e4hlich auch im Nordosten wieder verdr\u00e4ngt. Damit wird das Wetter abermals unbest\u00e4ndig, derzeit sind jedoch keine weiteren Dauerniederschl\u00e4ge in Sicht sind. Bevorzugt bleibt der Alpenraum, wo zumindest bis Wochenmitte die f\u00f6hnige Situation mit viel Sonnenschein und recht &#8222;hohen&#8220; Temperaturen erhalten bleibt. Aus heutiger Sicht schafft es der Winter also weiterhin nicht, in Deutschland richtig Fu\u00df zu fassen. Stattdessen \u00fcberwiegen oftmals milde Luftmassen aus s\u00fcdlicheren Gefilden. Aber die Hoffnung stirbt ja bekanntlich zuletzt, schlie\u00dflich sind winterliche Bedingungen trotz der milden Vorgeschichte bis in den April hinein gut m\u00f6glich.<\/p>\n<p style=\"text-align: justify;\">Dipl.-Met. Lars Kirchh\u00fcbel<\/p>\n<p style=\"text-align: justify;\">Deutscher Wetterdienst Vorhersage- und Beratungszentrale Offenbach, den 06.01.2018<\/p>\n<p style=\"text-align: justify;\">Copyright (c) Deutscher Wetterdienst<\/p>\n<p>&nbsp;<\/p>\n<p><a href=\"https:\/\/www.hossi-im-netz.de\/wordpress\/wp-content\/uploads\/2018\/01\/04556316-F51F-47DB-9CF1-5EBFDB62A3BD.png\"><img loading=\"lazy\" decoding=\"async\" data-attachment-id=\"8510\" data-permalink=\"https:\/\/www.hossi-im-netz.de\/wordpress\/winter-gegen-fruehling-nach-dem-dauerregen-steht-deutschland-beim-wetter-sprichwoertlich-zwischen-den-stuehlen\/04556316-f51f-47db-9cf1-5ebfdb62a3bd\/\" data-orig-file=\"https:\/\/www.hossi-im-netz.de\/wordpress\/wp-content\/uploads\/2018\/01\/04556316-F51F-47DB-9CF1-5EBFDB62A3BD.png\" data-orig-size=\"1109,825\" data-comments-opened=\"1\" data-image-meta=\"{&quot;aperture&quot;:&quot;0&quot;,&quot;credit&quot;:&quot;&quot;,&quot;camera&quot;:&quot;&quot;,&quot;caption&quot;:&quot;&quot;,&quot;created_timestamp&quot;:&quot;0&quot;,&quot;copyright&quot;:&quot;&quot;,&quot;focal_length&quot;:&quot;0&quot;,&quot;iso&quot;:&quot;0&quot;,&quot;shutter_speed&quot;:&quot;0&quot;,&quot;title&quot;:&quot;&quot;,&quot;orientation&quot;:&quot;0&quot;}\" data-image-title=\"Winter gegen Fr\u00fchling &amp;#8211; Nach dem Dauerregen steht Deutschland beim Wetter sprichw\u00f6rtlich zwischen den St\u00fchlen!\" data-image-description=\"&lt;p&gt;Winter gegen Fr\u00fchling &amp;#8211; Nach dem Dauerregen steht Deutschland beim Wetter sprichw\u00f6rtlich zwischen den St\u00fchlen!&lt;\/p&gt;\n\" data-image-caption=\"\" data-medium-file=\"https:\/\/www.hossi-im-netz.de\/wordpress\/wp-content\/uploads\/2018\/01\/04556316-F51F-47DB-9CF1-5EBFDB62A3BD-300x223.png\" data-large-file=\"https:\/\/www.hossi-im-netz.de\/wordpress\/wp-content\/uploads\/2018\/01\/04556316-F51F-47DB-9CF1-5EBFDB62A3BD-1024x762.png\" class=\"alignnone size-full wp-image-8510\" src=\"https:\/\/www.hossi-im-netz.de\/wordpress\/wp-content\/uploads\/2018\/01\/04556316-F51F-47DB-9CF1-5EBFDB62A3BD.png\" alt=\"\" width=\"1109\" height=\"825\" srcset=\"https:\/\/www.hossi-im-netz.de\/wordpress\/wp-content\/uploads\/2018\/01\/04556316-F51F-47DB-9CF1-5EBFDB62A3BD.png 1109w, https:\/\/www.hossi-im-netz.de\/wordpress\/wp-content\/uploads\/2018\/01\/04556316-F51F-47DB-9CF1-5EBFDB62A3BD-300x223.png 300w, https:\/\/www.hossi-im-netz.de\/wordpress\/wp-content\/uploads\/2018\/01\/04556316-F51F-47DB-9CF1-5EBFDB62A3BD-768x571.png 768w, https:\/\/www.hossi-im-netz.de\/wordpress\/wp-content\/uploads\/2018\/01\/04556316-F51F-47DB-9CF1-5EBFDB62A3BD-1024x762.png 1024w\" sizes=\"auto, (max-width: 1109px) 100vw, 1109px\" \/><\/a><\/p>\n","protected":false},"excerpt":{"rendered":"<p>Winter gegen Fr\u00fchling &#8211; Nach dem Dauerregen steht Deutschland beim Wetter sprichw\u00f6rtlich zwischen den St\u00fchlen! Der Dauerregen verabschiedet sich und die Hochwasserlage kommt nun auch allm\u00e4hlich zur Ruhe! Dann kann ja vor\u00fcbergehend der Fokus auf das Duell Winter gegen Fr\u00fchling <span class=\"excerpt-dots\">&hellip;<\/span> <a class=\"more-link\" href=\"https:\/\/www.hossi-im-netz.de\/wordpress\/winter-gegen-fruehling-nach-dem-dauerregen-steht-deutschland-beim-wetter-sprichwoertlich-zwischen-den-stuehlen\/\"><span class=\"more-msg\">Weiterlesen &rarr;<\/span><\/a><\/p>\n","protected":false},"author":1,"featured_media":8510,"comment_status":"open","ping_status":"closed","sticky":false,"template":"","format":"standard","meta":{"_exactmetrics_skip_tracking":false,"_exactmetrics_sitenote_active":false,"_exactmetrics_sitenote_note":"","_exactmetrics_sitenote_category":0,"jetpack_post_was_ever_published":false,"_jetpack_newsletter_access":"","_jetpack_dont_email_post_to_subs":false,"_jetpack_newsletter_tier_id":0,"_jetpack_memberships_contains_paywalled_content":false,"_jetpack_memberships_contains_paid_content":false,"footnotes":"","jetpack_publicize_message":"","jetpack_publicize_feature_enabled":true,"jetpack_social_post_already_shared":true,"jetpack_social_options":{"image_generator_settings":{"template":"highway","default_image_id":0,"font":"","enabled":false},"version":2}},"categories":[37],"tags":[236,70,234,297],"yst_prominent_words":[2154,8366,8367,3082,1216,1411,2287,8364,8363,2290,8365,5506,5067,4629,2858,3598,5686,1220,1412,8362],"class_list":["post-8509","post","type-post","status-publish","format-standard","has-post-thumbnail","hentry","category-wetterblog","tag-dauerregen","tag-fruehling","tag-hochwasser","tag-winter"],"jetpack_publicize_connections":[],"jetpack_featured_media_url":"https:\/\/www.hossi-im-netz.de\/wordpress\/wp-content\/uploads\/2018\/01\/04556316-F51F-47DB-9CF1-5EBFDB62A3BD.png","jetpack_sharing_enabled":true,"jetpack_shortlink":"https:\/\/wp.me\/p5DnIb-2df","jetpack-related-posts":[],"jetpack_likes_enabled":true,"_links":{"self":[{"href":"https:\/\/www.hossi-im-netz.de\/wordpress\/wp-json\/wp\/v2\/posts\/8509","targetHints":{"allow":["GET"]}}],"collection":[{"href":"https:\/\/www.hossi-im-netz.de\/wordpress\/wp-json\/wp\/v2\/posts"}],"about":[{"href":"https:\/\/www.hossi-im-netz.de\/wordpress\/wp-json\/wp\/v2\/types\/post"}],"author":[{"embeddable":true,"href":"https:\/\/www.hossi-im-netz.de\/wordpress\/wp-json\/wp\/v2\/users\/1"}],"replies":[{"embeddable":true,"href":"https:\/\/www.hossi-im-netz.de\/wordpress\/wp-json\/wp\/v2\/comments?post=8509"}],"version-history":[{"count":1,"href":"https:\/\/www.hossi-im-netz.de\/wordpress\/wp-json\/wp\/v2\/posts\/8509\/revisions"}],"predecessor-version":[{"id":8511,"href":"https:\/\/www.hossi-im-netz.de\/wordpress\/wp-json\/wp\/v2\/posts\/8509\/revisions\/8511"}],"wp:featuredmedia":[{"embeddable":true,"href":"https:\/\/www.hossi-im-netz.de\/wordpress\/wp-json\/wp\/v2\/media\/8510"}],"wp:attachment":[{"href":"https:\/\/www.hossi-im-netz.de\/wordpress\/wp-json\/wp\/v2\/media?parent=8509"}],"wp:term":[{"taxonomy":"category","embeddable":true,"href":"https:\/\/www.hossi-im-netz.de\/wordpress\/wp-json\/wp\/v2\/categories?post=8509"},{"taxonomy":"post_tag","embeddable":true,"href":"https:\/\/www.hossi-im-netz.de\/wordpress\/wp-json\/wp\/v2\/tags?post=8509"},{"taxonomy":"yst_prominent_words","embeddable":true,"href":"https:\/\/www.hossi-im-netz.de\/wordpress\/wp-json\/wp\/v2\/yst_prominent_words?post=8509"}],"curies":[{"name":"wp","href":"https:\/\/api.w.org\/{rel}","templated":true}]}}