{"id":8523,"date":"2018-01-08T14:13:42","date_gmt":"2018-01-08T12:13:42","guid":{"rendered":"http:\/\/www.hossi-im-netz.de\/wordpress\/?p=8523"},"modified":"2018-01-08T14:13:42","modified_gmt":"2018-01-08T12:13:42","slug":"die-gefuehlte-temperatur-2","status":"publish","type":"post","link":"https:\/\/www.hossi-im-netz.de\/wordpress\/die-gefuehlte-temperatur-2\/","title":{"rendered":"Die gef\u00fchlte Temperatur"},"content":{"rendered":"<h2 style=\"text-align: justify;\">Die gef\u00fchlte Temperatur<\/h2>\n<p style=\"text-align: justify;\">\nIn Norddeutschland ist es derzeit sowohl nachts als auch tags\u00fcber am k\u00e4ltesten. Gef\u00fchlt liegen die Temperaturen sogar noch tiefer. Wovon die &#8222;gef\u00fchlte Temperatur&#8220; abh\u00e4ngt und wann wir uns am wohlsten f\u00fchlen, erfahren Sie im heutigen Thema des Tages.<\/p>\n<p style=\"text-align: justify;\">In der vergangenen Nacht gab es in der Norddeutschen Tiefebene verbreitet leichten bis m\u00e4\u00dfigen Frost, am k\u00e4ltesten war es in Barth mit -9,4 Grad. Und auch tags\u00fcber schafft es das Quecksilber nur m\u00fchsam \u00fcber die Nullgradmarke &#8211; H\u00f6chstwerte um 1 Grad stehen in Norddeutschland am heutigen Montag ins Haus, \u00f6rtlich wird es wohl sogar nur f\u00fcr einen Eistag reichen. Angesichts des allm\u00e4hlich zunehmenden Ostwindes kommen einem diese Temperaturen trotz Sonnenscheins sogar noch k\u00e4lter vor.<\/p>\n<p style=\"text-align: justify;\">Der W\u00e4rmehaushalt des Menschen reagiert nicht nur auf die Lufttemperatur, sondern eben auch auf die Windgeschwindigkeit, Luftfeuchtigkeit und Sonnenstrahlung sowie auf die W\u00e4rmestrahlung der Atmosph\u00e4re. Von entscheidender Bedeutung sind zudem der Aktivit\u00e4tsgrad des Menschen und wie gut die Kleidung, die er tr\u00e4gt, isoliert.<\/p>\n<p style=\"text-align: justify;\">Eine M\u00f6glichkeit, das Temperaturempfinden eines Menschen zu beschreiben, ist die &#8222;gef\u00fchlte Temperatur&#8220;. Diese vergleicht die tats\u00e4chlich vorhandenen \u00e4u\u00dferen Bedingungen mit der Temperatur, die in einer Standardumgebung herrschen m\u00fcsste, um ein identisches W\u00e4rme-, Behaglichkeits- oder K\u00e4ltegef\u00fchl zu haben. Als Standard gilt dabei ein Bereich mit Schatten, in dem die Umgebungsfl\u00e4chen die gleiche Temperatur haben wie die Luft und in dem nur ein leichter Windzug von 0,2 Metern pro Sekunde herrscht. Zudem wird eine Aktivit\u00e4t des Menschen angenommen, bei der die gleiche Leistung erbracht wird wie beim Gehen mit vier Kilometern pro Stunde. Damit m\u00f6glichst Behaglichkeit erreicht wird, kann der Mensch seine Kleidung stets an die vorherrschenden Bedingungen anpassen, wobei die Kleidung ein Spektrum zwischen sommerlich leicht und winterlich dick aufweist.<\/p>\n<p style=\"text-align: justify;\">Im Deutschen Wetterdienst wird die gef\u00fchlte Temperatur mit dem sogenannten &#8222;Klima-Michel-Modell&#8220; berechnet, das den W\u00e4rmehaushalt eines Modellmenschen bewertet. Der &#8222;Klima-Michel&#8220; ist eine m\u00e4nnliche Person mit einer Gr\u00f6\u00dfe von 1,75 Metern, einem Gewicht von 75 Kilogramm und einem Alter von etwa 35 Jahren. Sein W\u00e4rmehaushalt ist im Wesentlichen von der Lufttemperatur, Luftfeuchte, Sonneneinstrahlung und Windgeschwindigkeit abh\u00e4ngig. So steigt die gef\u00fchlte Temperatur unter warm-sonnigen, feuchten und windschwachen Bedingungen viel schneller als die Lufttemperatur an. Bei angenehmen, milden und trockenen Bedingungen mit m\u00e4\u00dfigem Wind kann sie aber auch unter die Lufttemperatur absinken. Unter kalter, insbesondere windstarker \u00e4u\u00dferer Umwelt kann die gef\u00fchlte Temperatur um teils mehr als 15 \u00b0C unter der Lufttemperatur liegen. Sonne und Windstille k\u00f6nnen die gef\u00fchlte Temperatur hingegen \u00fcber die Lufttemperatur klettern lassen.<\/p>\n<p style=\"text-align: justify;\">Die gef\u00fchlte Temperatur l\u00e4sst sich in eine physiologisch gerechte Bewertung des thermischen Empfindens &#8222;\u00fcbersetzen&#8220;. Eine gef\u00fchlte Temperatur zwischen 0 und +20 Grad empfinden wir als angenehm, man spricht daher auch vom &#8222;Behaglichkeits-&#8220; oder &#8222;Komfortbereich&#8220;. Ist es k\u00e4lter oder w\u00e4rmer, leiden wir unter K\u00e4ltestress bzw. W\u00e4rmebelastung (siehe Tabelle unter https:\/\/www.dwd.de\/DE\/wetter\/thema_des_tages\/2018\/1\/8.html). Je weiter sich die gef\u00fchlte Temperatur vom Komfortbereich entfernt, umso st\u00e4rker werden Herz, Kreislauf und periphere Gef\u00e4\u00dfe belastet.<\/p>\n<p style=\"text-align: justify;\">So muss unter sehr warmen Bedingungen das Herz eine h\u00f6here Leistung erbringen, da es viel durch Schwei\u00dfverdunstung auf der Haut abgek\u00fchltes Blut umw\u00e4lzen muss, um den K\u00f6rperkern bei der f\u00fcr alle Organfunktionen optimalen Temperatur von ca. 37 \u00b0C zu halten. Da der Mensch aber kein Standardobjekt, sondern ein Individuum ist, kommt es individuell auch zu abweichenden Beurteilungen vom thermischen Komfort bzw. Diskomfort. Faktoren wie unterschiedliche Akklimatisation und auch genetische Adaption spielen dabei eine Rolle.<\/p>\n<p style=\"text-align: justify;\">Schaut man auf die gef\u00fchlte Temperatur von heute fr\u00fch 8 Uhr (siehe Grafik (1)), so liegen diese in Norddeutschland verbreitet unter -10, gebietsweise sogar unter -15 Grad, sodass unser &#8222;Michel&#8220; schwachen bis m\u00e4\u00dfigen K\u00e4ltestress empfindet. Heute Mittag (Grafik (2)) wird es zwar gef\u00fchlt w\u00e4rmer mit Werten um -9 Grad, vom Komfort ist man da aber auch noch ein ganzes St\u00fcck entfernt. In den n\u00e4chsten Tagen macht die bereits im S\u00fcden Deutschlands lagernde milde Luft allm\u00e4hlich Raum nach Norden gut, im Nordosten bleibt es am l\u00e4ngsten beim schwachen K\u00e4ltestress.<\/p>\n<p style=\"text-align: justify;\">M.Sc. Met. Stefan Bach<\/p>\n<p style=\"text-align: justify;\">Deutscher Wetterdienst Vorhersage- und Beratungszentrale Offenbach, den 08.01.2018<\/p>\n<p style=\"text-align: justify;\">Copyright (c) Deutscher Wetterdienst<\/p>\n<p>&nbsp;<\/p>\n<p style=\"text-align: justify;\"><a href=\"https:\/\/www.hossi-im-netz.de\/wordpress\/wp-content\/uploads\/2018\/01\/EEEA7648-6616-40F0-A663-A9B233714D18.png\"><img loading=\"lazy\" decoding=\"async\" data-attachment-id=\"8524\" data-permalink=\"https:\/\/www.hossi-im-netz.de\/wordpress\/die-gefuehlte-temperatur-2\/eeea7648-6616-40f0-a663-a9b233714d18\/\" data-orig-file=\"https:\/\/www.hossi-im-netz.de\/wordpress\/wp-content\/uploads\/2018\/01\/EEEA7648-6616-40F0-A663-A9B233714D18.png\" data-orig-size=\"1204,811\" data-comments-opened=\"1\" data-image-meta=\"{&quot;aperture&quot;:&quot;0&quot;,&quot;credit&quot;:&quot;&quot;,&quot;camera&quot;:&quot;&quot;,&quot;caption&quot;:&quot;&quot;,&quot;created_timestamp&quot;:&quot;0&quot;,&quot;copyright&quot;:&quot;&quot;,&quot;focal_length&quot;:&quot;0&quot;,&quot;iso&quot;:&quot;0&quot;,&quot;shutter_speed&quot;:&quot;0&quot;,&quot;title&quot;:&quot;&quot;,&quot;orientation&quot;:&quot;0&quot;}\" data-image-title=\"Die gef\u00fchlte Temperatur\" data-image-description=\"\" data-image-caption=\"\" data-medium-file=\"https:\/\/www.hossi-im-netz.de\/wordpress\/wp-content\/uploads\/2018\/01\/EEEA7648-6616-40F0-A663-A9B233714D18-300x202.png\" data-large-file=\"https:\/\/www.hossi-im-netz.de\/wordpress\/wp-content\/uploads\/2018\/01\/EEEA7648-6616-40F0-A663-A9B233714D18-1024x690.png\" class=\"alignnone size-full wp-image-8524\" src=\"https:\/\/www.hossi-im-netz.de\/wordpress\/wp-content\/uploads\/2018\/01\/EEEA7648-6616-40F0-A663-A9B233714D18.png\" alt=\"Die gef\u00fchlte Temperatur\" width=\"1204\" height=\"811\" srcset=\"https:\/\/www.hossi-im-netz.de\/wordpress\/wp-content\/uploads\/2018\/01\/EEEA7648-6616-40F0-A663-A9B233714D18.png 1204w, https:\/\/www.hossi-im-netz.de\/wordpress\/wp-content\/uploads\/2018\/01\/EEEA7648-6616-40F0-A663-A9B233714D18-300x202.png 300w, https:\/\/www.hossi-im-netz.de\/wordpress\/wp-content\/uploads\/2018\/01\/EEEA7648-6616-40F0-A663-A9B233714D18-768x517.png 768w, https:\/\/www.hossi-im-netz.de\/wordpress\/wp-content\/uploads\/2018\/01\/EEEA7648-6616-40F0-A663-A9B233714D18-1024x690.png 1024w\" sizes=\"auto, (max-width: 1204px) 100vw, 1204px\" \/><\/a><\/p>\n","protected":false},"excerpt":{"rendered":"<p>Die gef\u00fchlte Temperatur In Norddeutschland ist es derzeit sowohl nachts als auch tags\u00fcber am k\u00e4ltesten. Gef\u00fchlt liegen die Temperaturen sogar noch tiefer. Wovon die &#8222;gef\u00fchlte Temperatur&#8220; abh\u00e4ngt und wann wir uns am wohlsten f\u00fchlen, erfahren Sie im heutigen Thema des <span class=\"excerpt-dots\">&hellip;<\/span> <a class=\"more-link\" href=\"https:\/\/www.hossi-im-netz.de\/wordpress\/die-gefuehlte-temperatur-2\/\"><span class=\"more-msg\">Weiterlesen &rarr;<\/span><\/a><\/p>\n","protected":false},"author":1,"featured_media":8524,"comment_status":"open","ping_status":"closed","sticky":false,"template":"","format":"standard","meta":{"_exactmetrics_skip_tracking":false,"_exactmetrics_sitenote_active":false,"_exactmetrics_sitenote_note":"","_exactmetrics_sitenote_category":0,"jetpack_post_was_ever_published":false,"_jetpack_newsletter_access":"","_jetpack_dont_email_post_to_subs":false,"_jetpack_newsletter_tier_id":0,"_jetpack_memberships_contains_paywalled_content":false,"_jetpack_memberships_contains_paid_content":false,"footnotes":"","jetpack_publicize_message":"","jetpack_publicize_feature_enabled":true,"jetpack_social_post_already_shared":true,"jetpack_social_options":{"image_generator_settings":{"template":"highway","default_image_id":0,"font":"","enabled":false},"version":2}},"categories":[37],"tags":[304,225,8391],"yst_prominent_words":[5416,5797,1216,8390,2651,2649,5566,2259,8389,8388,1605,1603,2676,6208,2058,1629,1451,2123,2709,1513],"class_list":["post-8523","post","type-post","status-publish","format-standard","has-post-thumbnail","hentry","category-wetterblog","tag-frost","tag-gefuehlte-temperatur","tag-windchill"],"jetpack_publicize_connections":[],"jetpack_featured_media_url":"https:\/\/www.hossi-im-netz.de\/wordpress\/wp-content\/uploads\/2018\/01\/EEEA7648-6616-40F0-A663-A9B233714D18.png","jetpack_sharing_enabled":true,"jetpack_shortlink":"https:\/\/wp.me\/p5DnIb-2dt","jetpack-related-posts":[],"jetpack_likes_enabled":true,"_links":{"self":[{"href":"https:\/\/www.hossi-im-netz.de\/wordpress\/wp-json\/wp\/v2\/posts\/8523","targetHints":{"allow":["GET"]}}],"collection":[{"href":"https:\/\/www.hossi-im-netz.de\/wordpress\/wp-json\/wp\/v2\/posts"}],"about":[{"href":"https:\/\/www.hossi-im-netz.de\/wordpress\/wp-json\/wp\/v2\/types\/post"}],"author":[{"embeddable":true,"href":"https:\/\/www.hossi-im-netz.de\/wordpress\/wp-json\/wp\/v2\/users\/1"}],"replies":[{"embeddable":true,"href":"https:\/\/www.hossi-im-netz.de\/wordpress\/wp-json\/wp\/v2\/comments?post=8523"}],"version-history":[{"count":1,"href":"https:\/\/www.hossi-im-netz.de\/wordpress\/wp-json\/wp\/v2\/posts\/8523\/revisions"}],"predecessor-version":[{"id":8525,"href":"https:\/\/www.hossi-im-netz.de\/wordpress\/wp-json\/wp\/v2\/posts\/8523\/revisions\/8525"}],"wp:featuredmedia":[{"embeddable":true,"href":"https:\/\/www.hossi-im-netz.de\/wordpress\/wp-json\/wp\/v2\/media\/8524"}],"wp:attachment":[{"href":"https:\/\/www.hossi-im-netz.de\/wordpress\/wp-json\/wp\/v2\/media?parent=8523"}],"wp:term":[{"taxonomy":"category","embeddable":true,"href":"https:\/\/www.hossi-im-netz.de\/wordpress\/wp-json\/wp\/v2\/categories?post=8523"},{"taxonomy":"post_tag","embeddable":true,"href":"https:\/\/www.hossi-im-netz.de\/wordpress\/wp-json\/wp\/v2\/tags?post=8523"},{"taxonomy":"yst_prominent_words","embeddable":true,"href":"https:\/\/www.hossi-im-netz.de\/wordpress\/wp-json\/wp\/v2\/yst_prominent_words?post=8523"}],"curies":[{"name":"wp","href":"https:\/\/api.w.org\/{rel}","templated":true}]}}