{"id":8627,"date":"2018-01-26T14:47:16","date_gmt":"2018-01-26T12:47:16","guid":{"rendered":"http:\/\/www.hossi-im-netz.de\/wordpress\/?p=8627"},"modified":"2018-01-26T14:47:16","modified_gmt":"2018-01-26T12:47:16","slug":"kaltfront-ohne-kaelte","status":"publish","type":"post","link":"https:\/\/www.hossi-im-netz.de\/wordpress\/kaltfront-ohne-kaelte\/","title":{"rendered":"Kaltfront ohne K\u00e4lte"},"content":{"rendered":"<h2 style=\"text-align: justify;\">Kaltfront ohne K\u00e4lte<\/h2>\n<p style=\"text-align: justify;\">\nAm gestrigen Donnerstag (25.01.2018) zog die Kaltfront von Sturmtief HELENE \u00fcber S\u00fcdskandinavien bis in die mittleren Landesteile Deutschlands. R\u00fcckseitig der Kaltfront wurde es im Norden zwar k\u00fchler, es blieb aber f\u00fcr die Jahreszeit weiterhin deutlich zu mild. Wir kl\u00e4ren, warum die Kaltfront alles andere als kalte Luft brachte.<\/p>\n<p style=\"text-align: justify;\">F\u00fcr das Verst\u00e4ndnis der Wetterlage ist ein kleiner Wetterr\u00fcckblick sinnvoll. Beginnen wir also mit Mittwoch, dem 24.01.2018. An diesem Tag erreichte uns landesweit in einer kr\u00e4ftigen S\u00fcdweststr\u00f6mung eine f\u00fcr die Jahreszeit ungew\u00f6hnlich milde Luftmasse. In dieser subtropischen Luft gab es verbreitet zweistellige Temperaturwerte und im Norden des Landes kam es vereinzelt sogar zu neuen Monatsrekorden der Tagesh\u00f6chsttemperatur, wie zum Beispiel in Schleswig oder Leck (beide in Schleswig-Holstein). Auch am gestrigen Donnerstag reichte es vor der Kaltfront noch einmal f\u00fcr Temperaturen oberhalb der 10-Grad-Marke. Doch selbst hinter der Kaltfront lag die Temperatur im Norden und Westen von Deutschland mit 6 bis 9 Grad noch im milden und damit \u00fcberdurchschnittlichen Bereich f\u00fcr Ende Januar. Dennoch, aufgrund der noch h\u00f6heren Werte weiter s\u00fcdlich, handelte es sich zweifelsfrei um eine Kaltfront. Denn letztlich ist nicht die Temperatur hinter der Front, sondern die Temperaturdifferenz vor und nach der Front entscheidend.<\/p>\n<p style=\"text-align: justify;\">Dies erkl\u00e4rt zwar, warum es sich trotz der weiterhin relativ hohen Temperaturwerte um eine Kaltfront handelte, aber noch nicht warum es hinter der Kaltfront nicht wirklich kalt wurde. F\u00fcr die Beantwortung dieser Frage braucht es den Blick auf die Herkunft der Luftmasse, die bei uns einstr\u00f6mte. Daf\u00fcr sind sogenannte &#8222;Trajektorien&#8220; hilfreich. Dies sind die Bahnkurven, auf denen sich die Luftpartikel in der Atmosph\u00e4re bewegen. Mit einfachen Worten: es handelt sich um jene Wege, die Luftpartikel in der Atmosph\u00e4re zur\u00fccklegen. Dabei wird zwischen zwei Arten von Trajektorien unterschieden: Die sogenannten &#8222;R\u00fcckw\u00e4rtstrajektorien&#8220; geben an, woher ein Luftteilchen kommt, und die &#8222;Vorw\u00e4rtstrajektorien&#8220; liefern Informationen dar\u00fcber, wohin sich ein Luftteilchen bewegt. Lange Rede kurzer Sinn, die Luftmasse, die uns erreichte, nahm ihren Ursprung am vergangenen Wochenende in Neufundland. Nun ist es dort im Winter f\u00fcr gew\u00f6hnlich recht kalt und auch am vergangenen Wochenende lagerten in dieser Region arktische Luftmassen. Doch auf ihrem weiten Weg \u00fcber den Atlantik, etwa entlang des 50. Breitengrades, konnte sich die Luft zumindest in den unteren Schichten deutlich erw\u00e4rmen. Denn der Nordatlantik weist in diesem Bereich Wassertemperaturen von etwa 10 bis 12 Grad auf. Die Luftmasse wurde somit nach und nach deutlich modifiziert und verlor ihre urspr\u00fcnglichen arktischen Eigenschaften.<\/p>\n<p style=\"text-align: justify;\">Arktische Luftmassen erreichen Mitteleuropa aufgrund des Atlantiks nur aus n\u00f6rdlichen Richtungen (der Weg \u00fcber das Europ\u00e4ische Nordmeer und die Nordsee ist zu kurz f\u00fcr eine vollst\u00e4ndige Umwandlung der Luftmasse) oder \u00fcber \u00f6stliche Windrichtungen auf dem &#8222;Landweg&#8220;, auf dem eine Umwandlung deutlich langsamer vonstattengeht. In den kommenden Tagen sind wir vor derlei Windrichtungen allerdings gefeit. Es bleibt bei S\u00fcdwest- bis Westwind weiterhin deutlich zu mild f\u00fcr die Jahreszeit. Gebietsweise werden am kommenden Sonntag und Montag erneut H\u00f6chsttemperaturen \u00fcber 10 Grad erreicht.<\/p>\n<p style=\"text-align: justify;\">MSc.-Met. Thore Hansen<\/p>\n<p style=\"text-align: justify;\">Deutscher Wetterdienst Vorhersage- und Beratungszentrale Offenbach, den 26.01.2018<\/p>\n<p style=\"text-align: justify;\">Copyright (c) Deutscher Wetterdienst<\/p>\n<p>&nbsp;<\/p>\n<p><a href=\"https:\/\/www.hossi-im-netz.de\/wordpress\/wp-content\/uploads\/2018\/01\/BB9B2828-A156-4FDA-9C6C-0B37BA57EC74.png\"><img loading=\"lazy\" decoding=\"async\" data-attachment-id=\"8628\" data-permalink=\"https:\/\/www.hossi-im-netz.de\/wordpress\/kaltfront-ohne-kaelte\/bb9b2828-a156-4fda-9c6c-0b37ba57ec74\/\" data-orig-file=\"https:\/\/www.hossi-im-netz.de\/wordpress\/wp-content\/uploads\/2018\/01\/BB9B2828-A156-4FDA-9C6C-0B37BA57EC74.png\" data-orig-size=\"1004,1235\" data-comments-opened=\"1\" data-image-meta=\"{&quot;aperture&quot;:&quot;0&quot;,&quot;credit&quot;:&quot;&quot;,&quot;camera&quot;:&quot;&quot;,&quot;caption&quot;:&quot;&quot;,&quot;created_timestamp&quot;:&quot;0&quot;,&quot;copyright&quot;:&quot;&quot;,&quot;focal_length&quot;:&quot;0&quot;,&quot;iso&quot;:&quot;0&quot;,&quot;shutter_speed&quot;:&quot;0&quot;,&quot;title&quot;:&quot;&quot;,&quot;orientation&quot;:&quot;0&quot;}\" data-image-title=\"Kaltfront ohne K\u00e4lte\" data-image-description=\"\" data-image-caption=\"\" data-medium-file=\"https:\/\/www.hossi-im-netz.de\/wordpress\/wp-content\/uploads\/2018\/01\/BB9B2828-A156-4FDA-9C6C-0B37BA57EC74-244x300.png\" data-large-file=\"https:\/\/www.hossi-im-netz.de\/wordpress\/wp-content\/uploads\/2018\/01\/BB9B2828-A156-4FDA-9C6C-0B37BA57EC74-832x1024.png\" class=\"alignnone size-full wp-image-8628\" src=\"https:\/\/www.hossi-im-netz.de\/wordpress\/wp-content\/uploads\/2018\/01\/BB9B2828-A156-4FDA-9C6C-0B37BA57EC74.png\" alt=\"Kaltfront ohne K\u00e4lte\" width=\"1004\" height=\"1235\" srcset=\"https:\/\/www.hossi-im-netz.de\/wordpress\/wp-content\/uploads\/2018\/01\/BB9B2828-A156-4FDA-9C6C-0B37BA57EC74.png 1004w, https:\/\/www.hossi-im-netz.de\/wordpress\/wp-content\/uploads\/2018\/01\/BB9B2828-A156-4FDA-9C6C-0B37BA57EC74-244x300.png 244w, https:\/\/www.hossi-im-netz.de\/wordpress\/wp-content\/uploads\/2018\/01\/BB9B2828-A156-4FDA-9C6C-0B37BA57EC74-768x945.png 768w, https:\/\/www.hossi-im-netz.de\/wordpress\/wp-content\/uploads\/2018\/01\/BB9B2828-A156-4FDA-9C6C-0B37BA57EC74-832x1024.png 832w\" sizes=\"auto, (max-width: 1004px) 100vw, 1004px\" \/><\/a><\/p>\n","protected":false},"excerpt":{"rendered":"<p>Kaltfront ohne K\u00e4lte Am gestrigen Donnerstag (25.01.2018) zog die Kaltfront von Sturmtief HELENE \u00fcber S\u00fcdskandinavien bis in die mittleren Landesteile Deutschlands. R\u00fcckseitig der Kaltfront wurde es im Norden zwar k\u00fchler, es blieb aber f\u00fcr die Jahreszeit weiterhin deutlich zu mild. <span class=\"excerpt-dots\">&hellip;<\/span> <a class=\"more-link\" href=\"https:\/\/www.hossi-im-netz.de\/wordpress\/kaltfront-ohne-kaelte\/\"><span class=\"more-msg\">Weiterlesen &rarr;<\/span><\/a><\/p>\n","protected":false},"author":1,"featured_media":8628,"comment_status":"open","ping_status":"closed","sticky":false,"template":"","format":"standard","meta":{"_exactmetrics_skip_tracking":false,"_exactmetrics_sitenote_active":false,"_exactmetrics_sitenote_note":"","_exactmetrics_sitenote_category":0,"jetpack_post_was_ever_published":false,"_jetpack_newsletter_access":"","_jetpack_dont_email_post_to_subs":false,"_jetpack_newsletter_tier_id":0,"_jetpack_memberships_contains_paywalled_content":false,"_jetpack_memberships_contains_paid_content":false,"footnotes":"","jetpack_publicize_message":"","jetpack_publicize_feature_enabled":true,"jetpack_social_post_already_shared":true,"jetpack_social_options":{"image_generator_settings":{"template":"highway","default_image_id":0,"font":"","enabled":false},"version":2}},"categories":[37],"tags":[8527,8521,8526,214,8528],"yst_prominent_words":[5466,8523,2399,8524,1216,2509,3262,2936,3158,5566,3081,3078,5510,3516,4015,8525,2858,1629,7847,4464],"class_list":["post-8627","post","type-post","status-publish","format-standard","has-post-thumbnail","hentry","category-wetterblog","tag-helene","tag-kaltfront","tag-kaltfront-ohne-kaelte","tag-sturmtief","tag-sturmtief-helene"],"jetpack_publicize_connections":[],"jetpack_featured_media_url":"https:\/\/www.hossi-im-netz.de\/wordpress\/wp-content\/uploads\/2018\/01\/BB9B2828-A156-4FDA-9C6C-0B37BA57EC74.png","jetpack_sharing_enabled":true,"jetpack_shortlink":"https:\/\/wp.me\/p5DnIb-2f9","jetpack-related-posts":[],"jetpack_likes_enabled":true,"_links":{"self":[{"href":"https:\/\/www.hossi-im-netz.de\/wordpress\/wp-json\/wp\/v2\/posts\/8627","targetHints":{"allow":["GET"]}}],"collection":[{"href":"https:\/\/www.hossi-im-netz.de\/wordpress\/wp-json\/wp\/v2\/posts"}],"about":[{"href":"https:\/\/www.hossi-im-netz.de\/wordpress\/wp-json\/wp\/v2\/types\/post"}],"author":[{"embeddable":true,"href":"https:\/\/www.hossi-im-netz.de\/wordpress\/wp-json\/wp\/v2\/users\/1"}],"replies":[{"embeddable":true,"href":"https:\/\/www.hossi-im-netz.de\/wordpress\/wp-json\/wp\/v2\/comments?post=8627"}],"version-history":[{"count":1,"href":"https:\/\/www.hossi-im-netz.de\/wordpress\/wp-json\/wp\/v2\/posts\/8627\/revisions"}],"predecessor-version":[{"id":8629,"href":"https:\/\/www.hossi-im-netz.de\/wordpress\/wp-json\/wp\/v2\/posts\/8627\/revisions\/8629"}],"wp:featuredmedia":[{"embeddable":true,"href":"https:\/\/www.hossi-im-netz.de\/wordpress\/wp-json\/wp\/v2\/media\/8628"}],"wp:attachment":[{"href":"https:\/\/www.hossi-im-netz.de\/wordpress\/wp-json\/wp\/v2\/media?parent=8627"}],"wp:term":[{"taxonomy":"category","embeddable":true,"href":"https:\/\/www.hossi-im-netz.de\/wordpress\/wp-json\/wp\/v2\/categories?post=8627"},{"taxonomy":"post_tag","embeddable":true,"href":"https:\/\/www.hossi-im-netz.de\/wordpress\/wp-json\/wp\/v2\/tags?post=8627"},{"taxonomy":"yst_prominent_words","embeddable":true,"href":"https:\/\/www.hossi-im-netz.de\/wordpress\/wp-json\/wp\/v2\/yst_prominent_words?post=8627"}],"curies":[{"name":"wp","href":"https:\/\/api.w.org\/{rel}","templated":true}]}}