{"id":8777,"date":"2018-02-09T17:04:29","date_gmt":"2018-02-09T15:04:29","guid":{"rendered":"http:\/\/www.hossi-im-netz.de\/wordpress\/?p=8777"},"modified":"2018-02-09T17:04:29","modified_gmt":"2018-02-09T15:04:29","slug":"vom-himmel-regnet-es-nicht-nur-kamelle","status":"publish","type":"post","link":"https:\/\/www.hossi-im-netz.de\/wordpress\/vom-himmel-regnet-es-nicht-nur-kamelle\/","title":{"rendered":"Vom Himmel regnet es nicht nur Kamelle"},"content":{"rendered":"<h2 style=\"text-align: justify;\">Vom Himmel regnet es nicht nur Kamelle<\/h2>\n<p style=\"text-align: justify;\">\nAusgewachsene St\u00fcrme wie in den beiden vorangegangenen Jahren stehen 2018 zum Karnevalsh\u00f6hepunkt zwar nicht auf der Agenda, ebenso wenig stellt sich in den kommenden Tagen aber ruhiges Hochdruckwetter ein.<\/p>\n<p style=\"text-align: justify;\">Karneval, Fastnacht, Fasching und noch viele weitere Bezeichnungen, die &#8222;f\u00fcnfte Jahreszeit&#8220; hat viele Namen. Mit der gestrigen Weiberfastnacht befinden wir uns bereits mittendrin in der &#8222;hei\u00dfen&#8220; Phase des n\u00e4rrischen Treibens. Alles anderes als &#8222;hei\u00df&#8220; zeigt sich dazu das Wetter bisher. Eine Hochdruckbr\u00fccke zwischen dem Azorenhoch und einem Hoch \u00fcber Russland unterband vor\u00fcbergehend turbulente Wettererscheinungen und in der eingeflossenen polaren Luft waren Jecken mit einer dickeren Kost\u00fcmierung klar im Vorteil. F\u00fcr die weiteren &#8222;tollen Tage&#8220; zeigt sich die Atmosph\u00e4re dann jedoch launischer. Nach einigen Tagen Pause melden sich Tiefdruckgebiete vom Atlantik allm\u00e4hlich wieder zur\u00fcck. Am heutigen Karnevalsfreitag haben wir aber noch Schonfrist. Zwar n\u00e4hert sich dem Westen ein erster Tiefausl\u00e4ufer, mehr als Wolken und wenige Schneeflocken an der Grenze zu den Niederlanden und Belgien am Abend hat dieser noch nicht zu bieten. Meist stark bew\u00f6lkt ist es im S\u00fcden und der Mitte, nur im Norden und Osten scheint h\u00e4ufig die Sonne. Am Karnevalssamstag wird der erste Anlauf des Atlantiks \u00fcber uns noch gestoppt, der Tiefausl\u00e4ufer l\u00f6st sich praktisch \u00fcber unseren K\u00f6pfen auf, viele Wolken und ein paar Schneeflocken hat er aber noch in petto. Deutlich interessanter, nicht nur, aber auch vom Wetter her, wird dann der Karnevalssonntag. In den Fr\u00fchstunden schneit es im Westen bereits oft m\u00e4\u00dfig und dieser Schneefall breitet sich bis zum fr\u00fchen Nachmittag bis zur Oder aus und bringt vor\u00fcbergehend wenige Zentimeter Neuschnee. Gleichzeitig geht er in den Karnevalszentren entlang des Rheins in Regen beziehungsweise Regenschauer \u00fcber, im Bergland oberhalb rund 400 m bleibt es bei der festen Phase. Am Abend sinkt die Schneefallgrenze bei h\u00e4ufigen Schauern dann bereits wieder allm\u00e4hlich in tiefe Lagen ab. Ein Augenmerk sollte auch auf den Wind gelegt werden, der vor allem in der ersten Tagesh\u00e4lfte verbreitet stark b\u00f6ig aus S\u00fcd, sp\u00e4ter West auffrischt. Im Bergland und an der K\u00fcste kommt es sogar zu st\u00fcrmischen B\u00f6en und Sturmb\u00f6en und einzelnen Gewittern. So st\u00fcrmisch wie in den beiden Vorjahren zu den gro\u00dfen Umz\u00fcgen wird es allerdings nicht. Sehr launisch zeigt sich dann der Rosenmontag. In einem breiten Streifen von der Nordsee bis zu den Alpen ziehen immer wieder Schnee- oder Schneeregenschauer durch, auch einzelne Graupelgewitter sind nicht ausgeschlossen. Am Alpenrand stauen sich die Schauer, dort schneit es anhaltend. In ruhigeren Bahnen, zumindest was das Wetter angeht, verl\u00e4uft der Tag zum einen im Osten und zum anderen im Saarland und in Rheinland-Pfalz, dort bleibt es oft trocken. Zwischen den Schauern zeigt sich aber, vom Alpenrand abgesehen, auch in den anderen Landesteilen immer wieder die Sonne. Mit H\u00f6chstwerten zwischen 1 und 5 Grad ist es nasskalt, das etwas w\u00e4rmere Kost\u00fcm bleibt also im Vorteil. Am Dienstag sorgt Zwischenhocheinfluss nach einer verbreitet frostigen Nacht vielerorts f\u00fcr sonniges Wetter, nur im Westen ziehen schon die Wolken eines neuen Frontensystems auf. Trotz der unbest\u00e4ndigen Wetteraussichten zu den gr\u00f6\u00dften Karnevalsumz\u00fcgen am Sonntag und Rosenmontag sollten sich die Karnevalisten aber nicht den Spa\u00df verderben lassen. In diesem Sinne: Alaaf! Helau! Ahoi!..<\/p>\n<p style=\"text-align: justify;\">MSc.-Met. Thore Hansen<\/p>\n<p style=\"text-align: justify;\">Deutscher Wetterdienst Vorhersage- und Beratungszentrale Offenbach, den 09.02.2018<\/p>\n<p style=\"text-align: justify;\">Copyright (c) Deutscher Wetterdienst<\/p>\n<p>&nbsp;<\/p>\n<p><a href=\"https:\/\/www.hossi-im-netz.de\/wordpress\/wp-content\/uploads\/2018\/02\/58953366-43EB-4526-A528-BF2EA79E31B7.png\"><img loading=\"lazy\" decoding=\"async\" data-attachment-id=\"8778\" data-permalink=\"https:\/\/www.hossi-im-netz.de\/wordpress\/vom-himmel-regnet-es-nicht-nur-kamelle\/58953366-43eb-4526-a528-bf2ea79e31b7\/\" data-orig-file=\"https:\/\/www.hossi-im-netz.de\/wordpress\/wp-content\/uploads\/2018\/02\/58953366-43EB-4526-A528-BF2EA79E31B7.png\" data-orig-size=\"1962,1420\" data-comments-opened=\"1\" data-image-meta=\"{&quot;aperture&quot;:&quot;0&quot;,&quot;credit&quot;:&quot;&quot;,&quot;camera&quot;:&quot;&quot;,&quot;caption&quot;:&quot;&quot;,&quot;created_timestamp&quot;:&quot;0&quot;,&quot;copyright&quot;:&quot;&quot;,&quot;focal_length&quot;:&quot;0&quot;,&quot;iso&quot;:&quot;0&quot;,&quot;shutter_speed&quot;:&quot;0&quot;,&quot;title&quot;:&quot;&quot;,&quot;orientation&quot;:&quot;0&quot;}\" data-image-title=\"Vom Himmel regnet es nicht nur Kamelle\" data-image-description=\"\" data-image-caption=\"\" data-medium-file=\"https:\/\/www.hossi-im-netz.de\/wordpress\/wp-content\/uploads\/2018\/02\/58953366-43EB-4526-A528-BF2EA79E31B7-300x217.png\" data-large-file=\"https:\/\/www.hossi-im-netz.de\/wordpress\/wp-content\/uploads\/2018\/02\/58953366-43EB-4526-A528-BF2EA79E31B7-1024x741.png\" class=\"alignnone size-full wp-image-8778\" src=\"https:\/\/www.hossi-im-netz.de\/wordpress\/wp-content\/uploads\/2018\/02\/58953366-43EB-4526-A528-BF2EA79E31B7.png\" alt=\"Vom Himmel regnet es nicht nur Kamelle\" width=\"1962\" height=\"1420\" srcset=\"https:\/\/www.hossi-im-netz.de\/wordpress\/wp-content\/uploads\/2018\/02\/58953366-43EB-4526-A528-BF2EA79E31B7.png 1962w, https:\/\/www.hossi-im-netz.de\/wordpress\/wp-content\/uploads\/2018\/02\/58953366-43EB-4526-A528-BF2EA79E31B7-300x217.png 300w, https:\/\/www.hossi-im-netz.de\/wordpress\/wp-content\/uploads\/2018\/02\/58953366-43EB-4526-A528-BF2EA79E31B7-768x556.png 768w, https:\/\/www.hossi-im-netz.de\/wordpress\/wp-content\/uploads\/2018\/02\/58953366-43EB-4526-A528-BF2EA79E31B7-1024x741.png 1024w\" sizes=\"auto, (max-width: 1962px) 100vw, 1962px\" \/><\/a><\/p>\n","protected":false},"excerpt":{"rendered":"<p>Vom Himmel regnet es nicht nur Kamelle Ausgewachsene St\u00fcrme wie in den beiden vorangegangenen Jahren stehen 2018 zum Karnevalsh\u00f6hepunkt zwar nicht auf der Agenda, ebenso wenig stellt sich in den kommenden Tagen aber ruhiges Hochdruckwetter ein. Karneval, Fastnacht, Fasching und <span class=\"excerpt-dots\">&hellip;<\/span> <a class=\"more-link\" href=\"https:\/\/www.hossi-im-netz.de\/wordpress\/vom-himmel-regnet-es-nicht-nur-kamelle\/\"><span class=\"more-msg\">Weiterlesen &rarr;<\/span><\/a><\/p>\n","protected":false},"author":1,"featured_media":8778,"comment_status":"open","ping_status":"closed","sticky":false,"template":"","format":"standard","meta":{"_exactmetrics_skip_tracking":false,"_exactmetrics_sitenote_active":false,"_exactmetrics_sitenote_note":"","_exactmetrics_sitenote_category":0,"jetpack_post_was_ever_published":false,"_jetpack_newsletter_access":"","_jetpack_dont_email_post_to_subs":false,"_jetpack_newsletter_tier_id":0,"_jetpack_memberships_contains_paywalled_content":false,"_jetpack_memberships_contains_paid_content":false,"footnotes":"","jetpack_publicize_message":"","jetpack_publicize_feature_enabled":true,"jetpack_social_post_already_shared":true,"jetpack_social_options":{"image_generator_settings":{"template":"highway","default_image_id":0,"font":"","enabled":false},"version":2}},"categories":[37],"tags":[3219,8699,440],"yst_prominent_words":[3847,3669,2226,1216,2439,6090,8698,4095,1454,8697,2211,2293,2123,6584,2575,2254,1220,3675,6229,3568],"class_list":["post-8777","post","type-post","status-publish","format-standard","has-post-thumbnail","hentry","category-wetterblog","tag-fasching","tag-kamelle","tag-karneval"],"jetpack_publicize_connections":[],"jetpack_featured_media_url":"https:\/\/www.hossi-im-netz.de\/wordpress\/wp-content\/uploads\/2018\/02\/58953366-43EB-4526-A528-BF2EA79E31B7.png","jetpack_sharing_enabled":true,"jetpack_shortlink":"https:\/\/wp.me\/p5DnIb-2hz","jetpack-related-posts":[],"jetpack_likes_enabled":true,"_links":{"self":[{"href":"https:\/\/www.hossi-im-netz.de\/wordpress\/wp-json\/wp\/v2\/posts\/8777","targetHints":{"allow":["GET"]}}],"collection":[{"href":"https:\/\/www.hossi-im-netz.de\/wordpress\/wp-json\/wp\/v2\/posts"}],"about":[{"href":"https:\/\/www.hossi-im-netz.de\/wordpress\/wp-json\/wp\/v2\/types\/post"}],"author":[{"embeddable":true,"href":"https:\/\/www.hossi-im-netz.de\/wordpress\/wp-json\/wp\/v2\/users\/1"}],"replies":[{"embeddable":true,"href":"https:\/\/www.hossi-im-netz.de\/wordpress\/wp-json\/wp\/v2\/comments?post=8777"}],"version-history":[{"count":1,"href":"https:\/\/www.hossi-im-netz.de\/wordpress\/wp-json\/wp\/v2\/posts\/8777\/revisions"}],"predecessor-version":[{"id":8779,"href":"https:\/\/www.hossi-im-netz.de\/wordpress\/wp-json\/wp\/v2\/posts\/8777\/revisions\/8779"}],"wp:featuredmedia":[{"embeddable":true,"href":"https:\/\/www.hossi-im-netz.de\/wordpress\/wp-json\/wp\/v2\/media\/8778"}],"wp:attachment":[{"href":"https:\/\/www.hossi-im-netz.de\/wordpress\/wp-json\/wp\/v2\/media?parent=8777"}],"wp:term":[{"taxonomy":"category","embeddable":true,"href":"https:\/\/www.hossi-im-netz.de\/wordpress\/wp-json\/wp\/v2\/categories?post=8777"},{"taxonomy":"post_tag","embeddable":true,"href":"https:\/\/www.hossi-im-netz.de\/wordpress\/wp-json\/wp\/v2\/tags?post=8777"},{"taxonomy":"yst_prominent_words","embeddable":true,"href":"https:\/\/www.hossi-im-netz.de\/wordpress\/wp-json\/wp\/v2\/yst_prominent_words?post=8777"}],"curies":[{"name":"wp","href":"https:\/\/api.w.org\/{rel}","templated":true}]}}