{"id":8935,"date":"2018-03-12T15:01:25","date_gmt":"2018-03-12T13:01:25","guid":{"rendered":"http:\/\/www.hossi-im-netz.de\/wordpress\/?p=8935"},"modified":"2018-03-12T15:01:25","modified_gmt":"2018-03-12T13:01:25","slug":"der-winter-gibt-noch-nicht-auf","status":"publish","type":"post","link":"https:\/\/www.hossi-im-netz.de\/wordpress\/der-winter-gibt-noch-nicht-auf\/","title":{"rendered":"Der Winter gibt noch nicht auf"},"content":{"rendered":"<h2 style=\"text-align: justify;\">Der Winter gibt noch nicht auf<\/h2>\n<p style=\"text-align: justify;\">\nAm gestrigen Sonntag wurde das erste Mal in diesem Jahr die 20-Grad-Marke in Deutschland \u00fcberschritten. Nach dem eisigen Start in den M\u00e4rz war dies f\u00fcr viele sicherlich ein gern gesehener Kontrast. Doch die Achterbahnfahrt der Temperaturen setzt sich wahrscheinlich fort: Zum Ende der Woche machen sich polare Luftmassen auf den Weg nach Deutschland.<\/p>\n<p style=\"text-align: justify;\">Ein kr\u00e4ftiges Tief mit Namen YULIYA \u00fcber der Biskaya schaufelte am Wochenende sehr milde Luftmassen subtropischen Ursprungs nach Mitteleuropa und lie\u00df die Temperaturen verbreitet in den zweistelligen Bereich klettern, oft wurden sogar H\u00f6chstwerte von \u00fcber 15 Grad gemessen. Am mildesten, man kann sogar schon sagen am w\u00e4rmsten, wurde es dabei am gestrigen Sonntag, und zwar in Olbersleben, etwa 20 km n\u00f6rdlich von Weimar in Th\u00fcringen mit 20,3 Grad. Aber auch weit im Norden wurde es sehr mild, wie beispielsweise die 15,8 Grad am Hamburger Flughafen belegen.<\/p>\n<p style=\"text-align: justify;\">Nun ist es ein Teiltief von YULIYA, welches rasch weiter nordostw\u00e4rts bis nach Nordrussland zieht und uns im Zusammenspiel mit einem Hoch bei Spitzbergen, das sich nach Skandinavien ausweitet, wahrscheinlich einen Nachschlag in Sachen Winterwetter bringt. Zwischen den angesprochenen beiden Druckgebilden etabliert sich eine kr\u00e4ftige Nordstr\u00f6mung \u00fcber Schweden und Finnland, die Polarluft s\u00fcdw\u00e4rts f\u00fchrt. So erreicht diese bereits am Donnerstag das Baltikum und den Raum Stockholm.<\/p>\n<p style=\"text-align: justify;\">Waren es in den vergangenen Tagen zun\u00e4chst nur einzelne Modelle und innerhalb der Modelle nur einzelne Rechenl\u00e4ufe, die die Kaltluft bis zu uns vorsto\u00dfen lie\u00dfen, so ist mit Stand von heute Vormittag (12.03.2018) doch eine relative Einigkeit f\u00fcr Winterwetter entstanden. Auf ihrem weiteren Weg nach S\u00fcden und Westen, antizyklonal (im Uhrzeigersinn) um das Hoch \u00fcber Skandinavien herum, soll die Polarluft am Freitag bereits den \u00e4u\u00dfersten Nordosten Deutschlands erreichen und am Samstag weiteren Boden nach S\u00fcden und Westen &#8222;gut machen&#8220;. Wie gut ihr das letztlich gelingt, dar\u00fcber bestehen dann aber doch noch gr\u00f6\u00dfere Unsicherheiten. Tiefdruckgebiete \u00fcber dem Ostatlantik und dem n\u00f6rdlichen Mittelmeerraum &#8222;stemmen&#8220; sich ihr n\u00e4mlich mit deutlich milderer Luft entgegen. S\u00fcddeutschland k\u00f6nnte somit zumindest vorerst von der Kaltluft verschont bleiben.<\/p>\n<p style=\"text-align: justify;\">Richtig eisig wird es am Wochenende wahrscheinlich in Norddeutschland, denn die polare Luftmasse flie\u00dft nicht langsam ein, sondern wird mit einem Oststurm rasch westw\u00e4rts getrieben. Die Temperatur, die rund 10 Grad unter den f\u00fcr die Jahreszeit \u00fcblichen Werten l\u00e4ge, w\u00fcrde sich somit bei B\u00f6en bis zu Sturmst\u00e4rke noch k\u00e4lter anf\u00fchlen. Aber auch ohne den Hinweis auf die gef\u00fchlte Temperatur sind H\u00f6chstwerte, die gebietsweise nicht \u00fcber 0 Grad hinaus k\u00e4men, eine &#8222;Hausnummer&#8220;. An der Ostseek\u00fcste kann sich zudem wieder der Lake-Effekt einstellen, der dort erst Ende Februar teilweise f\u00fcr chaotische Verh\u00e4ltnisse durch kr\u00e4ftigen Schneefall mit Schneeverwehungen sorgte. F\u00fcr Details ist es aber in dieser Stelle noch zu fr\u00fch, auf das Potenzial sei aber hingewiesen. Auch an der Grenze zur milderen Luft im S\u00fcden, wo auch immer diese dann liegen mag, kann es zu Schneef\u00e4llen kommen.<\/p>\n<p style=\"text-align: justify;\">Zusammenfassend l\u00e4sst sich sagen: Der Winter will noch nicht locker lassen und k\u00f6nnte gerade im Norden und der Mitte Deutschlands f\u00fcr Wetterbedingungen sorgen, die auch einem Januartag gut ins Gesicht stehen w\u00fcrden. Wer also nach den vergangenen milden Tagen die Winterutensilien schon in die Schr\u00e4nke verstaut hat, sollte diese lieber wieder hervorkramen.<\/p>\n<p style=\"text-align: justify;\">MSc.-Met. Thore Hansen<\/p>\n<p style=\"text-align: justify;\">Deutscher Wetterdienst Vorhersage- und Beratungszentrale Offenbach, den 12.03.2018<\/p>\n<p style=\"text-align: justify;\">Copyright (c) Deutscher Wetterdienst<\/p>\n<p><a href=\"https:\/\/www.hossi-im-netz.de\/wordpress\/wp-content\/uploads\/2018\/03\/05FA1EDE-081B-4EC9-9F17-B4778C1CC0A9.png\"><img loading=\"lazy\" decoding=\"async\" data-attachment-id=\"8936\" data-permalink=\"https:\/\/www.hossi-im-netz.de\/wordpress\/der-winter-gibt-noch-nicht-auf\/05fa1ede-081b-4ec9-9f17-b4778c1cc0a9\/\" data-orig-file=\"https:\/\/www.hossi-im-netz.de\/wordpress\/wp-content\/uploads\/2018\/03\/05FA1EDE-081B-4EC9-9F17-B4778C1CC0A9.png\" data-orig-size=\"1750,865\" data-comments-opened=\"1\" data-image-meta=\"{&quot;aperture&quot;:&quot;0&quot;,&quot;credit&quot;:&quot;&quot;,&quot;camera&quot;:&quot;&quot;,&quot;caption&quot;:&quot;&quot;,&quot;created_timestamp&quot;:&quot;0&quot;,&quot;copyright&quot;:&quot;&quot;,&quot;focal_length&quot;:&quot;0&quot;,&quot;iso&quot;:&quot;0&quot;,&quot;shutter_speed&quot;:&quot;0&quot;,&quot;title&quot;:&quot;&quot;,&quot;orientation&quot;:&quot;0&quot;}\" data-image-title=\"Der Winter gibt noch nicht auf\" data-image-description=\"\" data-image-caption=\"\" data-medium-file=\"https:\/\/www.hossi-im-netz.de\/wordpress\/wp-content\/uploads\/2018\/03\/05FA1EDE-081B-4EC9-9F17-B4778C1CC0A9-300x148.png\" data-large-file=\"https:\/\/www.hossi-im-netz.de\/wordpress\/wp-content\/uploads\/2018\/03\/05FA1EDE-081B-4EC9-9F17-B4778C1CC0A9-1024x506.png\" class=\"alignnone size-full wp-image-8936\" src=\"https:\/\/www.hossi-im-netz.de\/wordpress\/wp-content\/uploads\/2018\/03\/05FA1EDE-081B-4EC9-9F17-B4778C1CC0A9.png\" alt=\"Der Winter gibt noch nicht auf\" width=\"1750\" height=\"865\" srcset=\"https:\/\/www.hossi-im-netz.de\/wordpress\/wp-content\/uploads\/2018\/03\/05FA1EDE-081B-4EC9-9F17-B4778C1CC0A9.png 1750w, https:\/\/www.hossi-im-netz.de\/wordpress\/wp-content\/uploads\/2018\/03\/05FA1EDE-081B-4EC9-9F17-B4778C1CC0A9-300x148.png 300w, https:\/\/www.hossi-im-netz.de\/wordpress\/wp-content\/uploads\/2018\/03\/05FA1EDE-081B-4EC9-9F17-B4778C1CC0A9-768x380.png 768w, https:\/\/www.hossi-im-netz.de\/wordpress\/wp-content\/uploads\/2018\/03\/05FA1EDE-081B-4EC9-9F17-B4778C1CC0A9-1024x506.png 1024w\" sizes=\"auto, (max-width: 1750px) 100vw, 1750px\" \/><\/a><\/p>\n","protected":false},"excerpt":{"rendered":"<p>Der Winter gibt noch nicht auf Am gestrigen Sonntag wurde das erste Mal in diesem Jahr die 20-Grad-Marke in Deutschland \u00fcberschritten. Nach dem eisigen Start in den M\u00e4rz war dies f\u00fcr viele sicherlich ein gern gesehener Kontrast. Doch die Achterbahnfahrt <span class=\"excerpt-dots\">&hellip;<\/span> <a class=\"more-link\" href=\"https:\/\/www.hossi-im-netz.de\/wordpress\/der-winter-gibt-noch-nicht-auf\/\"><span class=\"more-msg\">Weiterlesen &rarr;<\/span><\/a><\/p>\n","protected":false},"author":1,"featured_media":8936,"comment_status":"open","ping_status":"closed","sticky":false,"template":"","format":"standard","meta":{"_exactmetrics_skip_tracking":false,"_exactmetrics_sitenote_active":false,"_exactmetrics_sitenote_note":"","_exactmetrics_sitenote_category":0,"jetpack_post_was_ever_published":false,"_jetpack_newsletter_access":"","_jetpack_dont_email_post_to_subs":false,"_jetpack_newsletter_tier_id":0,"_jetpack_memberships_contains_paywalled_content":false,"_jetpack_memberships_contains_paid_content":false,"footnotes":"","jetpack_publicize_message":"","jetpack_publicize_feature_enabled":true,"jetpack_social_post_already_shared":true,"jetpack_social_options":{"image_generator_settings":{"template":"highway","default_image_id":0,"font":"","enabled":false},"version":2}},"categories":[37],"tags":[297,8950],"yst_prominent_words":[1216,1411,2447,2936,8946,5566,3362,2220,2858,8947,7175,6601,3598,2453,8945,1451,8948,1412,2740,8949],"class_list":["post-8935","post","type-post","status-publish","format-standard","has-post-thumbnail","hentry","category-wetterblog","tag-winter","tag-yuliya"],"jetpack_publicize_connections":[],"jetpack_featured_media_url":"https:\/\/www.hossi-im-netz.de\/wordpress\/wp-content\/uploads\/2018\/03\/05FA1EDE-081B-4EC9-9F17-B4778C1CC0A9.png","jetpack_sharing_enabled":true,"jetpack_shortlink":"https:\/\/wp.me\/p5DnIb-2k7","jetpack-related-posts":[],"jetpack_likes_enabled":true,"_links":{"self":[{"href":"https:\/\/www.hossi-im-netz.de\/wordpress\/wp-json\/wp\/v2\/posts\/8935","targetHints":{"allow":["GET"]}}],"collection":[{"href":"https:\/\/www.hossi-im-netz.de\/wordpress\/wp-json\/wp\/v2\/posts"}],"about":[{"href":"https:\/\/www.hossi-im-netz.de\/wordpress\/wp-json\/wp\/v2\/types\/post"}],"author":[{"embeddable":true,"href":"https:\/\/www.hossi-im-netz.de\/wordpress\/wp-json\/wp\/v2\/users\/1"}],"replies":[{"embeddable":true,"href":"https:\/\/www.hossi-im-netz.de\/wordpress\/wp-json\/wp\/v2\/comments?post=8935"}],"version-history":[{"count":1,"href":"https:\/\/www.hossi-im-netz.de\/wordpress\/wp-json\/wp\/v2\/posts\/8935\/revisions"}],"predecessor-version":[{"id":8937,"href":"https:\/\/www.hossi-im-netz.de\/wordpress\/wp-json\/wp\/v2\/posts\/8935\/revisions\/8937"}],"wp:featuredmedia":[{"embeddable":true,"href":"https:\/\/www.hossi-im-netz.de\/wordpress\/wp-json\/wp\/v2\/media\/8936"}],"wp:attachment":[{"href":"https:\/\/www.hossi-im-netz.de\/wordpress\/wp-json\/wp\/v2\/media?parent=8935"}],"wp:term":[{"taxonomy":"category","embeddable":true,"href":"https:\/\/www.hossi-im-netz.de\/wordpress\/wp-json\/wp\/v2\/categories?post=8935"},{"taxonomy":"post_tag","embeddable":true,"href":"https:\/\/www.hossi-im-netz.de\/wordpress\/wp-json\/wp\/v2\/tags?post=8935"},{"taxonomy":"yst_prominent_words","embeddable":true,"href":"https:\/\/www.hossi-im-netz.de\/wordpress\/wp-json\/wp\/v2\/yst_prominent_words?post=8935"}],"curies":[{"name":"wp","href":"https:\/\/api.w.org\/{rel}","templated":true}]}}