{"id":8958,"date":"2018-03-15T14:51:32","date_gmt":"2018-03-15T12:51:32","guid":{"rendered":"http:\/\/www.hossi-im-netz.de\/wordpress\/?p=8958"},"modified":"2018-03-15T14:51:32","modified_gmt":"2018-03-15T12:51:32","slug":"der-kalte-irenaeus-laesst-deutschland-nochmals-frieren-und-spendiert-eine-extraportion-schnee","status":"publish","type":"post","link":"https:\/\/www.hossi-im-netz.de\/wordpress\/der-kalte-irenaeus-laesst-deutschland-nochmals-frieren-und-spendiert-eine-extraportion-schnee\/","title":{"rendered":"Der kalte &#8222;Iren\u00e4us&#8220; l\u00e4sst Deutschland nochmals frieren und spendiert eine Extraportion Schnee!"},"content":{"rendered":"<h2 style=\"text-align: justify;\">Der kalte &#8222;Iren\u00e4us&#8220; l\u00e4sst Deutschland nochmals frieren und spendiert eine Extraportion Schnee!<\/h2>\n<p style=\"text-align: justify;\">\nDer Winter gibt nicht auf und besucht auch Deutschland nochmals mit aller Macht! Regional beherrschen wieder Dauerfrost und Schnee den Alltag. Verantwortlich f\u00fcr den Wintereinbruch zeigt sich Hoch &#8222;Iren\u00e4us&#8220;.<\/p>\n<p style=\"text-align: justify;\">Am heutigen Donnerstag liegt Deutschland noch zwischen den sogenannten St\u00fchlen. Auf der S\u00fcdflanke des ausgepr\u00e4gten Tiefdruckgebietes &#8222;Zsuzsa&#8220;, das sich von Gr\u00f6nland bis an die Nordwestk\u00fcste Afrikas erstreckt und dessen Kern sich s\u00fcdwestlich von Island befindet, wird milde und zunehmend auch wolkenreiche Luft in den S\u00fcdwesten des Landes gef\u00fchrt. Im Norden und Osten h\u00e4lt jedoch mit kalten Ostwinden das Hoch &#8222;Iren\u00e4us&#8220; \u00fcber Skandinavien dagegen. Mit Hilfe von Tief &#8222;Yuliya&#8220; \u00fcber Nordwestrussland wird zudem sehr kalte arktische Luft auf den Weg nach Mitteleuropa geschickt (vgl. Graphik 1). Als Folge purzeln allm\u00e4hlich die Temperaturen. Schon im Laufe des heutigen Tages soll sich in Deutschland ein Temperaturunterschied von bis zu 14 Grad ausbilden. W\u00e4hrend man im Nordosten bei Werten um 3 Grad schon wieder beginnt zu frieren, laden bis zu 16 Grad und Sonnenschein im S\u00fcdosten zu einem Fr\u00fchlingsspaziergang ein.<\/p>\n<p style=\"text-align: justify;\">Doch auch dort wird die Temperatur in den kommenden Tagen auf Sturzflug gehen! Am Freitag kann sich Hoch &#8222;Iren\u00e4us&#8220; weiter st\u00e4rken und mit kalten Ostwinden allm\u00e4hlich die gesamte Nordh\u00e4lfte des Landes mit K\u00e4lte fluten. Auf der S\u00fcdseite einer von Tief &#8222;Zsuzsa&#8220; bei Island ausgehenden Luftmassengrenze, die horizontal \u00fcber der Mitte Deutschlands liegt, kann sich jedoch noch mildere Meeresluft halten. Besonders interessant wird es im direkten Umfeld der Luftmassengrenze, wo kr\u00e4ftige und l\u00e4nger anhaltende Niederschl\u00e4ge zu erwarten sind. W\u00e4hrend in der milden Luft im S\u00fcden noch bis in gr\u00f6\u00dfere H\u00f6hen Regen f\u00e4llt, gehen die Niederschl\u00e4ge auf der Nordseite bis in tiefe Lagen in Schnee \u00fcber. Bis Samstag kann es dabei vor allem in einem Streifen von Nordrhein-Westfalen bis nach Sachsen und Brandenburg innerhalb von wenigen Stunden gr\u00f6\u00dfere Neuschneemengen geben. Verbreitet werden dort um 5 cm, im Nordoststau der Berge teils aber auch \u00fcber 10 cm zusammenkommen (vgl. Graphik 2). Aufgrund des strammen Ostwindes wird dieser zudem teils unwetterartig verweht.<\/p>\n<p style=\"text-align: justify;\">Am Samstag dr\u00e4ngt die Kaltluft allm\u00e4hlich in den S\u00fcden. Die Niederschl\u00e4ge gehen dann auch dort bis in tiefere Lagen in Schnee oder Schneeregen \u00fcber. Die H\u00f6chstwerte bewegen sich deutschlandweit auf einem winterlichen Niveau zwischen -5 und +6 Grad am Samstag und -5 bis +4 Grad am Sonntag. Durch den starken Ostwind sorgt der sogenannte Windchill f\u00fcr &#8222;Gefriertruhen-Temperaturen&#8220;. Demnach sollen die gef\u00fchlten Werte je nach Region und H\u00f6henlage etwa zwischen -10 und -25 Grad liegen.<\/p>\n<p style=\"text-align: justify;\">Bis zur Mitte der kommenden Woche wird der Winter Deutschland wohl in seinen F\u00e4ngen halten. Mit Winddrehung auf eine westliche Komponente sollen nach derzeitigem Stand danach jedoch wieder mildere Luftmassen ins Land str\u00f6men.<\/p>\n<p style=\"text-align: justify;\">Dipl.-Met. Lars Kirchh\u00fcbel<\/p>\n<p style=\"text-align: justify;\">Deutscher Wetterdienst Vorhersage- und Beratungszentrale Offenbach, den 15.03.2018<\/p>\n<p style=\"text-align: justify;\">Copyright (c) Deutscher Wetterdienst<\/p>\n<p>&nbsp;<\/p>\n<p><a href=\"https:\/\/www.hossi-im-netz.de\/wordpress\/wp-content\/uploads\/2018\/03\/2CCAE230-7C33-4B05-A145-FDC3802251FE.png\"><img loading=\"lazy\" decoding=\"async\" data-attachment-id=\"8959\" data-permalink=\"https:\/\/www.hossi-im-netz.de\/wordpress\/der-kalte-irenaeus-laesst-deutschland-nochmals-frieren-und-spendiert-eine-extraportion-schnee\/2ccae230-7c33-4b05-a145-fdc3802251fe\/\" data-orig-file=\"https:\/\/www.hossi-im-netz.de\/wordpress\/wp-content\/uploads\/2018\/03\/2CCAE230-7C33-4B05-A145-FDC3802251FE.png\" data-orig-size=\"1087,598\" data-comments-opened=\"1\" data-image-meta=\"{&quot;aperture&quot;:&quot;0&quot;,&quot;credit&quot;:&quot;&quot;,&quot;camera&quot;:&quot;&quot;,&quot;caption&quot;:&quot;&quot;,&quot;created_timestamp&quot;:&quot;0&quot;,&quot;copyright&quot;:&quot;&quot;,&quot;focal_length&quot;:&quot;0&quot;,&quot;iso&quot;:&quot;0&quot;,&quot;shutter_speed&quot;:&quot;0&quot;,&quot;title&quot;:&quot;&quot;,&quot;orientation&quot;:&quot;0&quot;}\" data-image-title=\"Der kalte &amp;#8222;Iren\u00e4us&amp;#8220; l\u00e4sst Deutschland nochmals frieren und spendiert eine Extraportion Schnee!\" data-image-description=\"\" data-image-caption=\"\" data-medium-file=\"https:\/\/www.hossi-im-netz.de\/wordpress\/wp-content\/uploads\/2018\/03\/2CCAE230-7C33-4B05-A145-FDC3802251FE-300x165.png\" data-large-file=\"https:\/\/www.hossi-im-netz.de\/wordpress\/wp-content\/uploads\/2018\/03\/2CCAE230-7C33-4B05-A145-FDC3802251FE-1024x563.png\" class=\"alignnone size-full wp-image-8959\" src=\"https:\/\/www.hossi-im-netz.de\/wordpress\/wp-content\/uploads\/2018\/03\/2CCAE230-7C33-4B05-A145-FDC3802251FE.png\" alt=\"Der kalte &quot;Iren\u00e4us&quot; l\u00e4sst Deutschland nochmals frieren und spendiert eine Extraportion Schnee!\" width=\"1087\" height=\"598\" srcset=\"https:\/\/www.hossi-im-netz.de\/wordpress\/wp-content\/uploads\/2018\/03\/2CCAE230-7C33-4B05-A145-FDC3802251FE.png 1087w, https:\/\/www.hossi-im-netz.de\/wordpress\/wp-content\/uploads\/2018\/03\/2CCAE230-7C33-4B05-A145-FDC3802251FE-300x165.png 300w, https:\/\/www.hossi-im-netz.de\/wordpress\/wp-content\/uploads\/2018\/03\/2CCAE230-7C33-4B05-A145-FDC3802251FE-768x423.png 768w, https:\/\/www.hossi-im-netz.de\/wordpress\/wp-content\/uploads\/2018\/03\/2CCAE230-7C33-4B05-A145-FDC3802251FE-1024x563.png 1024w\" sizes=\"auto, (max-width: 1087px) 100vw, 1087px\" \/><\/a><\/p>\n","protected":false},"excerpt":{"rendered":"<p>Der kalte &#8222;Iren\u00e4us&#8220; l\u00e4sst Deutschland nochmals frieren und spendiert eine Extraportion Schnee! Der Winter gibt nicht auf und besucht auch Deutschland nochmals mit aller Macht! Regional beherrschen wieder Dauerfrost und Schnee den Alltag. Verantwortlich f\u00fcr den Wintereinbruch zeigt sich Hoch <span class=\"excerpt-dots\">&hellip;<\/span> <a class=\"more-link\" href=\"https:\/\/www.hossi-im-netz.de\/wordpress\/der-kalte-irenaeus-laesst-deutschland-nochmals-frieren-und-spendiert-eine-extraportion-schnee\/\"><span class=\"more-msg\">Weiterlesen &rarr;<\/span><\/a><\/p>\n","protected":false},"author":1,"featured_media":8959,"comment_status":"open","ping_status":"closed","sticky":false,"template":"","format":"standard","meta":{"_exactmetrics_skip_tracking":false,"_exactmetrics_sitenote_active":false,"_exactmetrics_sitenote_note":"","_exactmetrics_sitenote_category":0,"jetpack_post_was_ever_published":false,"_jetpack_newsletter_access":"","_jetpack_dont_email_post_to_subs":false,"_jetpack_newsletter_tier_id":0,"_jetpack_memberships_contains_paywalled_content":false,"_jetpack_memberships_contains_paid_content":false,"footnotes":"","jetpack_publicize_message":"","jetpack_publicize_feature_enabled":true,"jetpack_social_post_already_shared":true,"jetpack_social_options":{"image_generator_settings":{"template":"highway","default_image_id":0,"font":"","enabled":false},"version":2}},"categories":[37],"tags":[130,8967,8966,8965,92],"yst_prominent_words":[5466,3669,1216,1411,8959,8964,5566,2259,8961,8962,2224,8960,8958,6580,5510,2169,8963,3365,5808,1412],"class_list":["post-8958","post","type-post","status-publish","format-standard","has-post-thumbnail","hentry","category-wetterblog","tag-deutschland","tag-extraportion","tag-frieren","tag-irenaeus","tag-schnee"],"jetpack_publicize_connections":[],"jetpack_featured_media_url":"https:\/\/www.hossi-im-netz.de\/wordpress\/wp-content\/uploads\/2018\/03\/2CCAE230-7C33-4B05-A145-FDC3802251FE.png","jetpack_sharing_enabled":true,"jetpack_shortlink":"https:\/\/wp.me\/p5DnIb-2ku","jetpack-related-posts":[],"jetpack_likes_enabled":true,"_links":{"self":[{"href":"https:\/\/www.hossi-im-netz.de\/wordpress\/wp-json\/wp\/v2\/posts\/8958","targetHints":{"allow":["GET"]}}],"collection":[{"href":"https:\/\/www.hossi-im-netz.de\/wordpress\/wp-json\/wp\/v2\/posts"}],"about":[{"href":"https:\/\/www.hossi-im-netz.de\/wordpress\/wp-json\/wp\/v2\/types\/post"}],"author":[{"embeddable":true,"href":"https:\/\/www.hossi-im-netz.de\/wordpress\/wp-json\/wp\/v2\/users\/1"}],"replies":[{"embeddable":true,"href":"https:\/\/www.hossi-im-netz.de\/wordpress\/wp-json\/wp\/v2\/comments?post=8958"}],"version-history":[{"count":1,"href":"https:\/\/www.hossi-im-netz.de\/wordpress\/wp-json\/wp\/v2\/posts\/8958\/revisions"}],"predecessor-version":[{"id":8960,"href":"https:\/\/www.hossi-im-netz.de\/wordpress\/wp-json\/wp\/v2\/posts\/8958\/revisions\/8960"}],"wp:featuredmedia":[{"embeddable":true,"href":"https:\/\/www.hossi-im-netz.de\/wordpress\/wp-json\/wp\/v2\/media\/8959"}],"wp:attachment":[{"href":"https:\/\/www.hossi-im-netz.de\/wordpress\/wp-json\/wp\/v2\/media?parent=8958"}],"wp:term":[{"taxonomy":"category","embeddable":true,"href":"https:\/\/www.hossi-im-netz.de\/wordpress\/wp-json\/wp\/v2\/categories?post=8958"},{"taxonomy":"post_tag","embeddable":true,"href":"https:\/\/www.hossi-im-netz.de\/wordpress\/wp-json\/wp\/v2\/tags?post=8958"},{"taxonomy":"yst_prominent_words","embeddable":true,"href":"https:\/\/www.hossi-im-netz.de\/wordpress\/wp-json\/wp\/v2\/yst_prominent_words?post=8958"}],"curies":[{"name":"wp","href":"https:\/\/api.w.org\/{rel}","templated":true}]}}