{"id":8979,"date":"2018-03-19T15:50:30","date_gmt":"2018-03-19T13:50:30","guid":{"rendered":"http:\/\/www.hossi-im-netz.de\/wordpress\/?p=8979"},"modified":"2018-03-19T15:50:30","modified_gmt":"2018-03-19T13:50:30","slug":"der-maerz-kann-winter","status":"publish","type":"post","link":"https:\/\/www.hossi-im-netz.de\/wordpress\/der-maerz-kann-winter\/","title":{"rendered":"Der M\u00e4rz kann Winter!"},"content":{"rendered":"<h2 style=\"text-align: justify;\">Der M\u00e4rz kann Winter!<\/h2>\n<p style=\"text-align: justify;\">\nIn den vergangenen Tagen ereignete sich ein markanter Kaltlufteinbruch. Winterwetter im M\u00e4rz: ungew\u00f6hnlich oder v\u00f6llig normal?<\/p>\n<p style=\"text-align: justify;\">Wenn man an den M\u00e4rz denkt, dann kommt einem schnell der Fr\u00fchlingsanfang in den Sinn, sei es der statistisch-meteorologische oder der astronomische. Die sp\u00fcrbar kr\u00e4ftiger werdende Sonne taucht die in allm\u00e4hlich zartem gr\u00fcn erscheinende Natur in ein helles, warmes Licht. Ein Besuch im Eiscafe, ein Sonnenbad in leichter Bekleidung &#8211; keine Frage, das Wetter kann im M\u00e4rz schon richtig fr\u00fchlingshaft sein und Lust auf den Sommer machen. Es ist nur verst\u00e4ndlich, dass man sich nach der langen dunklen, mitunter kalten Jahreszeit nach Licht und W\u00e4rme sehnt und entsprechende Erwartungen an den M\u00e4rz stellt. Doch n\u00fcchtern-wissenschaftlich betrachtet, tut man dem M\u00e4rz damit Unrecht. Der M\u00e4rz ist ein Monat der recht verl\u00e4sslichen Ambivalenz. Denn nicht selten tritt er aus meteorologischer Sicht als Fr\u00fchlingsmonat und Wintermonat zugleich auf. Kaltlufteinbr\u00fcche mit Schneef\u00e4llen sind im M\u00e4rz n\u00e4mlich keine &#8222;Laune der Natur&#8220;, sondern ein Regelfall. Deswegen wird der &#8222;M\u00e4rzwinter&#8220; auch zu den meteorologischen Singularit\u00e4ten gez\u00e4hlt wie beispielsweise das Weihnachtstauwetter oder die Siebenschl\u00e4ferregel.<\/p>\n<p style=\"text-align: justify;\">Den Fakten zum Trotz wird es sie trotzdem immer geben, die hohen Erwartungen an den M\u00e4rz als Fr\u00fchlingsmonat, teilweise gesch\u00fcrt durch prachtvolle Bilder in Film und Fernsehen. Aber zugegeben, die Wucht des vergangenen Kaltlufteinbruchs mit Dauerfrost, m\u00e4\u00dfigen bis strengen Nachtfr\u00f6sten und mitunter einer ordentlichen Portion Schnee, inklusive Verwehungen, war bemerkenswert und kommt so sicher nicht jedes Jahr vor. Eine \u00e4hnliche Situation gab es zuletzt im M\u00e4rz 2013, also immerhin vor 5 Jahren. Es geht aber noch heftiger: 1987 fiel im M\u00e4rz quasi deutschlandweit immer wieder Schnee, in den Mittelgebirgen t\u00fcrmten sich die Schneemassen teilweise \u00fcber einen Meter hoch. Die Monatsmitteltemperatur lag bei -0,4 Grad und damit 2,5 Grad niedriger als bisher im M\u00e4rz 2018 (2,1 Grad Celsius) und 0,6 Grad niedriger als im M\u00e4rz 2013 (0,2 Grad Celsius). Weitere erw\u00e4hnenswerte Vertreter ihrer Zunft in der j\u00fcngeren Vergangenheit sind die M\u00e4rzwinter 2006 (Mittel: 1,5 Grad Celsius) und 1996 (Mittel: 1,0 Grad Celsius).<\/p>\n<p style=\"text-align: justify;\">Die wesentliche Ursache f\u00fcr die Kaltlufteinbr\u00fcche im M\u00e4rz ist leicht zu umschreiben. Vor allem in den hohen Breiten, in Skandinavien und Sibirien im Speziellen, lagert zu dieser Zeit noch reichlich Kaltluft, die bei richtiger &#8222;Anstr\u00f6mung&#8220; bis nach Mitteleuropa &#8222;ausbrechen&#8220; kann. Besonders effektiv passiert dies, wenn sich beispielsweise am S\u00fcdrand einer nordeurop\u00e4ischen Hochdruckzone eine \u00f6stliche Str\u00f6mung \u00fcber Deutschland einstellen kann. Die arktische Kaltluft gelangt dabei \u00fcber die noch kalten und oft schneebedeckten Kontinentalfl\u00e4chen Osteuropas unwesentlich erw\u00e4rmt zu uns. Gegen diese eisige Luftmasse kann auch die zunehmend an Kraft gewinnende, w\u00e4rmende M\u00e4rzsonne dann nicht mehr viel ausrichten, vor allem, wenn ein b\u00f6iger Wind die gef\u00fchlte Temperatur nochmal ein St\u00fcck nach unten treibt. So geschehen in den vergangenen Tagen. Erst im April und Mai wird das K\u00e4ltereservoir im &#8222;hohen Norden&#8220; sowie \u00fcber Osteuropa und Asien rasch kleiner, womit sp\u00e4te Kaltlufteinbr\u00fcche immer unwahrscheinlicher werden und tendenziell weitaus schw\u00e4cher ausfallen als noch im M\u00e4rz.<\/p>\n<p style=\"text-align: justify;\">Sie sehen, Kaltlufteinbr\u00fcche im M\u00e4rz sollte man als so selbstverst\u00e4ndlich ansehen wie Spekulatius zur Vorweihnachtszeit in den Supermarktregalen &#8211; oder das Thema des Tages des Deutschen Wetterdienstes.<\/p>\n<p style=\"text-align: justify;\">Dipl.-Met. Adrian Leyser<\/p>\n<p style=\"text-align: justify;\">Deutscher Wetterdienst Vorhersage- und Beratungszentrale Offenbach, den 19.03.2018<\/p>\n<p style=\"text-align: justify;\">Copyright (c) Deutscher Wetterdienst<\/p>\n","protected":false},"excerpt":{"rendered":"<p>Der M\u00e4rz kann Winter! In den vergangenen Tagen ereignete sich ein markanter Kaltlufteinbruch. Winterwetter im M\u00e4rz: ungew\u00f6hnlich oder v\u00f6llig normal? Wenn man an den M\u00e4rz denkt, dann kommt einem schnell der Fr\u00fchlingsanfang in den Sinn, sei es der statistisch-meteorologische oder <span class=\"excerpt-dots\">&hellip;<\/span> <a class=\"more-link\" href=\"https:\/\/www.hossi-im-netz.de\/wordpress\/der-maerz-kann-winter\/\"><span class=\"more-msg\">Weiterlesen &rarr;<\/span><\/a><\/p>\n","protected":false},"author":1,"featured_media":8980,"comment_status":"open","ping_status":"closed","sticky":false,"template":"","format":"standard","meta":{"_exactmetrics_skip_tracking":false,"_exactmetrics_sitenote_active":false,"_exactmetrics_sitenote_note":"","_exactmetrics_sitenote_category":0,"jetpack_post_was_ever_published":false,"_jetpack_newsletter_access":"","_jetpack_dont_email_post_to_subs":false,"_jetpack_newsletter_tier_id":0,"_jetpack_memberships_contains_paywalled_content":false,"_jetpack_memberships_contains_paid_content":false,"footnotes":"","jetpack_publicize_message":"","jetpack_publicize_feature_enabled":true,"jetpack_social_post_already_shared":true,"jetpack_social_options":{"image_generator_settings":{"template":"highway","default_image_id":0,"font":"","enabled":false},"version":2}},"categories":[37],"tags":[9018,128,297],"yst_prominent_words":[8348,2965,1216,9014,9008,9015,5566,2957,9011,6548,9012,9009,5644,7801,9010,9016,3983,9017,5808,1606],"class_list":["post-8979","post","type-post","status-publish","format-standard","has-post-thumbnail","hentry","category-wetterblog","tag-kaelteeinbruch","tag-maerz","tag-winter"],"jetpack_publicize_connections":[],"jetpack_featured_media_url":"https:\/\/www.hossi-im-netz.de\/wordpress\/wp-content\/uploads\/2018\/03\/381D8648-1472-4E66-AEF6-DB14903BEB69.jpeg","jetpack_sharing_enabled":true,"jetpack_shortlink":"https:\/\/wp.me\/p5DnIb-2kP","jetpack-related-posts":[],"jetpack_likes_enabled":true,"_links":{"self":[{"href":"https:\/\/www.hossi-im-netz.de\/wordpress\/wp-json\/wp\/v2\/posts\/8979","targetHints":{"allow":["GET"]}}],"collection":[{"href":"https:\/\/www.hossi-im-netz.de\/wordpress\/wp-json\/wp\/v2\/posts"}],"about":[{"href":"https:\/\/www.hossi-im-netz.de\/wordpress\/wp-json\/wp\/v2\/types\/post"}],"author":[{"embeddable":true,"href":"https:\/\/www.hossi-im-netz.de\/wordpress\/wp-json\/wp\/v2\/users\/1"}],"replies":[{"embeddable":true,"href":"https:\/\/www.hossi-im-netz.de\/wordpress\/wp-json\/wp\/v2\/comments?post=8979"}],"version-history":[{"count":1,"href":"https:\/\/www.hossi-im-netz.de\/wordpress\/wp-json\/wp\/v2\/posts\/8979\/revisions"}],"predecessor-version":[{"id":8981,"href":"https:\/\/www.hossi-im-netz.de\/wordpress\/wp-json\/wp\/v2\/posts\/8979\/revisions\/8981"}],"wp:featuredmedia":[{"embeddable":true,"href":"https:\/\/www.hossi-im-netz.de\/wordpress\/wp-json\/wp\/v2\/media\/8980"}],"wp:attachment":[{"href":"https:\/\/www.hossi-im-netz.de\/wordpress\/wp-json\/wp\/v2\/media?parent=8979"}],"wp:term":[{"taxonomy":"category","embeddable":true,"href":"https:\/\/www.hossi-im-netz.de\/wordpress\/wp-json\/wp\/v2\/categories?post=8979"},{"taxonomy":"post_tag","embeddable":true,"href":"https:\/\/www.hossi-im-netz.de\/wordpress\/wp-json\/wp\/v2\/tags?post=8979"},{"taxonomy":"yst_prominent_words","embeddable":true,"href":"https:\/\/www.hossi-im-netz.de\/wordpress\/wp-json\/wp\/v2\/yst_prominent_words?post=8979"}],"curies":[{"name":"wp","href":"https:\/\/api.w.org\/{rel}","templated":true}]}}