{"id":8999,"date":"2018-03-22T16:57:53","date_gmt":"2018-03-22T14:57:53","guid":{"rendered":"http:\/\/www.hossi-im-netz.de\/wordpress\/?p=8999"},"modified":"2018-03-22T16:57:53","modified_gmt":"2018-03-22T14:57:53","slug":"rueckblick-maerzwinter-a-la-bonne-heure","status":"publish","type":"post","link":"https:\/\/www.hossi-im-netz.de\/wordpress\/rueckblick-maerzwinter-a-la-bonne-heure\/","title":{"rendered":"R\u00fcckblick: M\u00e4rzwinter \u00e0 la bonne heure"},"content":{"rendered":"<h2 style=\"text-align: justify;\">R\u00fcckblick: M\u00e4rzwinter \u00e0 la bonne heure<\/h2>\n<p style=\"text-align: justify;\">\nIn den vergangenen Tagen schlug der M\u00e4rzwinter nochmal richtig zu. Von ergiebigen Schneef\u00e4llen mit massiven Schneeverwehungen bis hin zu Sturm und strengem Frost war alles dabei. Hier ein kurzer R\u00fcckblick auf diese winterlichen Tage.<\/p>\n<p style=\"text-align: justify;\">Der Winter setzte nochmal ein fettes Ausrufezeichen! In manchen Regionen stellte der M\u00e4rzwinter der letzten Tage sogar alle bisherigen Winterwetterlagen in den Schatten. Es standen quasi alle winterlichen Wettererscheinungen auf dem Programm, sodass unsere Warnmeteorologen alle H\u00e4nde voll zu tun hatten. F\u00fcr alle Schnee- und Winterfans blicken wir heute auf einige &#8222;Schmankerl&#8220; der letzten Woche zur\u00fcck. Fr\u00fchlingsliebhaber m\u00fcssen hingegen beim Lesen ganz stark sein. Aber ich verspreche Ihnen, dass es zumindest von mir das letzte winterliche Thema des Tages vor dem Sommer sein wird&#8230;komme was wolle.<\/p>\n<p style=\"text-align: justify;\">Los ging das Ganze am Freitag. Einerseits wurde von S\u00fcden her feucht-milde Meeresluft in die Mitte Deutschlands transportiert, andererseits floss in die Nordh\u00e4lfte kalte Luft arktischen Ursprungs ein. Dort, wo beide Luftmassen aufeinander prallten, bildete sich eine scharfe Luftmassengrenze, an der es bis in den Samstag hinein langanhaltend schneite. Vor allem in einem Streifen vom Harz \u00fcber das Leipziger Tiefland bis zur Lausitz kamen beachtliche Schneemengen zusammen (siehe Thema des Tages vom 18.3.).<\/p>\n<p style=\"text-align: justify;\">Doch damit nicht genug! Zum Schnee gesellte sich noch ein zeitweise st\u00fcrmischer Ostwind. Die ohnehin schon frostigen Temperaturen f\u00fchlten sich dadurch noch deutlich eisiger an, sodass gef\u00fchlte Temperaturen um -20 \u00b0C selbst am Tage keine Seltenheit waren. Fu\u00dfg\u00e4nger bekamen zudem an der schleswig-holsteinischen Ostseek\u00fcste, beispielsweise an der Flensburger F\u00f6rde, nasse F\u00fc\u00dfe, da der Oststurm eine leichte Sturmflut ausl\u00f6ste. Hingegen sorgte ein ungew\u00f6hnlich starkes Niedrigwasser an der Nordseek\u00fcste f\u00fcr Behinderungen im F\u00e4hrbetrieb, da das Wasser regelrecht aufs offene Meer hinausgetrieben wurde. Das st\u00fcrmische Ostgebl\u00e4se machte noch weiteren \u00c4rger. Dort, wo kein Schnee lag, kam es vereinzelt zu Staubst\u00fcrmen, was am vergangenen Sonntag bei Cuxhaven wegen der schlechten Sicht sogar zur Sperrung der A27 f\u00fchrte. Als Entsch\u00e4digung konnten Hartgesottene auf R\u00fcgen an allerlei k\u00fcstennahen Gegenst\u00e4nden bizarre Eiskunstwerke bestaunen, die durch gefrorene Gischt entstanden ist.<\/p>\n<p style=\"text-align: justify;\">In der Mitte Deutschlands wehte der Wind in der Nacht auf Sonntag zeitweise mit Sturmst\u00e4rke (9 Bft), sodass sich in Nord- und Mittelhessen sowie in Th\u00fcringen die Meldungen \u00fcber gesperrte Stra\u00dfen durch umgest\u00fcrzte B\u00e4ume h\u00e4uften. Bei Aschenberg in der N\u00e4he von Bad Salzungen wurde sogar ein halbes Waldgebiet platt gemacht, was auf schwere oder sogar orkanartige B\u00f6en hindeutet. Vermutlich wurde dort ein Starkwindband oberhalb einer scharfen Inversion im Lee des Th\u00fcringer Walds zum Boden &#8222;gedr\u00fcckt&#8220;. Zudem kam die Tatsache dazu, dass der Sturm aus einer ungew\u00f6hnlichen Richtung blies, worauf die B\u00e4ume nicht eingerichtet sind.<\/p>\n<p style=\"text-align: justify;\">Das weitaus spektakul\u00e4rste Ph\u00e4nomen dieser Winterperiode waren allerdings die massiven Schneeverwehungen in Teilen Ostdeutschlands. Selbst im Flachland sorgten Schneewehen f\u00fcr erhebliche Verkehrsbehinderungen. Pausenlos blies der Ostwind den feinen Pulverschnee auf die Stra\u00dfen. \u00dcberall dort, wo der &#8222;vom Winde verwehte&#8220; Schnee auf ein Hindernis traf, t\u00fcrmte er sich zu teils meterhohen Schneewehen auf, wie beispielsweise im Leipziger Tiefland &#8211; im Flachland durchaus ungew\u00f6hnlich! Wie massiv die Probleme durch Schneeverwehungen sind, h\u00e4ngt zum einen von der Menge an lockerem Schnee, zum anderen von der mittleren Windgeschwindigkeit ab.<\/p>\n<p style=\"text-align: justify;\">Nachdem der Osten seine Schneepackung abbekommen hatte, war in der Nacht zum Sonntag auch der S\u00fcden an der Reihe. Durch Aufgleiten w\u00e4rmerer Luftmassen auf die Kaltluft formierte sich ein gro\u00dffl\u00e4chiges Schneefallgebiet. Vielerorts fielen 10 bis 20 cm Schnee und selbst im sonst so schneearmen Rhein-Main-Gebiet konnte sich eine ordentliche Schneedecke von 5 bis 10 cm bilden. Da hier der Wind weiterhin recht kr\u00e4ftig blies, kam es ebenfalls zu Schneeverwehungen. Wie Abbildung a (Innenhof der DWD-Zentrale in Offenbach) zeigt, reicht selbst eine geringe Schneeh\u00f6he aus, um den frischen Neuschnee zu verwehen. In etwas exponierteren Lagen (Abbildung b: aufgenommen bei Dietzenbach, Landkreis Offenbach) gab es sogar ganz beachtliche Schneewehen, die man in dieser Region eher selten antrifft.<\/p>\n<p style=\"text-align: justify;\">Zum Beginn der neuen Woche beruhigte sich das Wetter langsam wieder und es lie\u00dfen sich Sonne, Mond und Sterne blicken. Doch damit kam der strenge Frost ins Spiel. Vor allem \u00fcber Schneefl\u00e4chen konnte die Temperatur auf bitterkalte -10 bis -15 Grad oder gar darunter abst\u00fcrzen.<\/p>\n<p style=\"text-align: justify;\">Zum Abschluss noch einen kurzer Blick in die Zukunft: Die heutigen Schneef\u00e4lle sind an eine Warmfront gekoppelt, hinter der mildere Luft einflie\u00dft. Am Wochenende sind daher sogar wieder zweistellige H\u00f6chstwerte zu erwarten. Ein durchgreifender Fr\u00fchling wird das aber nicht werden. In der Karwoche gehen die Temperaturen wieder leicht zur\u00fcck. Fr\u00fchlingsfans m\u00fcssen in diesem Jahr ziemlich tapfer sein.<\/p>\n<p style=\"text-align: justify;\">Dipl.-Met. Dr. Markus \u00dcbel<\/p>\n<p style=\"text-align: justify;\">Deutscher Wetterdienst Vorhersage- und Beratungszentrale Offenbach, den 22.03.2018<\/p>\n<p style=\"text-align: justify;\">Copyright (c) Deutscher Wetterdienst<\/p>\n<p>&nbsp;<\/p>\n<p><a href=\"https:\/\/www.hossi-im-netz.de\/wordpress\/wp-content\/uploads\/2018\/03\/E06E3B90-7300-4B6F-9150-D61FB2455FF1.png\"><img loading=\"lazy\" decoding=\"async\" data-attachment-id=\"9000\" data-permalink=\"https:\/\/www.hossi-im-netz.de\/wordpress\/rueckblick-maerzwinter-a-la-bonne-heure\/e06e3b90-7300-4b6f-9150-d61fb2455ff1\/\" data-orig-file=\"https:\/\/www.hossi-im-netz.de\/wordpress\/wp-content\/uploads\/2018\/03\/E06E3B90-7300-4B6F-9150-D61FB2455FF1.png\" data-orig-size=\"831,948\" data-comments-opened=\"1\" data-image-meta=\"{&quot;aperture&quot;:&quot;0&quot;,&quot;credit&quot;:&quot;&quot;,&quot;camera&quot;:&quot;&quot;,&quot;caption&quot;:&quot;&quot;,&quot;created_timestamp&quot;:&quot;0&quot;,&quot;copyright&quot;:&quot;&quot;,&quot;focal_length&quot;:&quot;0&quot;,&quot;iso&quot;:&quot;0&quot;,&quot;shutter_speed&quot;:&quot;0&quot;,&quot;title&quot;:&quot;&quot;,&quot;orientation&quot;:&quot;0&quot;}\" data-image-title=\"R\u00fcckblick: M\u00e4rzwinter \u00e0 la bonne heure\" data-image-description=\"\" data-image-caption=\"\" data-medium-file=\"https:\/\/www.hossi-im-netz.de\/wordpress\/wp-content\/uploads\/2018\/03\/E06E3B90-7300-4B6F-9150-D61FB2455FF1-263x300.png\" data-large-file=\"https:\/\/www.hossi-im-netz.de\/wordpress\/wp-content\/uploads\/2018\/03\/E06E3B90-7300-4B6F-9150-D61FB2455FF1.png\" class=\"alignnone size-full wp-image-9000\" src=\"https:\/\/www.hossi-im-netz.de\/wordpress\/wp-content\/uploads\/2018\/03\/E06E3B90-7300-4B6F-9150-D61FB2455FF1.png\" alt=\"R\u00fcckblick: M\u00e4rzwinter \u00e0 la bonne heure\" width=\"831\" height=\"948\" srcset=\"https:\/\/www.hossi-im-netz.de\/wordpress\/wp-content\/uploads\/2018\/03\/E06E3B90-7300-4B6F-9150-D61FB2455FF1.png 831w, https:\/\/www.hossi-im-netz.de\/wordpress\/wp-content\/uploads\/2018\/03\/E06E3B90-7300-4B6F-9150-D61FB2455FF1-263x300.png 263w, https:\/\/www.hossi-im-netz.de\/wordpress\/wp-content\/uploads\/2018\/03\/E06E3B90-7300-4B6F-9150-D61FB2455FF1-768x876.png 768w\" sizes=\"auto, (max-width: 831px) 100vw, 831px\" \/><\/a><\/p>\n","protected":false},"excerpt":{"rendered":"<p>R\u00fcckblick: M\u00e4rzwinter \u00e0 la bonne heure In den vergangenen Tagen schlug der M\u00e4rzwinter nochmal richtig zu. Von ergiebigen Schneef\u00e4llen mit massiven Schneeverwehungen bis hin zu Sturm und strengem Frost war alles dabei. Hier ein kurzer R\u00fcckblick auf diese winterlichen Tage. <span class=\"excerpt-dots\">&hellip;<\/span> <a class=\"more-link\" href=\"https:\/\/www.hossi-im-netz.de\/wordpress\/rueckblick-maerzwinter-a-la-bonne-heure\/\"><span class=\"more-msg\">Weiterlesen &rarr;<\/span><\/a><\/p>\n","protected":false},"author":1,"featured_media":9000,"comment_status":"open","ping_status":"closed","sticky":false,"template":"","format":"standard","meta":{"_exactmetrics_skip_tracking":false,"_exactmetrics_sitenote_active":false,"_exactmetrics_sitenote_note":"","_exactmetrics_sitenote_category":0,"jetpack_post_was_ever_published":false,"_jetpack_newsletter_access":"","_jetpack_dont_email_post_to_subs":false,"_jetpack_newsletter_tier_id":0,"_jetpack_memberships_contains_paywalled_content":false,"_jetpack_memberships_contains_paid_content":false,"footnotes":"","jetpack_publicize_message":"","jetpack_publicize_feature_enabled":true,"jetpack_social_post_already_shared":true,"jetpack_social_options":{"image_generator_settings":{"template":"highway","default_image_id":0,"font":"","enabled":false},"version":2}},"categories":[37],"tags":[9042,535,68],"yst_prominent_words":[5466,5727,9037,1216,5708,9035,9016,9041,9034,7229,4371,5958,9039,5808,9036,9038,5572,3598,1451,1606],"class_list":["post-8999","post","type-post","status-publish","format-standard","has-post-thumbnail","hentry","category-wetterblog","tag-a-la-bonne-heure","tag-maerzwinter","tag-rueckblick"],"jetpack_publicize_connections":[],"jetpack_featured_media_url":"https:\/\/www.hossi-im-netz.de\/wordpress\/wp-content\/uploads\/2018\/03\/E06E3B90-7300-4B6F-9150-D61FB2455FF1.png","jetpack_sharing_enabled":true,"jetpack_shortlink":"https:\/\/wp.me\/p5DnIb-2l9","jetpack-related-posts":[],"jetpack_likes_enabled":true,"_links":{"self":[{"href":"https:\/\/www.hossi-im-netz.de\/wordpress\/wp-json\/wp\/v2\/posts\/8999","targetHints":{"allow":["GET"]}}],"collection":[{"href":"https:\/\/www.hossi-im-netz.de\/wordpress\/wp-json\/wp\/v2\/posts"}],"about":[{"href":"https:\/\/www.hossi-im-netz.de\/wordpress\/wp-json\/wp\/v2\/types\/post"}],"author":[{"embeddable":true,"href":"https:\/\/www.hossi-im-netz.de\/wordpress\/wp-json\/wp\/v2\/users\/1"}],"replies":[{"embeddable":true,"href":"https:\/\/www.hossi-im-netz.de\/wordpress\/wp-json\/wp\/v2\/comments?post=8999"}],"version-history":[{"count":1,"href":"https:\/\/www.hossi-im-netz.de\/wordpress\/wp-json\/wp\/v2\/posts\/8999\/revisions"}],"predecessor-version":[{"id":9001,"href":"https:\/\/www.hossi-im-netz.de\/wordpress\/wp-json\/wp\/v2\/posts\/8999\/revisions\/9001"}],"wp:featuredmedia":[{"embeddable":true,"href":"https:\/\/www.hossi-im-netz.de\/wordpress\/wp-json\/wp\/v2\/media\/9000"}],"wp:attachment":[{"href":"https:\/\/www.hossi-im-netz.de\/wordpress\/wp-json\/wp\/v2\/media?parent=8999"}],"wp:term":[{"taxonomy":"category","embeddable":true,"href":"https:\/\/www.hossi-im-netz.de\/wordpress\/wp-json\/wp\/v2\/categories?post=8999"},{"taxonomy":"post_tag","embeddable":true,"href":"https:\/\/www.hossi-im-netz.de\/wordpress\/wp-json\/wp\/v2\/tags?post=8999"},{"taxonomy":"yst_prominent_words","embeddable":true,"href":"https:\/\/www.hossi-im-netz.de\/wordpress\/wp-json\/wp\/v2\/yst_prominent_words?post=8999"}],"curies":[{"name":"wp","href":"https:\/\/api.w.org\/{rel}","templated":true}]}}