{"id":9005,"date":"2018-03-23T12:33:07","date_gmt":"2018-03-23T10:33:07","guid":{"rendered":"http:\/\/www.hossi-im-netz.de\/wordpress\/?p=9005"},"modified":"2018-03-23T12:33:07","modified_gmt":"2018-03-23T10:33:07","slug":"das-wetter-geht-mir-auf-den-geist","status":"publish","type":"post","link":"https:\/\/www.hossi-im-netz.de\/wordpress\/das-wetter-geht-mir-auf-den-geist\/","title":{"rendered":"&#8222;Das Wetter geht mir auf den Geist!&#8220;"},"content":{"rendered":"<h2 style=\"text-align: justify;\">&#8222;Das Wetter geht mir auf den Geist!&#8220;<\/h2>\n<p style=\"text-align: justify;\">\nVon Fr\u00fchlingswetter fehlt derzeit jede Spur, daf\u00fcr zeigt der Winter noch einmal seine Z\u00e4hne. Vielen Menschen gef\u00e4llt das nicht, sind sie doch schon auf den Fr\u00fchling eingestellt.<\/p>\n<p style=\"text-align: justify;\">&#8222;Wo bleibt denn der Fr\u00fchling?!&#8220;, &#8222;Winterwetter brauche ich jetzt auch nicht mehr!&#8220;, &#8222;Es ist viel zu kalt und nass, um sch\u00f6ne Ausfl\u00fcge zu unternehmen&#8220;, &#8222;Ich kann ihn nicht mehr sehen!&#8220; (Anmerkung: gemeint ist der Schnee). Solche oder so \u00e4hnliche S\u00e4tze h\u00f6rt man derzeit h\u00e4ufig, wenn es um das aktuelle Wetter geht. Beschwerden \u00fcber das Wetter sind uns Meteorologen nat\u00fcrlich bestens bekannt, aber leider ist das Wetter in unseren Breiten kein Wunschkonzert.<\/p>\n<p style=\"text-align: justify;\">Warmes und sch\u00f6nes Fr\u00fchlingswetter ist uns in diesem Fr\u00fchjahr bisher h\u00f6chstens mal sporadisch und kurz begegnet. So gab es in der Phase vom 8. bis zum 16. M\u00e4rz zumindest gebietsweise Sonnenschein bei H\u00f6chsttemperaturen im zweistelligen Bereich. Und tats\u00e4chlich wurde in diesem Jahr sogar schon die 20-Grad-Schwelle gerissen, n\u00e4mlich am 11. M\u00e4rz im th\u00fcringischen Olbersleben.<\/p>\n<p style=\"text-align: justify;\">Ansonsten herrschte in dem seit dem 1. M\u00e4rz f\u00fcr die Meteorologen begonnenen Fr\u00fchling Tristesse pur. Niedrige H\u00f6chsttemperaturen im einstelligen Bereich, zeitweise sogar Dauerfrost und immer wieder viele Wolken mit Niederschl\u00e4gen, wobei zum Teil bis in tiefe Lagen Schnee fiel. Der &#8222;M\u00e4rzwinter&#8220; (siehe dazu auch das Thema des Tages vom gestrigen Donnerstag unter https:\/\/www.dwd.de\/DE\/wetter\/thema_des_tages\/2018\/3\/22.htm) schlug in diesem Zusammenhang noch einmal voll zu. Scheinbar will der Winter das nachholen, was er im eigentlichen Winter verpasst hat.<\/p>\n<p style=\"text-align: justify;\">Parallelen zum Winter\/Fr\u00fchling 2012\/2013 sind un\u00fcbersehbar. Nach einem milden Dezember 2012 und Januar 2013 wurde es im Februar 2013 eisig kalt. Dann gab es Anfang M\u00e4rz 2013 eine sehr milde Phase mit Temperaturen gebietsweise um 20 Grad, vor allem im Westen und S\u00fcdwesten. Anschlie\u00dfend kehrte auch damals der &#8222;M\u00e4rzwinter&#8220; ein und brachte zur Mitte des Monats wie in diesem Jahr den Winter bis ins Flachland zur\u00fcck. Bis zum Ende des Monats erholten sich die Temperaturen dann kaum noch, sodass meist kaum 10 Grad erreicht wurden und der Monat mit einer negativen Abweichung von -3,3 Grad vom langj\u00e4hrigen Wert der international g\u00fcltigen Klimareferenzperiode 1961 bis 1990 insgesamt deutlich zu kalt ausfiel.<\/p>\n<p style=\"text-align: justify;\">F\u00fcr den M\u00e4rz 2018 droht ein ganz \u00e4hnliches Szenario. Zwar werden insbesondere an diesem Wochenende H\u00f6chstwerte knapp \u00fcber 10 Grad erwartet (siehe dazu die Grafik f\u00fcr die Aussichten am Wochenende unter https:\/\/www.dwd.de\/DE\/wetter\/thema_des_tages\/2018\/3\/23.htm), diese Erw\u00e4rmung bleibt aber voraussichtlich nur ein kurzes Strohfeuer des Fr\u00fchlings. Allerdings wird es vielen nach den kalten Tagen dann doch wie Fr\u00fchling vorkommen, zumal vor allem in der S\u00fcdh\u00e4lfte auch die Sonne l\u00e4nger scheint. Zum Wochenbeginn sinken die Temperaturen wieder auf einstellige Werte, wobei sich wechselhafteres Wetter ank\u00fcndigt mit neuen Niederschl\u00e4gen, vielleicht auch wieder bis ganz herunter mit Schnee. Unter Umst\u00e4nden h\u00e4lt sich dieses Wetter sogar bis Ostern, das hei\u00dft bis Anfang April.<\/p>\n<p style=\"text-align: justify;\">Dieses Wetter brauchen die meisten Menschen nun wirklich nicht mehr (der Verfasser dieses Textes \u00fcbrigens auch nicht). Die Tage werden l\u00e4nger, die ersten Knospen an B\u00e4umen und Str\u00e4uchern zeigen sich. Schneegl\u00f6ckchen sprie\u00dfen und die V\u00f6gel zwitschern wieder h\u00e4ufiger. Rein mental gesehen sind die Menschen nun auf den Fr\u00fchling und Fr\u00fchlingswetter mit steigenden Temperaturen bei Sonnenschein eingestellt. Nur leider will das Wetter (noch) nicht mitmachen. Fr\u00fcher oder sp\u00e4ter aber kommt er, der Fr\u00fchling. Versprochen!<\/p>\n<p style=\"text-align: justify;\">Dipl.-Met. Simon Trippler<\/p>\n<p style=\"text-align: justify;\">Deutscher Wetterdienst Vorhersage- und Beratungszentrale Offenbach, den 23.03.2018<\/p>\n<p style=\"text-align: justify;\">Copyright (c) Deutscher Wetterdienst<\/p>\n<p>&nbsp;<\/p>\n<p><a href=\"https:\/\/www.hossi-im-netz.de\/wordpress\/wp-content\/uploads\/2018\/03\/37E667FB-A268-46F2-A803-CE2428ED7C6A.jpeg\"><img loading=\"lazy\" decoding=\"async\" data-attachment-id=\"9006\" data-permalink=\"https:\/\/www.hossi-im-netz.de\/wordpress\/das-wetter-geht-mir-auf-den-geist\/37e667fb-a268-46f2-a803-ce2428ed7c6a\/\" data-orig-file=\"https:\/\/www.hossi-im-netz.de\/wordpress\/wp-content\/uploads\/2018\/03\/37E667FB-A268-46F2-A803-CE2428ED7C6A.jpeg\" data-orig-size=\"2053,1138\" data-comments-opened=\"1\" data-image-meta=\"{&quot;aperture&quot;:&quot;0&quot;,&quot;credit&quot;:&quot;&quot;,&quot;camera&quot;:&quot;&quot;,&quot;caption&quot;:&quot;&quot;,&quot;created_timestamp&quot;:&quot;0&quot;,&quot;copyright&quot;:&quot;&quot;,&quot;focal_length&quot;:&quot;0&quot;,&quot;iso&quot;:&quot;0&quot;,&quot;shutter_speed&quot;:&quot;0&quot;,&quot;title&quot;:&quot;&quot;,&quot;orientation&quot;:&quot;0&quot;}\" data-image-title=\"&amp;#8222;Das Wetter geht mir auf den Geist!&amp;#8220;\" data-image-description=\"\" data-image-caption=\"\" data-medium-file=\"https:\/\/www.hossi-im-netz.de\/wordpress\/wp-content\/uploads\/2018\/03\/37E667FB-A268-46F2-A803-CE2428ED7C6A-300x166.jpeg\" data-large-file=\"https:\/\/www.hossi-im-netz.de\/wordpress\/wp-content\/uploads\/2018\/03\/37E667FB-A268-46F2-A803-CE2428ED7C6A-1024x568.jpeg\" class=\"alignnone size-full wp-image-9006\" src=\"https:\/\/www.hossi-im-netz.de\/wordpress\/wp-content\/uploads\/2018\/03\/37E667FB-A268-46F2-A803-CE2428ED7C6A.jpeg\" alt=\"\" width=\"2053\" height=\"1138\" srcset=\"https:\/\/www.hossi-im-netz.de\/wordpress\/wp-content\/uploads\/2018\/03\/37E667FB-A268-46F2-A803-CE2428ED7C6A.jpeg 2053w, https:\/\/www.hossi-im-netz.de\/wordpress\/wp-content\/uploads\/2018\/03\/37E667FB-A268-46F2-A803-CE2428ED7C6A-300x166.jpeg 300w, https:\/\/www.hossi-im-netz.de\/wordpress\/wp-content\/uploads\/2018\/03\/37E667FB-A268-46F2-A803-CE2428ED7C6A-768x426.jpeg 768w, https:\/\/www.hossi-im-netz.de\/wordpress\/wp-content\/uploads\/2018\/03\/37E667FB-A268-46F2-A803-CE2428ED7C6A-1024x568.jpeg 1024w\" sizes=\"auto, (max-width: 2053px) 100vw, 2053px\" \/><\/a> <a href=\"https:\/\/www.hossi-im-netz.de\/wordpress\/wp-content\/uploads\/2018\/03\/8E3A357E-91E0-4EAB-9232-D3E95DCA05DF.jpeg\"><img loading=\"lazy\" decoding=\"async\" data-attachment-id=\"9007\" data-permalink=\"https:\/\/www.hossi-im-netz.de\/wordpress\/das-wetter-geht-mir-auf-den-geist\/8e3a357e-91e0-4eab-9232-d3e95dca05df\/\" data-orig-file=\"https:\/\/www.hossi-im-netz.de\/wordpress\/wp-content\/uploads\/2018\/03\/8E3A357E-91E0-4EAB-9232-D3E95DCA05DF.jpeg\" data-orig-size=\"2053,1131\" data-comments-opened=\"1\" data-image-meta=\"{&quot;aperture&quot;:&quot;0&quot;,&quot;credit&quot;:&quot;&quot;,&quot;camera&quot;:&quot;&quot;,&quot;caption&quot;:&quot;&quot;,&quot;created_timestamp&quot;:&quot;0&quot;,&quot;copyright&quot;:&quot;&quot;,&quot;focal_length&quot;:&quot;0&quot;,&quot;iso&quot;:&quot;0&quot;,&quot;shutter_speed&quot;:&quot;0&quot;,&quot;title&quot;:&quot;&quot;,&quot;orientation&quot;:&quot;0&quot;}\" data-image-title=\"&amp;#8222;Das Wetter geht mir auf den Geist!&amp;#8220;\" data-image-description=\"\" data-image-caption=\"\" data-medium-file=\"https:\/\/www.hossi-im-netz.de\/wordpress\/wp-content\/uploads\/2018\/03\/8E3A357E-91E0-4EAB-9232-D3E95DCA05DF-300x165.jpeg\" data-large-file=\"https:\/\/www.hossi-im-netz.de\/wordpress\/wp-content\/uploads\/2018\/03\/8E3A357E-91E0-4EAB-9232-D3E95DCA05DF-1024x564.jpeg\" class=\"alignnone size-full wp-image-9007\" src=\"https:\/\/www.hossi-im-netz.de\/wordpress\/wp-content\/uploads\/2018\/03\/8E3A357E-91E0-4EAB-9232-D3E95DCA05DF.jpeg\" alt=\"&quot;Das Wetter geht mir auf den Geist!&quot;\" width=\"2053\" height=\"1131\" srcset=\"https:\/\/www.hossi-im-netz.de\/wordpress\/wp-content\/uploads\/2018\/03\/8E3A357E-91E0-4EAB-9232-D3E95DCA05DF.jpeg 2053w, https:\/\/www.hossi-im-netz.de\/wordpress\/wp-content\/uploads\/2018\/03\/8E3A357E-91E0-4EAB-9232-D3E95DCA05DF-300x165.jpeg 300w, https:\/\/www.hossi-im-netz.de\/wordpress\/wp-content\/uploads\/2018\/03\/8E3A357E-91E0-4EAB-9232-D3E95DCA05DF-768x423.jpeg 768w, https:\/\/www.hossi-im-netz.de\/wordpress\/wp-content\/uploads\/2018\/03\/8E3A357E-91E0-4EAB-9232-D3E95DCA05DF-1024x564.jpeg 1024w\" sizes=\"auto, (max-width: 2053px) 100vw, 2053px\" \/><\/a><\/p>\n","protected":false},"excerpt":{"rendered":"<p>&#8222;Das Wetter geht mir auf den Geist!&#8220; Von Fr\u00fchlingswetter fehlt derzeit jede Spur, daf\u00fcr zeigt der Winter noch einmal seine Z\u00e4hne. Vielen Menschen gef\u00e4llt das nicht, sind sie doch schon auf den Fr\u00fchling eingestellt. &#8222;Wo bleibt denn der Fr\u00fchling?!&#8220;, &#8222;Winterwetter <span class=\"excerpt-dots\">&hellip;<\/span> <a class=\"more-link\" href=\"https:\/\/www.hossi-im-netz.de\/wordpress\/das-wetter-geht-mir-auf-den-geist\/\"><span class=\"more-msg\">Weiterlesen &rarr;<\/span><\/a><\/p>\n","protected":false},"author":1,"featured_media":9006,"comment_status":"open","ping_status":"closed","sticky":false,"template":"","format":"standard","meta":{"_exactmetrics_skip_tracking":false,"_exactmetrics_sitenote_active":false,"_exactmetrics_sitenote_note":"","_exactmetrics_sitenote_category":0,"jetpack_post_was_ever_published":false,"_jetpack_newsletter_access":"","_jetpack_dont_email_post_to_subs":false,"_jetpack_newsletter_tier_id":0,"_jetpack_memberships_contains_paywalled_content":false,"_jetpack_memberships_contains_paid_content":false,"footnotes":"","jetpack_publicize_message":"","jetpack_publicize_feature_enabled":true,"jetpack_social_post_already_shared":true,"jetpack_social_options":{"image_generator_settings":{"template":"highway","default_image_id":0,"font":"","enabled":false},"version":2}},"categories":[37],"tags":[9050,70,9027,4],"yst_prominent_words":[5466,1215,8348,2060,1216,9049,3284,9025,5606,3397,5566,8485,8213,8910,2020,6090,5808,1451,1220,1412],"class_list":["post-9005","post","type-post","status-publish","format-standard","has-post-thumbnail","hentry","category-wetterblog","tag-das-wetter-geht-mir-auf-den-geist","tag-fruehling","tag-fruehlingswetter","tag-wetter"],"jetpack_publicize_connections":[],"jetpack_featured_media_url":"https:\/\/www.hossi-im-netz.de\/wordpress\/wp-content\/uploads\/2018\/03\/37E667FB-A268-46F2-A803-CE2428ED7C6A.jpeg","jetpack_sharing_enabled":true,"jetpack_shortlink":"https:\/\/wp.me\/p5DnIb-2lf","jetpack-related-posts":[],"jetpack_likes_enabled":true,"_links":{"self":[{"href":"https:\/\/www.hossi-im-netz.de\/wordpress\/wp-json\/wp\/v2\/posts\/9005","targetHints":{"allow":["GET"]}}],"collection":[{"href":"https:\/\/www.hossi-im-netz.de\/wordpress\/wp-json\/wp\/v2\/posts"}],"about":[{"href":"https:\/\/www.hossi-im-netz.de\/wordpress\/wp-json\/wp\/v2\/types\/post"}],"author":[{"embeddable":true,"href":"https:\/\/www.hossi-im-netz.de\/wordpress\/wp-json\/wp\/v2\/users\/1"}],"replies":[{"embeddable":true,"href":"https:\/\/www.hossi-im-netz.de\/wordpress\/wp-json\/wp\/v2\/comments?post=9005"}],"version-history":[{"count":1,"href":"https:\/\/www.hossi-im-netz.de\/wordpress\/wp-json\/wp\/v2\/posts\/9005\/revisions"}],"predecessor-version":[{"id":9008,"href":"https:\/\/www.hossi-im-netz.de\/wordpress\/wp-json\/wp\/v2\/posts\/9005\/revisions\/9008"}],"wp:featuredmedia":[{"embeddable":true,"href":"https:\/\/www.hossi-im-netz.de\/wordpress\/wp-json\/wp\/v2\/media\/9006"}],"wp:attachment":[{"href":"https:\/\/www.hossi-im-netz.de\/wordpress\/wp-json\/wp\/v2\/media?parent=9005"}],"wp:term":[{"taxonomy":"category","embeddable":true,"href":"https:\/\/www.hossi-im-netz.de\/wordpress\/wp-json\/wp\/v2\/categories?post=9005"},{"taxonomy":"post_tag","embeddable":true,"href":"https:\/\/www.hossi-im-netz.de\/wordpress\/wp-json\/wp\/v2\/tags?post=9005"},{"taxonomy":"yst_prominent_words","embeddable":true,"href":"https:\/\/www.hossi-im-netz.de\/wordpress\/wp-json\/wp\/v2\/yst_prominent_words?post=9005"}],"curies":[{"name":"wp","href":"https:\/\/api.w.org\/{rel}","templated":true}]}}