{"id":9304,"date":"2018-05-01T17:50:55","date_gmt":"2018-05-01T15:50:55","guid":{"rendered":"http:\/\/www.hossi-im-netz.de\/wordpress\/?p=9304"},"modified":"2018-05-01T17:50:55","modified_gmt":"2018-05-01T15:50:55","slug":"gelber-staub","status":"publish","type":"post","link":"https:\/\/www.hossi-im-netz.de\/wordpress\/gelber-staub\/","title":{"rendered":"Gelber Staub"},"content":{"rendered":"<div class=\"intro\">\n<h1 class=\"isFirstInSlot\" style=\"text-align: justify;\">&#8222;Gelber Staub&#8220;<\/h1>\n<div class=\"docData news\" style=\"text-align: justify;\"><\/div>\n<div class=\"abstract\" style=\"text-align: justify;\">\n<p>Der w\u00e4rmste April seit den Aufzeichnungen hat die Vegetation regelrecht zum Explodieren gebracht. Die etwa 2 Wochen Vegetationsr\u00fcckstand von Ende M\u00e4rz wurden nicht nur aufgeholt, sondern die Vegetation ist dem normalen Stand nun deutlich voraus. Kein Wunder, dass dieses Jahr besonders viele Pollen unterwegs sind.<\/p>\n<\/div>\n<\/div>\n<div class=\"body-text\">\n<p style=\"text-align: justify;\">Gelbliche Wolken werden dieser Tage immer wieder von Windb\u00f6en wie Nebelschwaden aus den W\u00e4ldern geweht. \u00dcberall legt sich gelber Staub nieder, der Autos und Terrassen beschmutzt. Doch diesmal ist es kein Saharastaub, sondern es ist Pollenzeit.<\/p>\n<p style=\"text-align: justify;\">Dieses Jahr ist die Pollenbelastung besonders hoch. Dies hat mehrere Gr\u00fcnde: Durch das Sommerwetter im April gab es eine regelrechte Explosion der Vegetation. Hatte der Vegetationsstand Ende M\u00e4rz noch etwa 2 Wochen R\u00fcckstand, ist er nun dank des rekordwarmen Aprils dem normalen Stand etwa 2 Wochen voraus. Somit bl\u00fchen nun viele Pflanzen gleichzeitig, die normalerweise sonst nacheinander bl\u00fchen. Doch der Hauptanteil der Pollen stammt von Fichten, dem h\u00e4ufigsten Baum in Deutschland. Denn in diesem Jahr ist die Fichtenbl\u00fcte besonders intensiv. Normalerweise bl\u00fcht die Fichte alle 4 bis 7 Jahre. Doch die Abst\u00e4nde sind in den letzten Jahrzenten immer k\u00fcrzer geworden, sodass das Autowaschen also auch in den n\u00e4chsten Tagen zwecklos bleibt, zumal die Fichtenbl\u00fcte voraussichtlich noch ein paar Wochen andauern wird.<\/p>\n<p style=\"text-align: justify;\">\u00dcber 15 % der Deutschen reagieren allergisch auf Pollen und die Zahl steigt stetig an, was sich dadurch erkl\u00e4ren l\u00e4sst, dass bei Pollenallergikern der K\u00f6rper die eigentlich harmlosen Pollen als &#8222;Angreifer&#8220; interpretiert, wodurch das Immunsystem ihnen gegen\u00fcber sensibilisiert wird. Bei Kontakt mit den Pollen trifft das Immunsystem dann Abwehrmechanismen und es werden Botenstoffe ausgesch\u00fcttet, die f\u00fcr die schnupfen- und erk\u00e4ltungs\u00e4hnlichen Symptome sorgen. Es handelt sich dabei um eine \u00dcberreaktion des Immunsystems. Die Pollenkonzentration in der Luft h\u00e4ngt nicht nur vom Bl\u00fctestand der entsprechenden Pflanzen ab, sondern auch von den Wetterbedingungen. Zum Beispiel ist bei l\u00e4ngerer Trockenheit die Pollenkonzentration h\u00f6her, w\u00e4hrend die Pollen bei Regen aus der Luft &#8222;ausgewaschen&#8220; werden. Der Deutsche Wetterdienst erstellt in Zusammenarbeit mit der Stiftung Deutscher Polleninformationsdienst (PDI) Vorhersagen zum Pollenflug-Gefahrenindex f\u00fcr viele Bl\u00fctenpollen. Der Pollenflug-Gefahrenindex beschreibt die St\u00e4rke der Symptomatik bei Pollenallergikern, die von dem bestimmten Pollentyp und dessen Konzentration abh\u00e4ngt. Dazu werden nicht nur die Wettervorhersagen betrachtet, sondern auch die vom PID gemessenen Pollenkonzentrationen. Die ph\u00e4nologischen Daten zum Bl\u00fctestand, die von der Abteilung Agrarmeteorologie vom DWD ermittelt werden, spielen dabei ebenfalls eine wichtige Rolle. Der Pollen-Gefahrenindex l\u00e4sst sich unter www.dwd.de\/pollenflug abrufen.<\/p>\n<p style=\"text-align: justify;\">Aktuell sind es nicht die zahlreichen Fichtenpollen, die den Allergikern am meisten zu schaffen machen. Denn Fichtenpollen wirken wenig aggressiv auf das Immensestem, sodass Allergiker kaum darauf reagieren. Anders sieht das bei den wesentlich kleineren Birkenpollen aus, die derzeit die Hauptbelastung f\u00fcr Allergiker darstellen. Auch wenn die Birkenbl\u00fcte langsam wieder am Abklingen ist. Daher findet man mittlere bis hohe Belastungen nur noch im Nordosten und im Mittelgebirgsraum findet. Als N\u00e4chstes m\u00fcssen sich Allergiker auf die Bl\u00fcte der Gr\u00e4ser einstellen. Weitere Informationen zu Pollenallergien und Bl\u00fctezeiten finden sie auf der Seite des PDI unter http:\/\/www.pollenstiftung.de<\/p>\n<p style=\"text-align: justify;\">Dipl.-Met. Christian Herold<\/p>\n<p style=\"text-align: justify;\">Deutscher Wetterdienst Vorhersage- und Beratungszentrale Offenbach, den 01.05.2018<\/p>\n<p style=\"text-align: justify;\">Copyright (c) Deutscher Wetterdienst<\/p>\n<\/div>\n","protected":false},"excerpt":{"rendered":"<p>&#8222;Gelber Staub&#8220; Der w\u00e4rmste April seit den Aufzeichnungen hat die Vegetation regelrecht zum Explodieren gebracht. Die etwa 2 Wochen Vegetationsr\u00fcckstand von Ende M\u00e4rz wurden nicht nur aufgeholt, sondern die Vegetation ist dem normalen Stand nun deutlich voraus. Kein Wunder, dass <span class=\"excerpt-dots\">&hellip;<\/span> <a class=\"more-link\" href=\"https:\/\/www.hossi-im-netz.de\/wordpress\/gelber-staub\/\"><span class=\"more-msg\">Weiterlesen &rarr;<\/span><\/a><\/p>\n","protected":false},"author":1,"featured_media":9305,"comment_status":"open","ping_status":"closed","sticky":false,"template":"","format":"standard","meta":{"_exactmetrics_skip_tracking":false,"_exactmetrics_sitenote_active":false,"_exactmetrics_sitenote_note":"","_exactmetrics_sitenote_category":0,"jetpack_post_was_ever_published":false,"_jetpack_newsletter_access":"","_jetpack_dont_email_post_to_subs":false,"_jetpack_newsletter_tier_id":0,"_jetpack_memberships_contains_paywalled_content":false,"_jetpack_memberships_contains_paid_content":false,"footnotes":"","jetpack_publicize_message":"","jetpack_publicize_feature_enabled":true,"jetpack_social_post_already_shared":true,"jetpack_social_options":{"image_generator_settings":{"template":"highway","default_image_id":0,"font":"","enabled":false},"version":2}},"categories":[37],"tags":[129,4151,70,9394,46],"yst_prominent_words":[2860,3458,2852,2135,1216,2447,9389,9390,9393,9392,9388,8910,9391,3865,3977,5603,6278,4175,7966,1513],"class_list":["post-9304","post","type-post","status-publish","format-standard","has-post-thumbnail","hentry","category-wetterblog","tag-april","tag-blueten","tag-fruehling","tag-gelber-staub","tag-pollen"],"jetpack_publicize_connections":[],"jetpack_featured_media_url":"https:\/\/www.hossi-im-netz.de\/wordpress\/wp-content\/uploads\/2018\/05\/B5B1DD62-0C89-4AA3-81EC-C897C6D5FFF5.jpeg","jetpack_sharing_enabled":true,"jetpack_shortlink":"https:\/\/wp.me\/p5DnIb-2q4","jetpack-related-posts":[],"jetpack_likes_enabled":true,"_links":{"self":[{"href":"https:\/\/www.hossi-im-netz.de\/wordpress\/wp-json\/wp\/v2\/posts\/9304","targetHints":{"allow":["GET"]}}],"collection":[{"href":"https:\/\/www.hossi-im-netz.de\/wordpress\/wp-json\/wp\/v2\/posts"}],"about":[{"href":"https:\/\/www.hossi-im-netz.de\/wordpress\/wp-json\/wp\/v2\/types\/post"}],"author":[{"embeddable":true,"href":"https:\/\/www.hossi-im-netz.de\/wordpress\/wp-json\/wp\/v2\/users\/1"}],"replies":[{"embeddable":true,"href":"https:\/\/www.hossi-im-netz.de\/wordpress\/wp-json\/wp\/v2\/comments?post=9304"}],"version-history":[{"count":1,"href":"https:\/\/www.hossi-im-netz.de\/wordpress\/wp-json\/wp\/v2\/posts\/9304\/revisions"}],"predecessor-version":[{"id":9306,"href":"https:\/\/www.hossi-im-netz.de\/wordpress\/wp-json\/wp\/v2\/posts\/9304\/revisions\/9306"}],"wp:featuredmedia":[{"embeddable":true,"href":"https:\/\/www.hossi-im-netz.de\/wordpress\/wp-json\/wp\/v2\/media\/9305"}],"wp:attachment":[{"href":"https:\/\/www.hossi-im-netz.de\/wordpress\/wp-json\/wp\/v2\/media?parent=9304"}],"wp:term":[{"taxonomy":"category","embeddable":true,"href":"https:\/\/www.hossi-im-netz.de\/wordpress\/wp-json\/wp\/v2\/categories?post=9304"},{"taxonomy":"post_tag","embeddable":true,"href":"https:\/\/www.hossi-im-netz.de\/wordpress\/wp-json\/wp\/v2\/tags?post=9304"},{"taxonomy":"yst_prominent_words","embeddable":true,"href":"https:\/\/www.hossi-im-netz.de\/wordpress\/wp-json\/wp\/v2\/yst_prominent_words?post=9304"}],"curies":[{"name":"wp","href":"https:\/\/api.w.org\/{rel}","templated":true}]}}