{"id":9339,"date":"2018-05-07T13:30:13","date_gmt":"2018-05-07T11:30:13","guid":{"rendered":"http:\/\/www.hossi-im-netz.de\/wordpress\/?p=9339"},"modified":"2018-05-07T13:30:13","modified_gmt":"2018-05-07T11:30:13","slug":"trockene-waerme","status":"publish","type":"post","link":"https:\/\/www.hossi-im-netz.de\/wordpress\/trockene-waerme\/","title":{"rendered":"Trockene W\u00e4rme"},"content":{"rendered":"<div class=\"intro\">\n<h1 class=\"isFirstInSlot\" style=\"text-align: justify;\">Trockene W\u00e4rme<\/h1>\n<div class=\"docData news\" style=\"text-align: justify;\"><\/div>\n<div class=\"abstract\" style=\"text-align: justify;\">\n<p>\u00dcber die vielleicht nicht ganz so offensichtlichen Vorteile des aktuellen Wetters berichtet das heutige Thema des Tages.<\/p>\n<\/div>\n<\/div>\n<div class=\"body-text\">\n<p style=\"text-align: justify;\">Die &#8222;Schattenseite&#8220; des bundesweiten Traumwetters mit blauem Himmel und sommerlichen Temperaturen hat das gestrige Thema des Tages beleuchtet. Aktuell sind die B\u00f6den gebietsweise bereits so stark ausgetrocknet, dass zur Wochenmitte in Teilen Deutschlands die h\u00f6chste Waldbrandgefahrenstufe 5 ausgerufen werden k\u00f6nnte. Im heutigen Thema des Tages soll es hingegen um positive Nebeneffekte des aktuellen Wetters gehen.<\/p>\n<p style=\"text-align: justify;\">Die Sonne lacht, die V\u00f6glein zwitschern &#8211; am vergangenen Wochenende hielt es kaum mehr einen in den eigenen vier W\u00e4nden. Vielleicht haben Sie eine Radtour unternommen, am See Beachvolleyball gespielt oder dem Hund eine Frisbee zugeworfen? Egal wie, sind sie bei k\u00f6rperlich anstrengenden Au\u00dfenaktivit\u00e4ten ins Schwitzen geraten? F\u00fcr Ihre Verh\u00e4ltnisse sicherlich langsamer oder vielleicht auch gar nicht, denn die Luftmasse ist kontinental gepr\u00e4gt und damit angenehm trocken.<\/p>\n<p style=\"text-align: justify;\">In der unten aufgef\u00fchrten Karte sehen sie die Verteilung der relativen Luftfeuchte am gestrigen Sonntag um 16 Uhr Ortszeit. Diese lag verbreitet bei nur 20 bis 40%. Bildlich gesprochen enthielt die Luft zu dem Zeitpunkt nur rund ein Drittel der Wasserdampfmenge, die sie bei den entsprechenden Temperaturen (gemessen um 16 Uhr meist zwischen 20 und 25 Grad) theoretisch maximal aufnehmen k\u00f6nnte. Lediglich an K\u00fcstenabschnitten mit auflandigem Wind oder im h\u00f6heren Bergland wurden auch mal 50% \u00fcberschritten. In absoluten Zahlen (siehe absolute Feuchte im DWD-Wetterlexikon) bedeutet das umgerechnet gerade einmal 5 bis 10 Gramm Wasserdampf pro Kubikmeter Luft.<\/p>\n<p style=\"text-align: justify;\">Insofern hatte die Atmosph\u00e4re also viel &#8222;Puffer&#8220;, um \u00fcbersch\u00fcssige Feuchte aufzunehmen. Ideale Bedingungen also, um die W\u00e4sche im Freien zu trocknen. Dazu ein leichtes L\u00fcftchen und im Handumdrehen k\u00f6nnen Sie die m\u00fchsam aufgereihten Textilien wieder ihrem angestammten Platz im Kleiderschrank zuweisen. Ein weiterer positiver Nebenaspekt der geringen Luftfeuchte ist die betr\u00e4chtliche n\u00e4chtliche Abk\u00fchlung, die in trockener Luft und bei klaren windstillen Bedingungen am effektivsten von statten geht (ungehinderte langwellige Ausstrahlung). So lassen sich die Schlafr\u00e4ume am Abend (zumindest jetzt noch) rasch auf traum-taugliche Temperaturen trimmen.<\/p>\n<p style=\"text-align: justify;\">Um das Temperaturempfinden des Menschen zu beschreiben, bedient man sich der sogenannten &#8222;Gef\u00fchlten Temperatur&#8220;. Neben der Lufttemperatur und -feuchte spielen hierbei auch noch weitere meteorologische Gr\u00f6\u00dfen wie Wind und Strahlung eine entscheidende Rolle. Vereinfacht gesprochen gibt die gef\u00fchlte Temperatur wieder, in welchem Ma\u00dfe der Organismus damit besch\u00e4ftigt\/beansprucht ist K\u00e4lte-\/W\u00e4rmereize, die auf uns wirken, auszugleichen. Hat unser K\u00f6rper aufgrund hoher Temperatur und Feuchtegehalts zunehmend Probleme \u00fcber Verdunstung (Schwitzen) W\u00e4rme an die Umgebung abzugeben, spricht man von Schw\u00fcle. Aktuelle Prognosen der gef\u00fchlten Temperatur sowie des Schw\u00fcleempfindens k\u00f6nnen sie t\u00e4glich aktualisiert und europaweit dargestellt auf unserer Homepage unter<\/p>\n<p style=\"text-align: justify;\">https:\/\/www.dwd.de\/DE\/leistungen\/geftempschwuele\/geftempschwuele.html?nn=16102<\/p>\n<p style=\"text-align: justify;\">nachschauen. Dort ist neben der t\u00e4glich-periodischen Variation zwischen Tag- und Nachtbelastung auch sehr sch\u00f6n zu erkennen, dass ab Mittwoch die gef\u00fchlte Temperatur (infolge Feuchtezunahme) allm\u00e4hlich zunimmt. Dies \u00e4u\u00dfert sich in einer zunehmenden Schauer- und Gewitterneigung, die sp\u00e4testens zum Donnerstag das bundesweite &#8222;Hochglanzwetter&#8220; f\u00fcrs Erste beenden wird.<\/p>\n<p style=\"text-align: justify;\">Dipl.-Met. Robert Hausen<\/p>\n<p style=\"text-align: justify;\">Deutscher Wetterdienst Vorhersage- und Beratungszentrale Offenbach, den 07.05.2018<\/p>\n<p style=\"text-align: justify;\">Copyright (c) Deutscher Wetterdienst<\/p>\n<\/div>\n<p><a href=\"https:\/\/www.hossi-im-netz.de\/wordpress\/wp-content\/uploads\/2018\/05\/CFB37CC8-04E5-4A9E-9825-765FE41C5969.png\"><img loading=\"lazy\" decoding=\"async\" data-attachment-id=\"9341\" data-permalink=\"https:\/\/www.hossi-im-netz.de\/wordpress\/trockene-waerme\/cfb37cc8-04e5-4a9e-9825-765fe41c5969\/\" data-orig-file=\"https:\/\/www.hossi-im-netz.de\/wordpress\/wp-content\/uploads\/2018\/05\/CFB37CC8-04E5-4A9E-9825-765FE41C5969.png\" data-orig-size=\"834,916\" data-comments-opened=\"1\" data-image-meta=\"{&quot;aperture&quot;:&quot;0&quot;,&quot;credit&quot;:&quot;&quot;,&quot;camera&quot;:&quot;&quot;,&quot;caption&quot;:&quot;&quot;,&quot;created_timestamp&quot;:&quot;0&quot;,&quot;copyright&quot;:&quot;&quot;,&quot;focal_length&quot;:&quot;0&quot;,&quot;iso&quot;:&quot;0&quot;,&quot;shutter_speed&quot;:&quot;0&quot;,&quot;title&quot;:&quot;&quot;,&quot;orientation&quot;:&quot;0&quot;}\" data-image-title=\"Trockene W\u00e4rme\" data-image-description=\"\" data-image-caption=\"\" data-medium-file=\"https:\/\/www.hossi-im-netz.de\/wordpress\/wp-content\/uploads\/2018\/05\/CFB37CC8-04E5-4A9E-9825-765FE41C5969-273x300.png\" data-large-file=\"https:\/\/www.hossi-im-netz.de\/wordpress\/wp-content\/uploads\/2018\/05\/CFB37CC8-04E5-4A9E-9825-765FE41C5969.png\" class=\"alignnone size-full wp-image-9341\" src=\"https:\/\/www.hossi-im-netz.de\/wordpress\/wp-content\/uploads\/2018\/05\/CFB37CC8-04E5-4A9E-9825-765FE41C5969.png\" alt=\"Trockene W\u00e4rme\" width=\"834\" height=\"916\" srcset=\"https:\/\/www.hossi-im-netz.de\/wordpress\/wp-content\/uploads\/2018\/05\/CFB37CC8-04E5-4A9E-9825-765FE41C5969.png 834w, https:\/\/www.hossi-im-netz.de\/wordpress\/wp-content\/uploads\/2018\/05\/CFB37CC8-04E5-4A9E-9825-765FE41C5969-273x300.png 273w, https:\/\/www.hossi-im-netz.de\/wordpress\/wp-content\/uploads\/2018\/05\/CFB37CC8-04E5-4A9E-9825-765FE41C5969-768x844.png 768w\" sizes=\"auto, (max-width: 834px) 100vw, 834px\" \/><\/a><\/p>\n","protected":false},"excerpt":{"rendered":"<p>Trockene W\u00e4rme \u00dcber die vielleicht nicht ganz so offensichtlichen Vorteile des aktuellen Wetters berichtet das heutige Thema des Tages. Die &#8222;Schattenseite&#8220; des bundesweiten Traumwetters mit blauem Himmel und sommerlichen Temperaturen hat das gestrige Thema des Tages beleuchtet. Aktuell sind die <span class=\"excerpt-dots\">&hellip;<\/span> <a class=\"more-link\" href=\"https:\/\/www.hossi-im-netz.de\/wordpress\/trockene-waerme\/\"><span class=\"more-msg\">Weiterlesen &rarr;<\/span><\/a><\/p>\n","protected":false},"author":1,"featured_media":9341,"comment_status":"open","ping_status":"closed","sticky":false,"template":"","format":"standard","meta":{"_exactmetrics_skip_tracking":false,"_exactmetrics_sitenote_active":false,"_exactmetrics_sitenote_note":"","_exactmetrics_sitenote_category":0,"jetpack_post_was_ever_published":false,"_jetpack_newsletter_access":"","_jetpack_dont_email_post_to_subs":false,"_jetpack_newsletter_tier_id":0,"_jetpack_memberships_contains_paywalled_content":false,"_jetpack_memberships_contains_paid_content":false,"footnotes":"","jetpack_publicize_message":"","jetpack_publicize_feature_enabled":true,"jetpack_social_post_already_shared":true,"jetpack_social_options":{"image_generator_settings":{"template":"highway","default_image_id":0,"font":"","enabled":false},"version":2}},"categories":[37],"tags":[70,417,82],"yst_prominent_words":[7457,5727,2124,9450,5797,1216,2056,2651,2649,2710,9451,9454,5510,2703,9453,1629,1451,3185,9452,5436],"class_list":["post-9339","post","type-post","status-publish","format-standard","has-post-thumbnail","hentry","category-wetterblog","tag-fruehling","tag-luftfeuchtigkeit","tag-trockenheit"],"jetpack_publicize_connections":[],"jetpack_featured_media_url":"https:\/\/www.hossi-im-netz.de\/wordpress\/wp-content\/uploads\/2018\/05\/CFB37CC8-04E5-4A9E-9825-765FE41C5969.png","jetpack_sharing_enabled":true,"jetpack_shortlink":"https:\/\/wp.me\/p5DnIb-2qD","jetpack-related-posts":[],"jetpack_likes_enabled":true,"_links":{"self":[{"href":"https:\/\/www.hossi-im-netz.de\/wordpress\/wp-json\/wp\/v2\/posts\/9339","targetHints":{"allow":["GET"]}}],"collection":[{"href":"https:\/\/www.hossi-im-netz.de\/wordpress\/wp-json\/wp\/v2\/posts"}],"about":[{"href":"https:\/\/www.hossi-im-netz.de\/wordpress\/wp-json\/wp\/v2\/types\/post"}],"author":[{"embeddable":true,"href":"https:\/\/www.hossi-im-netz.de\/wordpress\/wp-json\/wp\/v2\/users\/1"}],"replies":[{"embeddable":true,"href":"https:\/\/www.hossi-im-netz.de\/wordpress\/wp-json\/wp\/v2\/comments?post=9339"}],"version-history":[{"count":1,"href":"https:\/\/www.hossi-im-netz.de\/wordpress\/wp-json\/wp\/v2\/posts\/9339\/revisions"}],"predecessor-version":[{"id":9342,"href":"https:\/\/www.hossi-im-netz.de\/wordpress\/wp-json\/wp\/v2\/posts\/9339\/revisions\/9342"}],"wp:featuredmedia":[{"embeddable":true,"href":"https:\/\/www.hossi-im-netz.de\/wordpress\/wp-json\/wp\/v2\/media\/9341"}],"wp:attachment":[{"href":"https:\/\/www.hossi-im-netz.de\/wordpress\/wp-json\/wp\/v2\/media?parent=9339"}],"wp:term":[{"taxonomy":"category","embeddable":true,"href":"https:\/\/www.hossi-im-netz.de\/wordpress\/wp-json\/wp\/v2\/categories?post=9339"},{"taxonomy":"post_tag","embeddable":true,"href":"https:\/\/www.hossi-im-netz.de\/wordpress\/wp-json\/wp\/v2\/tags?post=9339"},{"taxonomy":"yst_prominent_words","embeddable":true,"href":"https:\/\/www.hossi-im-netz.de\/wordpress\/wp-json\/wp\/v2\/yst_prominent_words?post=9339"}],"curies":[{"name":"wp","href":"https:\/\/api.w.org\/{rel}","templated":true}]}}