{"id":9348,"date":"2018-05-08T22:23:20","date_gmt":"2018-05-08T20:23:20","guid":{"rendered":"http:\/\/www.hossi-im-netz.de\/wordpress\/?p=9348"},"modified":"2018-05-08T22:23:20","modified_gmt":"2018-05-08T20:23:20","slug":"mit-pauken-und-trompeten-wird-an-christi-himmelfahrt-der-tag-der-vaeter-gefeiert","status":"publish","type":"post","link":"https:\/\/www.hossi-im-netz.de\/wordpress\/mit-pauken-und-trompeten-wird-an-christi-himmelfahrt-der-tag-der-vaeter-gefeiert\/","title":{"rendered":"Mit &#8222;Pauken und Trompeten&#8220; wird an Christi Himmelfahrt der Tag der V\u00e4ter gefeiert!"},"content":{"rendered":"<div class=\"intro\">\n<h2 class=\"isFirstInSlot\" style=\"text-align: justify;\">Mit &#8222;Pauken und Trompeten&#8220; wird an Christi Himmelfahrt der Tag der V\u00e4ter gefeiert!<\/h2>\n<div class=\"docData news\" style=\"text-align: justify;\"><\/div>\n<div class=\"abstract\" style=\"text-align: justify;\">\n<p>Christi Himmelfahrt &#8211; Kirchprozession versus V\u00e4terwanderung! Dem Wetter ist es egal. Es spielt seinen eigenen Blues.<\/p>\n<\/div>\n<\/div>\n<div class=\"body-text\">\n<p style=\"text-align: justify;\">An Christi Himmelfahrt wird im christlichen Glauben 39 Tage nach Ostersonntag die R\u00fcckkehr Jesu Christi als Sohn Gottes zu seinem Vater in den Himmel gefeiert. Deshalb f\u00e4llt das Fest immer auf einen Donnerstag. Besonders in der katholischen, orthodoxen sowie anglikanischen Kirche wird dieser Tag als Hochfest begangen. In Deutschland ist Christi Himmelfahrt seit 1934 ein gesetzlicher Feiertag.<\/p>\n<p style=\"text-align: justify;\">Den freien Tag machten sich schlie\u00dflich auch &#8222;die V\u00e4ter&#8220; zu Nutze, indem sich Christi Himmelfahrt im volkst\u00fcmlichen Sinne zum Vater- bzw. Herrentag entwickelte und Br\u00e4uche wie eine Kutschfahrt oder eine Wanderung in der Natur in Verbindung mit dem Konsum von alkoholischen Getr\u00e4nken Einzug hielten. Die heutige Form des sog. &#8222;Vatertages&#8220; stammt aus dem Ende des 19. Jahrhunderts und nahm in und um Berlin seinen Anfang. Seitdem erfreut sich der &#8222;Vatertag&#8220; bei den M\u00e4nnern gro\u00dfer Beliebtheit.<\/p>\n<p style=\"text-align: justify;\">Doch ob &#8222;Bittprozession&#8220;, Feldumgang oder Wanderung, die Abh\u00e4ngigkeit vom Wetter haben alle \u00f6ffentlichen Veranstaltungen am kommenden Feiertag gemeinsam. Und genau da zeigt sich Petrus in diesem Jahr gerade nicht sehr kooperativ!<\/p>\n<p style=\"text-align: justify;\">Derzeit wird das Wetter in Deutschland noch von dem kr\u00e4ftigen und gro\u00dfr\u00e4umigen Hoch &#8222;Quinlan&#8220; mit Zentrum \u00fcber Skandinavien und Finnland bestimmt. Dabei scheint die Sonne von einem noch meist wolkenlosen Himmel nahezu ungehindert und heizt die Luft auf Temperaturen bis nahe 30 Grad auf. Somit wird der heutige Dienstag wohl zum w\u00e4rmsten Tag der Woche. Das sehr warme Wetter wird auch noch bis Mittwoch anhalten, wenn es auch von Osten her zunehmend wolkiger wird.<\/p>\n<p style=\"text-align: justify;\">Zum Donnerstag macht sich dann auch von Westen her Ungemach auf den Weg nach Deutschland, das schlie\u00dflich nicht nur den Himmel, sondern auch die V\u00e4ter an ihrem Feiertag &#8222;weinen&#8220; lassen k\u00f6nnte. Ausgehend von einem Tiefdruckkomplex zwischen Neufundland und Island bildet sich eine Tiefdruckrinne aus, die von den Britischen Inseln \u00fcber Frankreich hinweg bis in den westlichen Mittelmeerraum reicht und bei ihrer langsamen Ostverlagerung den Himmelfahrtstag in Deutschland deutlich unbest\u00e4ndiger gestaltet. Bereits ab Mittwochnachmittag zieht von der Nordsee bis zum Hochrhein dichtere Bew\u00f6lkung auf und in der Nacht zum Donnerstag setzt dort schauerartiger, teils gewittriger Regen ein.<\/p>\n<p style=\"text-align: justify;\">W\u00e4hrend man am Vatertag im Osten und Nordosten zum Feiern oder Kirchgang zumindest am Vormittag bei Sonnenschein noch ohne Regenschutz \u00fcber die Runden kommt, dominieren ansonsten schon die dichten Wolken mit Regenschauern und Gewittern. Im Tagesverlauf erreicht die Bew\u00f6lkung samt Schauern und Gewittern auch die \u00f6stlichen Regionen. Vor allem dort besteht dann nach derzeitigem Stand auch ein erh\u00f6htes Unwetterrisiko. Die aufkommenden teils kr\u00e4ftigen Gewitter k\u00f6nnen n\u00e4mlich \u00f6rtlich mit heftigem Starkregen, gr\u00f6\u00dferem Hagel und Sturmb\u00f6en einhergehen.<\/p>\n<p style=\"text-align: justify;\">Da die Schauer und Gewitter in der Nacht zum Freitag unter Abschw\u00e4chung nach Osten abziehen, k\u00f6nnen die M\u00e4nner am Freitag unter Zwischenhocheinfluss einen eventuellen &#8222;Kater&#8220; zumindest im Garten bei Sonnenschein &#8222;pflegen&#8220;.<\/p>\n<p style=\"text-align: justify;\">Dipl.-Met. Lars Kirchh\u00fcbel<\/p>\n<p style=\"text-align: justify;\">Deutscher Wetterdienst Vorhersage- und Beratungszentrale Offenbach, den 08.05.2018<\/p>\n<p style=\"text-align: justify;\">Copyright (c) Deutscher Wetterdienst<\/p>\n<\/div>\n<p><a href=\"https:\/\/www.hossi-im-netz.de\/wordpress\/wp-content\/uploads\/2018\/05\/D451E21C-5315-4036-A5F8-5BCF1227609A.jpeg\"><img loading=\"lazy\" decoding=\"async\" data-attachment-id=\"9349\" data-permalink=\"https:\/\/www.hossi-im-netz.de\/wordpress\/mit-pauken-und-trompeten-wird-an-christi-himmelfahrt-der-tag-der-vaeter-gefeiert\/d451e21c-5315-4036-a5f8-5bcf1227609a\/\" data-orig-file=\"https:\/\/www.hossi-im-netz.de\/wordpress\/wp-content\/uploads\/2018\/05\/D451E21C-5315-4036-A5F8-5BCF1227609A.jpeg\" data-orig-size=\"1280,722\" data-comments-opened=\"1\" data-image-meta=\"{&quot;aperture&quot;:&quot;0&quot;,&quot;credit&quot;:&quot;&quot;,&quot;camera&quot;:&quot;&quot;,&quot;caption&quot;:&quot;&quot;,&quot;created_timestamp&quot;:&quot;0&quot;,&quot;copyright&quot;:&quot;&quot;,&quot;focal_length&quot;:&quot;0&quot;,&quot;iso&quot;:&quot;0&quot;,&quot;shutter_speed&quot;:&quot;0&quot;,&quot;title&quot;:&quot;&quot;,&quot;orientation&quot;:&quot;1&quot;}\" data-image-title=\"Mit &amp;#8222;Pauken und Trompeten&amp;#8220; wird an Christi Himmelfahrt der Tag der V\u00e4ter gefeiert!\" data-image-description=\"\" data-image-caption=\"\" data-medium-file=\"https:\/\/www.hossi-im-netz.de\/wordpress\/wp-content\/uploads\/2018\/05\/D451E21C-5315-4036-A5F8-5BCF1227609A-300x169.jpeg\" data-large-file=\"https:\/\/www.hossi-im-netz.de\/wordpress\/wp-content\/uploads\/2018\/05\/D451E21C-5315-4036-A5F8-5BCF1227609A-1024x578.jpeg\" class=\"alignnone size-full wp-image-9349\" src=\"https:\/\/www.hossi-im-netz.de\/wordpress\/wp-content\/uploads\/2018\/05\/D451E21C-5315-4036-A5F8-5BCF1227609A.jpeg\" alt=\"Mit &quot;Pauken und Trompeten&quot; wird an Christi Himmelfahrt der Tag der V\u00e4ter gefeiert!\" width=\"1280\" height=\"722\" srcset=\"https:\/\/www.hossi-im-netz.de\/wordpress\/wp-content\/uploads\/2018\/05\/D451E21C-5315-4036-A5F8-5BCF1227609A.jpeg 1280w, https:\/\/www.hossi-im-netz.de\/wordpress\/wp-content\/uploads\/2018\/05\/D451E21C-5315-4036-A5F8-5BCF1227609A-300x169.jpeg 300w, https:\/\/www.hossi-im-netz.de\/wordpress\/wp-content\/uploads\/2018\/05\/D451E21C-5315-4036-A5F8-5BCF1227609A-768x433.jpeg 768w, https:\/\/www.hossi-im-netz.de\/wordpress\/wp-content\/uploads\/2018\/05\/D451E21C-5315-4036-A5F8-5BCF1227609A-1024x578.jpeg 1024w\" sizes=\"auto, (max-width: 1280px) 100vw, 1280px\" \/><\/a><\/p>\n","protected":false},"excerpt":{"rendered":"<p>Mit &#8222;Pauken und Trompeten&#8220; wird an Christi Himmelfahrt der Tag der V\u00e4ter gefeiert! Christi Himmelfahrt &#8211; Kirchprozession versus V\u00e4terwanderung! Dem Wetter ist es egal. Es spielt seinen eigenen Blues. An Christi Himmelfahrt wird im christlichen Glauben 39 Tage nach Ostersonntag <span class=\"excerpt-dots\">&hellip;<\/span> <a class=\"more-link\" href=\"https:\/\/www.hossi-im-netz.de\/wordpress\/mit-pauken-und-trompeten-wird-an-christi-himmelfahrt-der-tag-der-vaeter-gefeiert\/\"><span class=\"more-msg\">Weiterlesen &rarr;<\/span><\/a><\/p>\n","protected":false},"author":1,"featured_media":9349,"comment_status":"open","ping_status":"closed","sticky":false,"template":"","format":"standard","meta":{"_exactmetrics_skip_tracking":false,"_exactmetrics_sitenote_active":false,"_exactmetrics_sitenote_note":"","_exactmetrics_sitenote_category":0,"jetpack_post_was_ever_published":false,"_jetpack_newsletter_access":"","_jetpack_dont_email_post_to_subs":false,"_jetpack_newsletter_tier_id":0,"_jetpack_memberships_contains_paywalled_content":false,"_jetpack_memberships_contains_paid_content":false,"footnotes":"","jetpack_publicize_message":"","jetpack_publicize_feature_enabled":true,"jetpack_social_post_already_shared":true,"jetpack_social_options":{"image_generator_settings":{"template":"highway","default_image_id":0,"font":"","enabled":false},"version":2}},"categories":[37],"tags":[646,41,645,644,71,4],"yst_prominent_words":[3668,4582,4577,1216,1411,2509,4584,8244,7433,9458,2125,4583,3164,2439,2933,9455,9459,9457,1220],"class_list":["post-9348","post","type-post","status-publish","format-standard","has-post-thumbnail","hentry","category-wetterblog","tag-christi-himmelfahrt","tag-gewitter","tag-himmelfahrt","tag-maennertag","tag-unwetter","tag-wetter"],"jetpack_publicize_connections":[],"jetpack_featured_media_url":"https:\/\/www.hossi-im-netz.de\/wordpress\/wp-content\/uploads\/2018\/05\/D451E21C-5315-4036-A5F8-5BCF1227609A.jpeg","jetpack_sharing_enabled":true,"jetpack_shortlink":"https:\/\/wp.me\/p5DnIb-2qM","jetpack-related-posts":[],"jetpack_likes_enabled":true,"_links":{"self":[{"href":"https:\/\/www.hossi-im-netz.de\/wordpress\/wp-json\/wp\/v2\/posts\/9348","targetHints":{"allow":["GET"]}}],"collection":[{"href":"https:\/\/www.hossi-im-netz.de\/wordpress\/wp-json\/wp\/v2\/posts"}],"about":[{"href":"https:\/\/www.hossi-im-netz.de\/wordpress\/wp-json\/wp\/v2\/types\/post"}],"author":[{"embeddable":true,"href":"https:\/\/www.hossi-im-netz.de\/wordpress\/wp-json\/wp\/v2\/users\/1"}],"replies":[{"embeddable":true,"href":"https:\/\/www.hossi-im-netz.de\/wordpress\/wp-json\/wp\/v2\/comments?post=9348"}],"version-history":[{"count":1,"href":"https:\/\/www.hossi-im-netz.de\/wordpress\/wp-json\/wp\/v2\/posts\/9348\/revisions"}],"predecessor-version":[{"id":9350,"href":"https:\/\/www.hossi-im-netz.de\/wordpress\/wp-json\/wp\/v2\/posts\/9348\/revisions\/9350"}],"wp:featuredmedia":[{"embeddable":true,"href":"https:\/\/www.hossi-im-netz.de\/wordpress\/wp-json\/wp\/v2\/media\/9349"}],"wp:attachment":[{"href":"https:\/\/www.hossi-im-netz.de\/wordpress\/wp-json\/wp\/v2\/media?parent=9348"}],"wp:term":[{"taxonomy":"category","embeddable":true,"href":"https:\/\/www.hossi-im-netz.de\/wordpress\/wp-json\/wp\/v2\/categories?post=9348"},{"taxonomy":"post_tag","embeddable":true,"href":"https:\/\/www.hossi-im-netz.de\/wordpress\/wp-json\/wp\/v2\/tags?post=9348"},{"taxonomy":"yst_prominent_words","embeddable":true,"href":"https:\/\/www.hossi-im-netz.de\/wordpress\/wp-json\/wp\/v2\/yst_prominent_words?post=9348"}],"curies":[{"name":"wp","href":"https:\/\/api.w.org\/{rel}","templated":true}]}}