{"id":9502,"date":"2018-06-15T13:32:27","date_gmt":"2018-06-15T11:32:27","guid":{"rendered":"http:\/\/www.hossi-im-netz.de\/wordpress\/?p=9502"},"modified":"2018-06-15T13:32:27","modified_gmt":"2018-06-15T11:32:27","slug":"normalitaet-ist-eingekehrt-rueckblick-und-ausblick","status":"publish","type":"post","link":"https:\/\/www.hossi-im-netz.de\/wordpress\/normalitaet-ist-eingekehrt-rueckblick-und-ausblick\/","title":{"rendered":"&#8222;Normalit\u00e4t&#8220; ist eingekehrt: R\u00fcckblick und Ausblick"},"content":{"rendered":"<div class=\"intro\">\n<h1 class=\"isFirstInSlot\" style=\"text-align: justify;\">&#8222;Normalit\u00e4t&#8220; ist eingekehrt: R\u00fcckblick und Ausblick<\/h1>\n<div class=\"docData news\" style=\"text-align: justify;\"><\/div>\n<div class=\"abstract\" style=\"text-align: justify;\">\n<p>Nach den vergangenen au\u00dfergew\u00f6hnlichen Wetterwochen, gepr\u00e4gt vor allem von Gewittern mit sintflutartigen Regenf\u00e4llen, (hoch)sommerlichen Temperaturen, aber gebietsweise auch von Trockenheit, hat sich nun typisch mitteleurop\u00e4isches Sommerwetter eingestellt.<\/p>\n<\/div>\n<\/div>\n<div class=\"body-text\">\n<p style=\"text-align: justify;\">Eine au\u00dfergew\u00f6hnliche Witterungsperiode liegt hinter uns. Nachdem sich im M\u00e4rz der Winter mit Schnee und Dauerfrost verabschiedete, schien anschlie\u00dfend der Fr\u00fchling in diesem Jahr regelrecht auszufallen und der Winter direkt in den Sommer \u00fcberzugehen. Dem bisher w\u00e4rmsten April seit Beginn offizieller Temperaturmessungen folgte ebenso der bisher w\u00e4rmste Mai, sodass der diesj\u00e4hrige meteorologische Fr\u00fchling trotz des Kaltstarts im M\u00e4rz als zweitw\u00e4rmster seiner Zunft in die Geschichte einging (siehe Fr\u00fchlingsbilanz im angef\u00fcgten Link). Diese bemerkenswerte Witterungsperiode ging sogar bis zum Ende des ersten Junidrittels in die Verl\u00e4ngerung, das ebenso deutlich w\u00e4rmer als im langj\u00e4hrigen Mittel ausfiel. Neben den teils hochsommerlichen Temperaturen sorgten in den vergangenen Wochen fast t\u00e4glich heftige Gewitter mit sintflutartigen Regenf\u00e4llen f\u00fcr Schlagzeilen, die in zahlreichen Orten in Deutschland verheerende \u00dcberschwemmungen, Sturzfluten und immense Sch\u00e4den verursachten. Als Kontrastprogramm herrscht(e) in Teilen Nord- und Ostdeutschlands gro\u00dfe Trockenheit, die f\u00fcr Natur und Landwirtschaft zunehmend zum Problem wurde.<\/p>\n<p style=\"text-align: justify;\">Ursache hierf\u00fcr war eine in den vergangenen Wochen und Monaten vorherrschende sehr stabile Gro\u00dfwetterlage. \u00dcber dem Nordatlantik war die normalerweise rege Tiefdruckaktivit\u00e4t auff\u00e4llig schwach. Anstelle dessen dominierten vom mittleren Nordatlantik \u00fcber das Europ\u00e4ische Nordmeer bis nach Skandinavien und Osteuropa Hochdruckgebiete, die sich immer wieder regenerieren konnten (siehe obige Abbildung vom 27 Mai, 02 MESZ). Die atlantischen Tiefs, ohnehin schon recht schwach auf der Brust, hatten somit keine Chance gegen das Hochdruck-Bollwerk anzukommen (sogenannte Blocking-Lage). Daher konnten kaum Tiefs k\u00fchle und feuchte Meeresluft nach Deutschland transportieren. Vorderseitig eines H\u00f6hentiefs \u00fcber der iberischen Halbinsel sickerte dagegen immer w\u00e4rmere und feuchtere Luft zu uns ein. \u00dcber Mitteleuropa selbst verhinderten zudem geringe Luftdruckgegens\u00e4tze einen Luftmassenaustausch, sodass wir uns wochenlang in dieser schw\u00fclwarmen Luftmasse befanden, in der sich \u00fcber den Mittelgebirgen und im Bereich schwacher bodennaher Tiefdruckzonen schwere Gewitter entluden.<\/p>\n<p style=\"text-align: justify;\">Diese Gro\u00dfwetterlage hat sich Anfang\/Mitte dieser Woche grundlegend umgestellt. Die Blocking-Lage wurde nach langer Zeit einmal wieder von einer eher westlichen Str\u00f6mung abgel\u00f6st. Salopp gesprochen ist wieder &#8222;Normalit\u00e4t&#8220; eingekehrt (siehe untere Abbildung von heute, 02 MESZ). Dem Azorenhoch steht ein gro\u00dfr\u00e4umiger Tiefdruckkomplex \u00fcber dem n\u00f6rdlichen Nordatlantik und dem Europ\u00e4ischen Nordmeer gegen\u00fcber. Darin eingebettet ist das f\u00fcr die Jahreszeit recht kr\u00e4ftige Sturmtief ZOEY, das gestern Teilen Gro\u00dfbritanniens einen heftigen Sommersturm brachte und heute mit schweren Sturmb\u00f6en die norwegische K\u00fcste heimsucht. Je nachdem, ob nun in Deutschland der Einfluss des Azorenhochs oder der des sogenannten Islandtiefs dominiert, ist entweder mit sonnigem und m\u00e4\u00dfig warmem Wetter oder mit eher k\u00fchlem und wechselhaftem Wetter zu rechnen.<\/p>\n<p style=\"text-align: justify;\">Das Tal mit vergleichsweise k\u00fchlen Temperaturen zur Wochenmitte ist bereits wieder \u00fcberschritten, wobei sich die Temperaturen nur wegen der vorherigen andauernden W\u00e4rme- bzw. Hitzeperiode so k\u00fchl anf\u00fchlten. Aktuell nimmt das Azorenhoch Kontakt mit einem Hoch \u00fcber Russland auf, sodass sich Deutschland im Bereich einer Hochdruckbr\u00fccke befindet. Ausgehend von Tief ZOEY macht sich noch eine schwache Okklusionsfront etwa vom Saarland \u00fcber die Mitte bis nach Vorpommern mit einem schmalen Wolkenband bemerkbar. Dieses l\u00f6st sich unter Hochdruckeinfluss aber langsam auf. Ansonsten k\u00f6nnen wir uns heute \u00fcber recht freundliches Wetter mit einem Mix aus Sonne und Wolken bei angenehmen Temperaturen zwischen 20 und 25 Grad freuen. Damit liegen die Temperaturen im f\u00fcr die Jahreszeit durchschnittlichen Bereich.<\/p>\n<p style=\"text-align: justify;\">Am morgigen Samstag \u00fcberwiegt weiterhin der Hochdruckeinfluss. Neben einigen Quellwolken l\u00e4sst sich bei noch etwas ansteigenden H\u00f6chsttemperaturen (22 bis 28\u00b0C) vor allem im S\u00fcden die Sonne blicken. Im Norden sind jedoch ab dem sp\u00e4ten Nachmittag erste Schauer m\u00f6glich. In der Nacht zum Sonntag und am Sonntag selbst unterbricht ein kleines H\u00f6hentief \u00fcber der Nordsee das Hochdruckwetter und es kommt zun\u00e4chst im Norden, am Nachmittag auch im Osten und S\u00fcden zu einzelnen Schauern und kurzen Gewittern. Vor allem dort muss man beim &#8222;Public Viewing&#8220; den Himmel im Auge behalten. In der kommenden Woche setzt sich die &#8222;Normalit\u00e4t&#8220; fort, wobei ab Wochenmitte noch offen ist, wohin beim Wetter die Reise geht.<\/p>\n<p style=\"text-align: justify;\">Dipl.-Met. Dr. Markus \u00dcbel<\/p>\n<p style=\"text-align: justify;\">Deutscher Wetterdienst Vorhersage- und Beratungszentrale Offenbach, den 15.06.2018<\/p>\n<p style=\"text-align: justify;\">Copyright (c) Deutscher Wetterdienst<\/p>\n<\/div>\n<p><a href=\"https:\/\/www.hossi-im-netz.de\/wordpress\/wp-content\/uploads\/2018\/06\/A9547553-1666-4DCA-9949-AB95E8C35825.jpeg\"><img loading=\"lazy\" decoding=\"async\" data-attachment-id=\"9503\" data-permalink=\"https:\/\/www.hossi-im-netz.de\/wordpress\/normalitaet-ist-eingekehrt-rueckblick-und-ausblick\/a9547553-1666-4dca-9949-ab95e8c35825\/\" data-orig-file=\"https:\/\/www.hossi-im-netz.de\/wordpress\/wp-content\/uploads\/2018\/06\/A9547553-1666-4DCA-9949-AB95E8C35825.jpeg\" data-orig-size=\"722,1010\" data-comments-opened=\"1\" data-image-meta=\"{&quot;aperture&quot;:&quot;0&quot;,&quot;credit&quot;:&quot;\\u00dcbel Markus&quot;,&quot;camera&quot;:&quot;&quot;,&quot;caption&quot;:&quot;&quot;,&quot;created_timestamp&quot;:&quot;1529056983&quot;,&quot;copyright&quot;:&quot;&quot;,&quot;focal_length&quot;:&quot;0&quot;,&quot;iso&quot;:&quot;0&quot;,&quot;shutter_speed&quot;:&quot;0&quot;,&quot;title&quot;:&quot;&quot;,&quot;orientation&quot;:&quot;0&quot;}\" data-image-title=\"&amp;#8222;Normalit\u00e4t&amp;#8220; ist eingekehrt: R\u00fcckblick und Ausblick\" data-image-description=\"\" data-image-caption=\"\" data-medium-file=\"https:\/\/www.hossi-im-netz.de\/wordpress\/wp-content\/uploads\/2018\/06\/A9547553-1666-4DCA-9949-AB95E8C35825-214x300.jpeg\" data-large-file=\"https:\/\/www.hossi-im-netz.de\/wordpress\/wp-content\/uploads\/2018\/06\/A9547553-1666-4DCA-9949-AB95E8C35825.jpeg\" class=\"alignnone size-full wp-image-9503\" src=\"https:\/\/www.hossi-im-netz.de\/wordpress\/wp-content\/uploads\/2018\/06\/A9547553-1666-4DCA-9949-AB95E8C35825.jpeg\" alt=\"&quot;Normalit\u00e4t&quot; ist eingekehrt: R\u00fcckblick und Ausblick\" width=\"722\" height=\"1010\" srcset=\"https:\/\/www.hossi-im-netz.de\/wordpress\/wp-content\/uploads\/2018\/06\/A9547553-1666-4DCA-9949-AB95E8C35825.jpeg 722w, https:\/\/www.hossi-im-netz.de\/wordpress\/wp-content\/uploads\/2018\/06\/A9547553-1666-4DCA-9949-AB95E8C35825-214x300.jpeg 214w\" sizes=\"auto, (max-width: 722px) 100vw, 722px\" \/><\/a><\/p>\n","protected":false},"excerpt":{"rendered":"<p>&#8222;Normalit\u00e4t&#8220; ist eingekehrt: R\u00fcckblick und Ausblick Nach den vergangenen au\u00dfergew\u00f6hnlichen Wetterwochen, gepr\u00e4gt vor allem von Gewittern mit sintflutartigen Regenf\u00e4llen, (hoch)sommerlichen Temperaturen, aber gebietsweise auch von Trockenheit, hat sich nun typisch mitteleurop\u00e4isches Sommerwetter eingestellt. Eine au\u00dfergew\u00f6hnliche Witterungsperiode liegt hinter uns. Nachdem <span class=\"excerpt-dots\">&hellip;<\/span> <a class=\"more-link\" href=\"https:\/\/www.hossi-im-netz.de\/wordpress\/normalitaet-ist-eingekehrt-rueckblick-und-ausblick\/\"><span class=\"more-msg\">Weiterlesen &rarr;<\/span><\/a><\/p>\n","protected":false},"author":1,"featured_media":9503,"comment_status":"open","ping_status":"closed","sticky":false,"template":"","format":"standard","meta":{"_exactmetrics_skip_tracking":false,"_exactmetrics_sitenote_active":false,"_exactmetrics_sitenote_note":"","_exactmetrics_sitenote_category":0,"jetpack_post_was_ever_published":false,"_jetpack_newsletter_access":"","_jetpack_dont_email_post_to_subs":false,"_jetpack_newsletter_tier_id":0,"_jetpack_memberships_contains_paywalled_content":false,"_jetpack_memberships_contains_paid_content":false,"footnotes":"","jetpack_publicize_message":"","jetpack_publicize_feature_enabled":true,"jetpack_social_post_already_shared":true,"jetpack_social_options":{"image_generator_settings":{"template":"highway","default_image_id":0,"font":"","enabled":false},"version":2}},"categories":[37],"tags":[3193,721,1515,785,55,5019],"yst_prominent_words":[9699,2399,1216,1411,9701,3284,4425,8910,4254,9700,9704,3961,9703,9698,1451,2283,1606,1220,1412,9705],"class_list":["post-9502","post","type-post","status-publish","format-standard","has-post-thumbnail","hentry","category-wetterblog","tag-azorenhoch","tag-europa","tag-hochdruckbruecke","tag-hochdruckgebiet","tag-sommer","tag-sommerwetter"],"jetpack_publicize_connections":[],"jetpack_featured_media_url":"https:\/\/www.hossi-im-netz.de\/wordpress\/wp-content\/uploads\/2018\/06\/A9547553-1666-4DCA-9949-AB95E8C35825.jpeg","jetpack_sharing_enabled":true,"jetpack_shortlink":"https:\/\/wp.me\/p5DnIb-2tg","jetpack-related-posts":[],"jetpack_likes_enabled":true,"_links":{"self":[{"href":"https:\/\/www.hossi-im-netz.de\/wordpress\/wp-json\/wp\/v2\/posts\/9502","targetHints":{"allow":["GET"]}}],"collection":[{"href":"https:\/\/www.hossi-im-netz.de\/wordpress\/wp-json\/wp\/v2\/posts"}],"about":[{"href":"https:\/\/www.hossi-im-netz.de\/wordpress\/wp-json\/wp\/v2\/types\/post"}],"author":[{"embeddable":true,"href":"https:\/\/www.hossi-im-netz.de\/wordpress\/wp-json\/wp\/v2\/users\/1"}],"replies":[{"embeddable":true,"href":"https:\/\/www.hossi-im-netz.de\/wordpress\/wp-json\/wp\/v2\/comments?post=9502"}],"version-history":[{"count":1,"href":"https:\/\/www.hossi-im-netz.de\/wordpress\/wp-json\/wp\/v2\/posts\/9502\/revisions"}],"predecessor-version":[{"id":9504,"href":"https:\/\/www.hossi-im-netz.de\/wordpress\/wp-json\/wp\/v2\/posts\/9502\/revisions\/9504"}],"wp:featuredmedia":[{"embeddable":true,"href":"https:\/\/www.hossi-im-netz.de\/wordpress\/wp-json\/wp\/v2\/media\/9503"}],"wp:attachment":[{"href":"https:\/\/www.hossi-im-netz.de\/wordpress\/wp-json\/wp\/v2\/media?parent=9502"}],"wp:term":[{"taxonomy":"category","embeddable":true,"href":"https:\/\/www.hossi-im-netz.de\/wordpress\/wp-json\/wp\/v2\/categories?post=9502"},{"taxonomy":"post_tag","embeddable":true,"href":"https:\/\/www.hossi-im-netz.de\/wordpress\/wp-json\/wp\/v2\/tags?post=9502"},{"taxonomy":"yst_prominent_words","embeddable":true,"href":"https:\/\/www.hossi-im-netz.de\/wordpress\/wp-json\/wp\/v2\/yst_prominent_words?post=9502"}],"curies":[{"name":"wp","href":"https:\/\/api.w.org\/{rel}","templated":true}]}}