{"id":9511,"date":"2018-06-17T10:59:55","date_gmt":"2018-06-17T08:59:55","guid":{"rendered":"http:\/\/www.hossi-im-netz.de\/wordpress\/?p=9511"},"modified":"2018-06-17T10:59:55","modified_gmt":"2018-06-17T08:59:55","slug":"der-einfluss-von-raketen-auf-die-ozonschicht","status":"publish","type":"post","link":"https:\/\/www.hossi-im-netz.de\/wordpress\/der-einfluss-von-raketen-auf-die-ozonschicht\/","title":{"rendered":"Der Einfluss von Raketen auf die Ozonschicht"},"content":{"rendered":"<div class=\"intro\">\n<h1 class=\"isFirstInSlot\" style=\"text-align: justify;\">Der Einfluss von Raketen auf die Ozonschicht<\/h1>\n<div class=\"docData news\" style=\"text-align: justify;\"><\/div>\n<div class=\"abstract\" style=\"text-align: justify;\">\n<p>Vor knapp 60 Jahren hob Juri Gagarin mit der Rakete Wostok 1 in der Sowjetunion ab und war der erste Mensch im Weltraum. Heute wollen Unternehmen wie SpaceX oder Virgin Galactic die Menschen in Massen ins All bringen. Doch hat das ganze Auswirkungen auf unsere Atmosph\u00e4re und unser Wetter?<\/p>\n<\/div>\n<\/div>\n<div class=\"body-text\">\n<p style=\"text-align: justify;\">Schnell mal den Urlaub auf die Malediven gebucht oder f\u00fcr einen Kurztrip mit dem Flugzeug nach London &#8211; dass Fliegen Auswirkungen auf unser Klima hat, ist fast jedem bekannt. Doch wie schaut das eigentlich bei Fl\u00fcgen au\u00dferhalb unserer Atmosph\u00e4re aus? Hat die vergleichsweise zu Flugzeugen geringe Anzahl an Raketen auch Einfluss auf die Prozesse in der Atmosph\u00e4re?<\/p>\n<p style=\"text-align: justify;\">Den j\u00e4hrlich \u00fcber 40 Millionen Flugzeugfl\u00fcgen weltweit stehen knapp 100 Raketenstarts pro Jahr gegen\u00fcber. Diese Tatsache k\u00f6nnte einen schnell zu der Schlussfolgerung bringen, dass Raketen kaum Einfluss auf die Atmosph\u00e4re haben. F\u00fcr die Troposph\u00e4re, also die unterste Schicht der Atmosph\u00e4re, in der sich unser t\u00e4gliches Wettergeschehen abspielt, mag dies prim\u00e4r auch zutreffen. Anders schaut das schon in der Stratosph\u00e4re, der Schicht oberhalb der Tropopause, aus. In dieser befindet sich die allseits bekannte und wichtige Ozonschicht.<\/p>\n<p style=\"text-align: justify;\">Ozon (O3) ist ein Spurengas, das quasi &#8222;zwei Seiten&#8220; hat: In der Troposph\u00e4re tr\u00e4gt es zum Treibhauseffekt bei, doch die Ansammlung von Ozon in der Stratosph\u00e4re (die Ozonschicht) sch\u00fctzt uns gleichzeitig vor solarer UV-Strahlung. Ohne Ozon w\u00e4re die Strahlenbelastung auf der Erde f\u00fcr Lebewesen deutlich zu hoch.<\/p>\n<p style=\"text-align: justify;\">Zur\u00fcck zu den Raketen. W\u00e4hrend die Flugzeuge ihr Kerosin haupts\u00e4chlich in der Troposph\u00e4re verteilen, geht es bei jeder Mission ins Weltall einmal durch alle Schichten, also auch durch die Ozonschicht. Dabei unterscheiden sich die Antriebsstoffe der Raketen von denen der Flugzeuge. Um das Gravitationsfeld der Erde zu verlassen, muss die Rakete eine gr\u00f6\u00dfere Geschwindigkeit als die Fluchtgeschwindigkeit erreichen, die um ein Vielfaches gr\u00f6\u00dfer ist als die Geschwindigkeit eines Flugzeugs. Um solch ein Tempo zu erreichen, werden andere (sogenannte &#8222;kryogene&#8220; oder feststoffartige) Antriebsmittel als im t\u00e4glichen Flugbetrieb verwendet. Diese Antriebsmittel setzen jede Menge ozonsch\u00e4dliche Stoffe frei, unter anderem Chlor. Bei einem Start der derzeit leistungsst\u00e4rksten Tr\u00e4gerrakete der Europ\u00e4ischen Weltraumorganisation (ESA) Ariane 5 werden in der Hochatmosph\u00e4re ungef\u00e4hr 100 Tonnen Chlor freigesetzt. Ein Chloratom reicht aus, um bis zu einer Millionen Ozon-Molek\u00fcle zu zerst\u00f6ren.<\/p>\n<p style=\"text-align: justify;\">Aber wie so oft, hat ein einzelner Start einer Rakete auf die Ozonschicht noch keine nachhaltigen Auswirkungen. \u00dcber ein ganzes Jahr zerst\u00f6ren Raketen global momentan weniger als 1% der Ozonschicht.<\/p>\n<p style=\"text-align: justify;\">Sollten die Pl\u00e4ne der verschiedenen Unternehmen aber Realit\u00e4t werden und ein regelrechter Massentourismus ins All stattfinden, ist eine st\u00e4rkere Beeintr\u00e4chtigung der Ozonschicht durchaus vorstellbar. Durch die daraus resultierende, erh\u00f6hte Intensit\u00e4t der Sonneneinstrahlung k\u00f6nnte sich dann auch das t\u00e4gliche Wettergeschehen \u00e4ndern.<\/p>\n<p style=\"text-align: justify;\">Met. Cornelius Wei\u00df (Praktikant) in Zusammenarbeit mit Dipl.-Met. Magdalena Bertelmann<\/p>\n<p style=\"text-align: justify;\">Deutscher Wetterdienst Vorhersage- und Beratungszentrale Offenbach, den 17.06.2018<\/p>\n<p style=\"text-align: justify;\">Copyright (c) Deutscher Wetterdienst<\/p>\n<\/div>\n","protected":false},"excerpt":{"rendered":"<p>Der Einfluss von Raketen auf die Ozonschicht Vor knapp 60 Jahren hob Juri Gagarin mit der Rakete Wostok 1 in der Sowjetunion ab und war der erste Mensch im Weltraum. Heute wollen Unternehmen wie SpaceX oder Virgin Galactic die Menschen <span class=\"excerpt-dots\">&hellip;<\/span> <a class=\"more-link\" href=\"https:\/\/www.hossi-im-netz.de\/wordpress\/der-einfluss-von-raketen-auf-die-ozonschicht\/\"><span class=\"more-msg\">Weiterlesen &rarr;<\/span><\/a><\/p>\n","protected":false},"author":1,"featured_media":9512,"comment_status":"open","ping_status":"closed","sticky":false,"template":"","format":"standard","meta":{"_exactmetrics_skip_tracking":false,"_exactmetrics_sitenote_active":false,"_exactmetrics_sitenote_note":"","_exactmetrics_sitenote_category":0,"jetpack_post_was_ever_published":false,"_jetpack_newsletter_access":"","_jetpack_dont_email_post_to_subs":false,"_jetpack_newsletter_tier_id":0,"_jetpack_memberships_contains_paywalled_content":false,"_jetpack_memberships_contains_paid_content":false,"footnotes":"","jetpack_publicize_message":"","jetpack_publicize_feature_enabled":true,"jetpack_social_post_already_shared":true,"jetpack_social_options":{"image_generator_settings":{"template":"highway","default_image_id":0,"font":"","enabled":false},"version":2}},"categories":[37],"tags":[67,9711,9712,9166,9713],"yst_prominent_words":[5873,2097,2327,4840,1216,3386,2798,3382,2836,3901,2098,8075,9707,9706,9710,7590,2376,3713,9709,8629],"class_list":["post-9511","post","type-post","status-publish","format-standard","has-post-thumbnail","hentry","category-wetterblog","tag-ozon","tag-ozonschicht","tag-raketen","tag-raketenstart","tag-spacex"],"jetpack_publicize_connections":[],"jetpack_featured_media_url":"https:\/\/www.hossi-im-netz.de\/wordpress\/wp-content\/uploads\/2018\/06\/BE9B0DA2-D37A-4365-A766-65987A749FCE.jpeg","jetpack_sharing_enabled":true,"jetpack_shortlink":"https:\/\/wp.me\/p5DnIb-2tp","jetpack-related-posts":[],"jetpack_likes_enabled":true,"_links":{"self":[{"href":"https:\/\/www.hossi-im-netz.de\/wordpress\/wp-json\/wp\/v2\/posts\/9511","targetHints":{"allow":["GET"]}}],"collection":[{"href":"https:\/\/www.hossi-im-netz.de\/wordpress\/wp-json\/wp\/v2\/posts"}],"about":[{"href":"https:\/\/www.hossi-im-netz.de\/wordpress\/wp-json\/wp\/v2\/types\/post"}],"author":[{"embeddable":true,"href":"https:\/\/www.hossi-im-netz.de\/wordpress\/wp-json\/wp\/v2\/users\/1"}],"replies":[{"embeddable":true,"href":"https:\/\/www.hossi-im-netz.de\/wordpress\/wp-json\/wp\/v2\/comments?post=9511"}],"version-history":[{"count":1,"href":"https:\/\/www.hossi-im-netz.de\/wordpress\/wp-json\/wp\/v2\/posts\/9511\/revisions"}],"predecessor-version":[{"id":9513,"href":"https:\/\/www.hossi-im-netz.de\/wordpress\/wp-json\/wp\/v2\/posts\/9511\/revisions\/9513"}],"wp:featuredmedia":[{"embeddable":true,"href":"https:\/\/www.hossi-im-netz.de\/wordpress\/wp-json\/wp\/v2\/media\/9512"}],"wp:attachment":[{"href":"https:\/\/www.hossi-im-netz.de\/wordpress\/wp-json\/wp\/v2\/media?parent=9511"}],"wp:term":[{"taxonomy":"category","embeddable":true,"href":"https:\/\/www.hossi-im-netz.de\/wordpress\/wp-json\/wp\/v2\/categories?post=9511"},{"taxonomy":"post_tag","embeddable":true,"href":"https:\/\/www.hossi-im-netz.de\/wordpress\/wp-json\/wp\/v2\/tags?post=9511"},{"taxonomy":"yst_prominent_words","embeddable":true,"href":"https:\/\/www.hossi-im-netz.de\/wordpress\/wp-json\/wp\/v2\/yst_prominent_words?post=9511"}],"curies":[{"name":"wp","href":"https:\/\/api.w.org\/{rel}","templated":true}]}}