{"id":9656,"date":"2018-07-12T13:39:26","date_gmt":"2018-07-12T11:39:26","guid":{"rendered":"http:\/\/www.hossi-im-netz.de\/wordpress\/?p=9656"},"modified":"2018-07-12T13:39:26","modified_gmt":"2018-07-12T11:39:26","slug":"die-gefahr-aus-dem-all-solare-uv-strahlung-und-ihre-wirkung-auf-den-menschen","status":"publish","type":"post","link":"https:\/\/www.hossi-im-netz.de\/wordpress\/die-gefahr-aus-dem-all-solare-uv-strahlung-und-ihre-wirkung-auf-den-menschen\/","title":{"rendered":"Die Gefahr aus dem All &#8211; Solare UV-Strahlung und ihre Wirkung auf den Menschen"},"content":{"rendered":"<div class=\"intro\">\n<h1 class=\"isFirstInSlot\" style=\"text-align: justify;\">Die Gefahr aus dem All &#8211; Solare UV-Strahlung und ihre Wirkung auf den Menschen<\/h1>\n<div class=\"docData news\" style=\"text-align: justify;\"><\/div>\n<div class=\"abstract\" style=\"text-align: justify;\">\n<p>Hoch &#8222;Falk&#8220; bringt den Sommer mit viel Sonne zur\u00fcck! Dabei steigen nicht nur die Temperaturen erneut auf sommerliche, teils sogar hei\u00dfe Werte, auch die UV-Strahlung kann durch die noch hoch am Himmel stehende Sonne wieder ordentlich zulegen.<\/p>\n<\/div>\n<\/div>\n<div class=\"body-text\">\n<p style=\"text-align: justify;\">In den folgenden Abschnitten soll der sogenannte aktinische Wirkungskomplex, also die Komponenten der biologisch wirksamen Sonnenstrahlung und dessen Wirkung auf den menschlichen K\u00f6rper n\u00e4her unter die Lupe genommen werden.<\/p>\n<p style=\"text-align: justify;\">Die biologisch wirksamen Spektren des Lichts reichen vom infraroten \u00fcber den sichtbaren bis zum ultravioletten Bereich (UV-Bereich) und haben teils gesundheitsf\u00f6rdernde als auch -sch\u00e4digende Einfl\u00fcsse auf den Menschen. So f\u00f6rdert beispielsweise Infrarotstrahlung die Durchblutung. Sichtbares Licht beeinflusst den Hormonhaushalt und die Psyche. Das gr\u00f6\u00dfte Wirkungsspektrum besitzt jedoch die UV-Strahlung.<\/p>\n<p style=\"text-align: justify;\">Die UV-Strahlung ist eine elektromagnetische Strahlung, die an der Erdoberfl\u00e4che nur wenige Prozent der gesamten solaren Strahlung ausmacht. Sie umfasst dabei den Wellenl\u00e4ngenbereich (Wellenl\u00e4nge: der kleinste Abstand zweier Punkte gleicher Phase einer Welle), die k\u00fcrzer sind als die des sichtbaren Lichtes. Da die einzelnen Elementarteilchen der UV-Strahlung (Photonen) \u00fcber eine sehr hohe Energie verf\u00fcgen, k\u00f6nnen sie teilweise tief in biologische Systeme eindringen, Molek\u00fclverbindungen irreversibel zerst\u00f6ren und somit wesentlichen Einfluss auf das Leben nehmen. Beispielsweise wird die UV-Strahlung als Ausl\u00f6ser f\u00fcr verschiedene Hautkrebsarten angesehen.<\/p>\n<p style=\"text-align: justify;\">Die Haut unterliegt dabei als Grenz- und Kontaktorgan in besonderem Ma\u00dfe dem Einfluss von Umweltfaktoren und somit auch der UV-Strahlung. Zahlreiche Hautkrankheiten finden ihren Ursprung in dieser Strahlung oder werden von ihr verst\u00e4rkt. Am bekanntesten ist in diesem Sinne wohl der Sonnenbrand, der einer Verbrennung \u00e4hnelt und nach einer vom Hauttyp abh\u00e4ngigen Bestrahlungszeit mit einer scharf begrenzten R\u00f6tung, Hitzegef\u00fchl, Juckreiz sowie gelegentlicher Blasenbildung und \u00d6demen einhergeht.<\/p>\n<p style=\"text-align: justify;\">Schwerwiegende Folgen f\u00fcr die menschliche Gesundheit haben jedoch Reaktionen, die nach einem jahre- oder jahrzehntelangen Zeitraum zwischen der UV-Bestrahlung und der sichtbaren Reaktion auftreten. In diese Gruppe sind beispielsweise die Hautalterung oder b\u00f6sartige Hauttumore einzuordnen.<\/p>\n<p style=\"text-align: justify;\">Traditionell wird die UV-Strahlung auf Basis der Ozonabsorption in drei Teilbereiche aufgegliedert. Demnach wird zwischen der UV-A Strahlung in dem Wellenl\u00e4ngenbereich von 315 bis 400 Nanometer, der UV-B Strahlung im Bereich zwischen 280 bis 315 Nanometer sowie der UV-C Strahlung zwischen 100 und 280 Nanometer unterschieden. Dabei hindert das atmosph\u00e4rische Ozon die UV-A Strahlung nur wenig daran die Erdoberfl\u00e4che zu erreichen. Die UV-C Strahlung wird dagegen unabh\u00e4ngig von der Ozonkonzentration auf dem Weg durch die Atmosph\u00e4re fast komplett aus der Luft herausgefiltert, w\u00e4hrend die Menge an UV-B Strahlung am Boden stark von der Ozonkonzentration sowie der Dicke der Ozonschicht abh\u00e4ngig ist. Als Ma\u00df f\u00fcr die UV-Strahlung dient der sogenannte UV-Index, der \u00fcblicherweise als Bestrahlungsst\u00e4rke (Watt pro Quadratmeter) auf einem horizontal orientierten Empf\u00e4nger angegeben wird. Neben dem Ozon beeinflussen auch weitere Bestandteile der Atmosph\u00e4re, wie beispielsweise Aerosole (Schwebeteilchen in der Atmosph\u00e4re) und Wolken (Wassertr\u00f6pfchen), astronomische Bedingungen wie der Sonnenstand, der orographische Standort oder auch die Bodenbeschaffenheit in Form der Albedo (R\u00fcckstrahlverm\u00f6gen der solaren Strahlung) die Menge an UV-Strahlung am Boden.<\/p>\n<p style=\"text-align: justify;\">Insgesamt hat die UV-Strahlung, wie zu Beginn des Artikels schon aufgef\u00fchrt, bedeutende Wirkung auf den menschlichen Organismus. Wer seine Haut beim Sonnenbaden nicht ausreichend sch\u00fctzt, sch\u00e4digt diese nachhaltig. Die UV-A (lange Wellen) Strahlung f\u00fchrt zu einer kurzfristigen Br\u00e4une, die jedoch kaum Lichtschutz bringt. Dagegen verliert die Haut an Spannkraft und altert bei langfristiger Bestrahlung fr\u00fchzeitig. Auch das Hautkrebsrisiko ist bei h\u00e4ufiger ungesch\u00fctzter Einstrahlung deutlich erh\u00f6ht. Die UV-B Strahlung sorgt hingegen eher f\u00fcr eine langfristigere Br\u00e4une, die auch einen echten Lichtschutz mit sich bringt. Gleichzeitig dringen diese Strahlen nicht so tief in die Haut ein und sch\u00e4digen sie daher nicht nachhaltig. Ein allgemein sch\u00e4digender Effekt der UV-Strahlung ist zudem die Immunsuppression, eine Verringerung der K\u00f6rperabwehr, z.B. gegen\u00fcber Infektionskrankheiten.<\/p>\n<p style=\"text-align: justify;\">Positiv ist jedoch anzuf\u00fchren, dass die UV-Strahlung hauptverantwortlich f\u00fcr die Entstehung von Vitamin D in der Haut ist. Dieses Vitamin ist im K\u00f6rper f\u00fcr den Calcium- und Phosphatstoffwechsel essentiell. Allerdings wird die notwendige Vitamin D-Dosis in Deutschland im Sommer bei wolkenlosen Bedingungen gegen Mittag innerhalb von etwa 15 Minuten durch die Sonnenexposition von H\u00e4nden, Armen und Gesicht erreicht.<\/p>\n<p style=\"text-align: justify;\">In den n\u00e4chsten Tagen wird nun der menschliche K\u00f6rper wieder zunehmend den positiven und negativen Eigenschaften der UV-Strahlung ausgesetzt. Nachdem der Sommer seine kurze Auszeit beendet und Hoch &#8222;Falk&#8220; ab Freitag verbreitet wieder den Sonnensommer zur\u00fcck bringt. Die Sonne kann dann vielerorts wieder vom gering bew\u00f6lkten oder wolkenlosen Himmel scheinen. Aufgrund des Sonnenstandes nahe am Maximum (21.06.) kann dabei auch eine beachtliche Menge an UV-Strahlung in den bodennahen Luftschichten ankommen.<\/p>\n<p style=\"text-align: justify;\">Entsprechend sollte man in den n\u00e4chsten Tagen die Haut vor allem im Westen und S\u00fcden wieder sch\u00fctzen. Insgesamt kommt es in den genannten Regionen zu einem teils sehr hohen UV-Index. Als Schwellenwert f\u00fcr eine sehr hohe gesundheitliche Gef\u00e4hrdung wird dabei ein UV-Index von gr\u00f6\u00dfer\/gleich 8 angesehen.<\/p>\n<p style=\"text-align: justify;\">In m\u00f6glichen Warnungen oder auch in den entsprechenden Gefahrenkarten des DWD wird dann besonders darauf hingewiesen, dass Schutzma\u00dfnahmen unbedingt erforderlich sind. Dabei sollte zwischen 11 und 15 Uhr der Aufenthalt im Freien grunds\u00e4tzlich vermieden werden. Auch im Schatten geh\u00f6ren ein sonnendichtes Hemd, lange Hosen, Sonnencreme (SPF (Licht-Schutz-Faktor) 15+), Sonnenbrille und ein breitkrempiger Hut zum sonnengerechten Verhalten. Erg\u00e4nzend zu diesen international einheitlichen Empfehlungen der Weltgesundheitsorganisation finden Sie unter dem unten aufgef\u00fchrten Link weitere UV-Schutztipps.<\/p>\n<p style=\"text-align: justify;\">Dipl.-Met. Lars Kirchh\u00fcbel<\/p>\n<p style=\"text-align: justify;\">Deutscher Wetterdienst Vorhersage- und Beratungszentrale Offenbach, den 12.07.2018<\/p>\n<p style=\"text-align: justify;\">Copyright (c) Deutscher Wetterdienst<\/p>\n<\/div>\n","protected":false},"excerpt":{"rendered":"<p>Die Gefahr aus dem All &#8211; Solare UV-Strahlung und ihre Wirkung auf den Menschen Hoch &#8222;Falk&#8220; bringt den Sommer mit viel Sonne zur\u00fcck! Dabei steigen nicht nur die Temperaturen erneut auf sommerliche, teils sogar hei\u00dfe Werte, auch die UV-Strahlung kann <span class=\"excerpt-dots\">&hellip;<\/span> <a class=\"more-link\" href=\"https:\/\/www.hossi-im-netz.de\/wordpress\/die-gefahr-aus-dem-all-solare-uv-strahlung-und-ihre-wirkung-auf-den-menschen\/\"><span class=\"more-msg\">Weiterlesen &rarr;<\/span><\/a><\/p>\n","protected":false},"author":1,"featured_media":9657,"comment_status":"open","ping_status":"closed","sticky":false,"template":"","format":"standard","meta":{"_exactmetrics_skip_tracking":false,"_exactmetrics_sitenote_active":false,"_exactmetrics_sitenote_note":"","_exactmetrics_sitenote_category":0,"jetpack_post_was_ever_published":false,"_jetpack_newsletter_access":"","_jetpack_dont_email_post_to_subs":false,"_jetpack_newsletter_tier_id":0,"_jetpack_memberships_contains_paywalled_content":false,"_jetpack_memberships_contains_paid_content":false,"footnotes":"","jetpack_publicize_message":"","jetpack_publicize_feature_enabled":true,"jetpack_social_post_already_shared":true,"jetpack_social_options":{"image_generator_settings":{"template":"highway","default_image_id":0,"font":"","enabled":false},"version":2}},"categories":[37],"tags":[9937,84,157,59,9938,661,9298,9299],"yst_prominent_words":[5416,9929,9934,1216,6950,9933,4475,9928,9936,9930,3007,2211,3184,5513,9931,9927,9932,4080,9935,9926],"class_list":["post-9656","post","type-post","status-publish","format-standard","has-post-thumbnail","hentry","category-wetterblog","tag-falk","tag-hoch","tag-hochdruck","tag-sonne","tag-sonnenbrand","tag-uv-strahlung","tag-uva","tag-uvb"],"jetpack_publicize_connections":[],"jetpack_featured_media_url":"https:\/\/www.hossi-im-netz.de\/wordpress\/wp-content\/uploads\/2018\/07\/12B880A4-8255-4E2E-8987-6E3E8AE0BAA4.jpeg","jetpack_sharing_enabled":true,"jetpack_shortlink":"https:\/\/wp.me\/p5DnIb-2vK","jetpack-related-posts":[],"jetpack_likes_enabled":true,"_links":{"self":[{"href":"https:\/\/www.hossi-im-netz.de\/wordpress\/wp-json\/wp\/v2\/posts\/9656","targetHints":{"allow":["GET"]}}],"collection":[{"href":"https:\/\/www.hossi-im-netz.de\/wordpress\/wp-json\/wp\/v2\/posts"}],"about":[{"href":"https:\/\/www.hossi-im-netz.de\/wordpress\/wp-json\/wp\/v2\/types\/post"}],"author":[{"embeddable":true,"href":"https:\/\/www.hossi-im-netz.de\/wordpress\/wp-json\/wp\/v2\/users\/1"}],"replies":[{"embeddable":true,"href":"https:\/\/www.hossi-im-netz.de\/wordpress\/wp-json\/wp\/v2\/comments?post=9656"}],"version-history":[{"count":1,"href":"https:\/\/www.hossi-im-netz.de\/wordpress\/wp-json\/wp\/v2\/posts\/9656\/revisions"}],"predecessor-version":[{"id":9658,"href":"https:\/\/www.hossi-im-netz.de\/wordpress\/wp-json\/wp\/v2\/posts\/9656\/revisions\/9658"}],"wp:featuredmedia":[{"embeddable":true,"href":"https:\/\/www.hossi-im-netz.de\/wordpress\/wp-json\/wp\/v2\/media\/9657"}],"wp:attachment":[{"href":"https:\/\/www.hossi-im-netz.de\/wordpress\/wp-json\/wp\/v2\/media?parent=9656"}],"wp:term":[{"taxonomy":"category","embeddable":true,"href":"https:\/\/www.hossi-im-netz.de\/wordpress\/wp-json\/wp\/v2\/categories?post=9656"},{"taxonomy":"post_tag","embeddable":true,"href":"https:\/\/www.hossi-im-netz.de\/wordpress\/wp-json\/wp\/v2\/tags?post=9656"},{"taxonomy":"yst_prominent_words","embeddable":true,"href":"https:\/\/www.hossi-im-netz.de\/wordpress\/wp-json\/wp\/v2\/yst_prominent_words?post=9656"}],"curies":[{"name":"wp","href":"https:\/\/api.w.org\/{rel}","templated":true}]}}