{"id":9700,"date":"2018-07-18T14:35:34","date_gmt":"2018-07-18T12:35:34","guid":{"rendered":"http:\/\/www.hossi-im-netz.de\/wordpress\/?p=9700"},"modified":"2018-07-18T14:35:34","modified_gmt":"2018-07-18T12:35:34","slug":"der-sommer-2018-laeuft-weiter-auf-hochtouren","status":"publish","type":"post","link":"https:\/\/www.hossi-im-netz.de\/wordpress\/der-sommer-2018-laeuft-weiter-auf-hochtouren\/","title":{"rendered":"Der Sommer 2018 l\u00e4uft weiter auf Hochtouren!"},"content":{"rendered":"<div class=\"intro\">\n<h1 class=\"isFirstInSlot\" style=\"text-align: justify;\">Der Sommer 2018 l\u00e4uft weiter auf Hochtouren!<\/h1>\n<div class=\"docData news\" style=\"text-align: justify;\"><\/div>\n<div class=\"abstract\" style=\"text-align: justify;\">\n<p>Wiederholt stabile Luftdruckstrukturen lassen den Sommer 2018 durchstarten. Die Sommerw\u00e4rme ist dabei durch die Sonneneinstrahlung \u00fcberwiegend &#8222;Haus gemacht&#8220;. Auch mittelfristig l\u00e4sst er die B\u00fcrgen schwitzen. Typische Hitzewellen \u00fcber 35 Grad fehlen jedoch dem diesj\u00e4hrigen Sommer bisher.<\/p>\n<\/div>\n<\/div>\n<div class=\"body-text\">\n<p style=\"text-align: justify;\">Gef\u00fchlt startete der Sommer 2018 schon im April seine Eroberungstour, als die Temperaturen zur Monatsmitte regional erstmals f\u00fcr einen l\u00e4ngeren Zeitraum die 25-Grad-Marke \u00fcberschritten. So richtig Fahrt nahm er dann in der letzten Maidekade auf. Es folgten bis Mitte Juni von S\u00fcdwesten und Westen ausgreifend in vielen Regionen 10 bis 20 Sommertage am St\u00fcck. Nach kurzer Schw\u00e4chephase in der zweiten Junih\u00e4lfte, in der aber auch nur selten k\u00fchlere Temperaturen unter 20 Grad erreicht wurden, begaben sich die Temperaturen zum Juniende wieder auf Klettertour. Seitdem h\u00e4lt der Sommer den deutschen Raum nahezu uneingeschr\u00e4nkt seine Treue. Insgesamt gab es zur offiziellen Halbzeitpause des meteorologischen Sommers (~16. Juli) bis auf wenige &#8222;Gallische D\u00f6rfer&#8220; verbreitet schon \u00fcberdurchschnittlich viele Sommertage. W\u00e4hrend im vielj\u00e4hrigen Mittel (1961-1990) in Frankfurt an 41,4 Tagen Temperaturen \u00fcber 25 Grad erreicht werden, wurde diese Temperaturmarke bis zum 18. Juli 2018 schon an 48 Tagen \u00fcberschritten. \u00c4hnlich sieht es in K\u00f6ln oder Potsdam aus, wo 39 bzw. 43 Sommertage bisher in 2018 einem Mittel von 33,8 bzw. 37,6 Tagen gegen\u00fcberstehen. Derzeit noch eine unterdurchschnittliche Anzahl an Sommertagen findet man im \u00e4u\u00dfersten Norden oder aber im Umfeld der Nei\u00dfe. Geht dem Sommer auch im weiteren Verlauf nicht die Puste aus, k\u00f6nnte dem Sommer 2018 zumindest was die Anzahl der Sommertage betrifft ein Platz auf dem Siegertreppchen winken. Ob er auch den &#8222;Supersommer 2003&#8220; diesbez\u00fcglich gef\u00e4hrden kann, wird sich zeigen. Mit Blick auf die &#8222;Hei\u00dfen Tage&#8220;, also Tage mit Temperaturen \u00fcber 30 Grad, kommt der Sommer derzeit noch nicht \u00fcberall \u00fcberdurchschnittlich daher. Vor allem im Westen und S\u00fcden hat er in diesem Zusammenhang noch etwas Nachholbedarf. Allerdings hat der Sommer 2018 auch noch gen\u00fcgend Zeit in diesen Regionen das kleine Defizit aufzuholen. Im Norden und in Teilen Ostdeutschlands sieht es dagegen schon anders aus. Im Vergleich zum vielj\u00e4hrigen Mittel wurden dort teilweise schon doppelt so viele hei\u00dfe Tage wie im Mittel der Periode 1961-1990 registriert (Bremen: Mittel 3,5; aktuell 6).<\/p>\n<p style=\"text-align: justify;\">Die sommerlichen Temperaturen lassen sich zumindest in Teilen mit der vorherrschenden Gro\u00dfwetterlage erkl\u00e4ren. Schon im Mai waren typische Westlagen, also zonale Str\u00f6mungen, die uns nur m\u00e4\u00dfig warme bis warme Atlantikluft nach Deutschland bringen, nicht existent. Nahezu der gesamte Monat war von meridionalen (Nord-S\u00fcd ausgerichtete) Wetterlagen gepr\u00e4gt. Allerdings kam die Luft dabei h\u00e4ufig nicht aus dem S\u00fcden Europas nach Deutschland, sondern wehte aus Norden oder Nordosten ins Land. Die Sommerw\u00e4rme ist dabei meist nicht auf advehierte Warmluft zur\u00fcckzuf\u00fchren, sondern ist in den meisten F\u00e4llen durch stabile Wetterlagen und die entsprechend \u00fcber einen l\u00e4ngeren Zeitraum hinweg einstrahlende Sonne &#8222;Haus gemacht&#8220;. Im Juni sah das nur wenig anders aus. Bis auf eine Periode zur Monatsmitte, in der sich kurzfristig mal eine Westlage einstellen konnte, dominierten ebenfalls meridionale Strukturen, die Nordseeluft nach Deutschland f\u00fchrten.<\/p>\n<p style=\"text-align: justify;\">Regen fiel dabei in den letzten 4 Wochen (4W) \u00fcberwiegend nur als Folge von teils kr\u00e4ftigen Gewittern. Daher sind die Niederschlagsmengen bis auf wenige Ausnahmen sehr ungleichm\u00e4\u00dfig verteilt. Regionen mit signifikanten Regenmengen \u00fcber 40 l\/qm\/4W stehen Regionen unter 10 l\/qm\/4W in direkter Nachbarschaft gegen\u00fcber. Ausnahmen bilden der \u00e4u\u00dfere Osten sowie S\u00fcdosten. Dort sorgten zeitweise Aufgleitniederschl\u00e4ge samt gewittrigen Verst\u00e4rkung teilweise f\u00fcr Regensummen \u00fcber 125 l\/qm\/4W. W\u00e4hrend durch die Niederschl\u00e4ge \u00f6stlich der Elbe dort die gr\u00f6\u00dfte Trockenheit etwas getilgt werden konnte, sieht es im Nordteil von Th\u00fcringen bis ins n\u00f6rdliche Sachsen-Anhalt eher mau aus. Schon von Mitte Mai bis Mitte Juni fielen dort nur 5 bis 40 l\/qm\/4W. Von Mitte Juni bis Mitte Juli kamen dann auch nur 1 bis 10 l\/qm\/4W hinzu. Ansonsten sind auch im Nordwesten Deutschlands in den letzten 8 Wochen vergleichsweise nur geringe Regenmengen zu verzeichnen. Dagegen kam die sommerliche Witterung in Bayern an vielen Tagen eher unbest\u00e4ndig daher.<\/p>\n<p style=\"text-align: justify;\">Auch derzeit wird das Wetter in Deutschland zunehmend von einem Sonnenhoch gepr\u00e4gt, das auf den Namen &#8222;Gottfried&#8220; getauft wurde. Dieses liegt am heutigen Mittwoch in der westlichen Nordsee und verlagert sich in den n\u00e4chsten Tagen nur sehr langsam nach Osten. In weiten Teilen des Landes scheint dabei wieder nahezu ungest\u00f6rt die Sonne. Lediglich an den Alpen und im Schwarzwald sowie in der Alb ist noch ausreichend Feuchte in der Luft vorhanden, sodass dort ein geringes Gewitterrisiko besteht.<\/p>\n<p style=\"text-align: justify;\">Wirklich \u00fcberall kann sich das sonnige Sommerwetter aber nicht durchsetzen! Vor allem im Osten ist n\u00e4mlich noch Tief &#8222;Halina&#8220; im Spiel. Es liegt zwar mit Kern schon n\u00f6rdlich des Schwarzen Meeres und somit weit entfernt, doch sein Einfluss reicht \u00fcber Polen hinweg bis nach Deutschland. Etwa entlang von Oder und Nei\u00dfe trennt schlie\u00dflich eine Luftmassengrenze die feuchtewarme Luft im Osten von der trockeneren Luft \u00fcber Deutschland. In der besagten Grenzregion regnet es l\u00e4nger schauerartig verst\u00e4rkt. Vereinzelt ist auch Starkregen mit Mengen \u00fcber 20 l\/qm in 6 Stunden zu erwarten. Dieser klingt unter stetiger Abschw\u00e4chung bis Donnerstagabend komplett ab, sodass ab Freitag Hoch &#8222;Gottfried&#8220; vor\u00fcbergehend auch dem \u00e4u\u00dfersten Osten die Sonne zur\u00fcckbringt.<\/p>\n<p style=\"text-align: justify;\">Doch so richtig lange kann sich &#8222;Gottfried&#8220; nicht auswirken. Da er auf seiner allm\u00e4hlichen Wanderung in die westliche Ostsee an Kraft und somit an Einfluss verliert, k\u00f6nnen sich schon ab Freitag im S\u00fcden und S\u00fcdwesten unter Zufuhr feuchtwarmer Luft flache kleinr\u00e4umige Tiefdruckgebiete ans Werk machen und das Wetter unbest\u00e4ndiger gestalten. Unterst\u00fctzt von den Strukturen in h\u00f6heren Luftschichten produzieren die Tiefs einen Impuls f\u00fcr aufsteigende Luftbewegungen, sodass sich hochreichende Wolken auft\u00fcrmen und wiederholt kr\u00e4ftige Schauer und Gewitter auftreten k\u00f6nnen. Vor allem am Samstag kracht und regnet es dann vielerorts mal kr\u00e4ftig. Doch typisch f\u00fcr konvektive Ereignisse gilt weiter: Es trifft nicht jeden Ort.<\/p>\n<p style=\"text-align: justify;\">Die Temperaturen bleiben bis Freitag erneut hochsommerlich warm bis hei\u00df. Auch die vor\u00fcbergehend geringe Abk\u00fchlung durch die Niederschl\u00e4ge am Wochenende kann dem Sommer nichts ausmachen. Denn schon zur neuen Woche k\u00fcndigt sich ein erneuter Vorsto\u00df des Azorenhochs bis nach Deutschland an, sodass nach derzeitigem Wissen bei zunehmenden Sonnenanteilen auch die Temperaturen erneut auf ein hochsommerliches Niveau zwischen 25 und 32 Grad ansteigen werden. Der Sommer bleibt also weiter auf Kurs!<\/p>\n<p style=\"text-align: justify;\">Dipl.-Met. Lars Kirchh\u00fcbel<\/p>\n<p style=\"text-align: justify;\">Deutscher Wetterdienst Vorhersage- und Beratungszentrale Offenbach, den 18.07.2018<\/p>\n<p style=\"text-align: justify;\">Copyright (c) Deutscher Wetterdienst<\/p>\n<\/div>\n<p><a href=\"https:\/\/www.hossi-im-netz.de\/wordpress\/wp-content\/uploads\/2018\/07\/3D22EA2E-B0E7-4026-B054-61AD771F6258.png\"><img loading=\"lazy\" decoding=\"async\" data-attachment-id=\"9701\" data-permalink=\"https:\/\/www.hossi-im-netz.de\/wordpress\/der-sommer-2018-laeuft-weiter-auf-hochtouren\/3d22ea2e-b0e7-4026-b054-61ad771f6258\/\" data-orig-file=\"https:\/\/www.hossi-im-netz.de\/wordpress\/wp-content\/uploads\/2018\/07\/3D22EA2E-B0E7-4026-B054-61AD771F6258.png\" data-orig-size=\"765,724\" data-comments-opened=\"1\" data-image-meta=\"{&quot;aperture&quot;:&quot;0&quot;,&quot;credit&quot;:&quot;&quot;,&quot;camera&quot;:&quot;&quot;,&quot;caption&quot;:&quot;&quot;,&quot;created_timestamp&quot;:&quot;0&quot;,&quot;copyright&quot;:&quot;&quot;,&quot;focal_length&quot;:&quot;0&quot;,&quot;iso&quot;:&quot;0&quot;,&quot;shutter_speed&quot;:&quot;0&quot;,&quot;title&quot;:&quot;&quot;,&quot;orientation&quot;:&quot;0&quot;}\" data-image-title=\"Der Sommer 2018 l\u00e4uft weiter auf Hochtouren!\" data-image-description=\"\" data-image-caption=\"\" data-medium-file=\"https:\/\/www.hossi-im-netz.de\/wordpress\/wp-content\/uploads\/2018\/07\/3D22EA2E-B0E7-4026-B054-61AD771F6258-300x284.png\" data-large-file=\"https:\/\/www.hossi-im-netz.de\/wordpress\/wp-content\/uploads\/2018\/07\/3D22EA2E-B0E7-4026-B054-61AD771F6258.png\" class=\"alignnone size-full wp-image-9701\" src=\"https:\/\/www.hossi-im-netz.de\/wordpress\/wp-content\/uploads\/2018\/07\/3D22EA2E-B0E7-4026-B054-61AD771F6258.png\" alt=\"Der Sommer 2018 l\u00e4uft weiter auf Hochtouren!\" width=\"765\" height=\"724\" srcset=\"https:\/\/www.hossi-im-netz.de\/wordpress\/wp-content\/uploads\/2018\/07\/3D22EA2E-B0E7-4026-B054-61AD771F6258.png 765w, https:\/\/www.hossi-im-netz.de\/wordpress\/wp-content\/uploads\/2018\/07\/3D22EA2E-B0E7-4026-B054-61AD771F6258-300x284.png 300w\" sizes=\"auto, (max-width: 765px) 100vw, 765px\" \/><\/a><\/p>\n","protected":false},"excerpt":{"rendered":"<p>Der Sommer 2018 l\u00e4uft weiter auf Hochtouren! Wiederholt stabile Luftdruckstrukturen lassen den Sommer 2018 durchstarten. Die Sommerw\u00e4rme ist dabei durch die Sonneneinstrahlung \u00fcberwiegend &#8222;Haus gemacht&#8220;. Auch mittelfristig l\u00e4sst er die B\u00fcrgen schwitzen. Typische Hitzewellen \u00fcber 35 Grad fehlen jedoch dem <span class=\"excerpt-dots\">&hellip;<\/span> <a class=\"more-link\" href=\"https:\/\/www.hossi-im-netz.de\/wordpress\/der-sommer-2018-laeuft-weiter-auf-hochtouren\/\"><span class=\"more-msg\">Weiterlesen &rarr;<\/span><\/a><\/p>\n","protected":false},"author":1,"featured_media":9701,"comment_status":"open","ping_status":"closed","sticky":false,"template":"","format":"standard","meta":{"_exactmetrics_skip_tracking":false,"_exactmetrics_sitenote_active":false,"_exactmetrics_sitenote_note":"","_exactmetrics_sitenote_category":0,"jetpack_post_was_ever_published":false,"_jetpack_newsletter_access":"","_jetpack_dont_email_post_to_subs":false,"_jetpack_newsletter_tier_id":0,"_jetpack_memberships_contains_paywalled_content":false,"_jetpack_memberships_contains_paid_content":false,"footnotes":"","jetpack_publicize_message":"","jetpack_publicize_feature_enabled":true,"jetpack_social_post_already_shared":true,"jetpack_social_options":{"image_generator_settings":{"template":"highway","default_image_id":0,"font":"","enabled":false},"version":2}},"categories":[37],"tags":[10014,10013],"yst_prominent_words":[10009,8659,10010,10008,1216,1411,5566,2892,10006,10012,10011,5510,2849,10005,2655,2439,3007,10004,1451,10007],"class_list":["post-9700","post","type-post","status-publish","format-standard","has-post-thumbnail","hentry","category-wetterblog","tag-hochtouren","tag-sommer-2018"],"jetpack_publicize_connections":[],"jetpack_featured_media_url":"https:\/\/www.hossi-im-netz.de\/wordpress\/wp-content\/uploads\/2018\/07\/3D22EA2E-B0E7-4026-B054-61AD771F6258.png","jetpack_sharing_enabled":true,"jetpack_shortlink":"https:\/\/wp.me\/p5DnIb-2ws","jetpack-related-posts":[],"jetpack_likes_enabled":true,"_links":{"self":[{"href":"https:\/\/www.hossi-im-netz.de\/wordpress\/wp-json\/wp\/v2\/posts\/9700","targetHints":{"allow":["GET"]}}],"collection":[{"href":"https:\/\/www.hossi-im-netz.de\/wordpress\/wp-json\/wp\/v2\/posts"}],"about":[{"href":"https:\/\/www.hossi-im-netz.de\/wordpress\/wp-json\/wp\/v2\/types\/post"}],"author":[{"embeddable":true,"href":"https:\/\/www.hossi-im-netz.de\/wordpress\/wp-json\/wp\/v2\/users\/1"}],"replies":[{"embeddable":true,"href":"https:\/\/www.hossi-im-netz.de\/wordpress\/wp-json\/wp\/v2\/comments?post=9700"}],"version-history":[{"count":1,"href":"https:\/\/www.hossi-im-netz.de\/wordpress\/wp-json\/wp\/v2\/posts\/9700\/revisions"}],"predecessor-version":[{"id":9702,"href":"https:\/\/www.hossi-im-netz.de\/wordpress\/wp-json\/wp\/v2\/posts\/9700\/revisions\/9702"}],"wp:featuredmedia":[{"embeddable":true,"href":"https:\/\/www.hossi-im-netz.de\/wordpress\/wp-json\/wp\/v2\/media\/9701"}],"wp:attachment":[{"href":"https:\/\/www.hossi-im-netz.de\/wordpress\/wp-json\/wp\/v2\/media?parent=9700"}],"wp:term":[{"taxonomy":"category","embeddable":true,"href":"https:\/\/www.hossi-im-netz.de\/wordpress\/wp-json\/wp\/v2\/categories?post=9700"},{"taxonomy":"post_tag","embeddable":true,"href":"https:\/\/www.hossi-im-netz.de\/wordpress\/wp-json\/wp\/v2\/tags?post=9700"},{"taxonomy":"yst_prominent_words","embeddable":true,"href":"https:\/\/www.hossi-im-netz.de\/wordpress\/wp-json\/wp\/v2\/yst_prominent_words?post=9700"}],"curies":[{"name":"wp","href":"https:\/\/api.w.org\/{rel}","templated":true}]}}