{"id":9706,"date":"2018-07-19T13:41:09","date_gmt":"2018-07-19T11:41:09","guid":{"rendered":"http:\/\/www.hossi-im-netz.de\/wordpress\/?p=9706"},"modified":"2018-07-19T13:41:09","modified_gmt":"2018-07-19T11:41:09","slug":"mehr-kopfschmerz-in-kaltem-klima","status":"publish","type":"post","link":"https:\/\/www.hossi-im-netz.de\/wordpress\/mehr-kopfschmerz-in-kaltem-klima\/","title":{"rendered":"Mehr Kopfschmerz in kaltem Klima?!"},"content":{"rendered":"<div class=\"intro\">\n<h1 class=\"isFirstInSlot\" style=\"text-align: justify;\">Mehr Kopfschmerz in kaltem Klima?!<\/h1>\n<div class=\"docData news\" style=\"text-align: justify;\"><\/div>\n<div class=\"abstract\" style=\"text-align: justify;\">\n<p>In n\u00f6rdlichen Breiten leiden mehr Menschen an Migr\u00e4ne als in s\u00fcdlichen. Forscher haben nun herausgefunden, was unsere Vorfahren und deren Anpassung an ein k\u00e4lteres Klima damit zu tun haben.<\/p>\n<\/div>\n<\/div>\n<div class=\"body-text\">\n<p style=\"text-align: justify;\">Laut der Weltgesundheitsorganisation WHO steht Migr\u00e4ne an sechster Stelle der am schwersten behindernden Erkrankungen. Die Symptome reichen von Lichtempfindlichkeit und Sehst\u00f6rungen \u00fcber \u00dcbelkeit und Erbrechen bis hin zu heftigen, pulsierenden Kopfschmerzen.<\/p>\n<p style=\"text-align: justify;\">Allein in Deutschland haben pro Tag rund eine Million Menschen mit Migr\u00e4ne-Attacken zu k\u00e4mpfen. Global leiden \u00fcber eine Milliarde Menschen an dieser neurologischen Erkrankung, wobei die Zahl der Betroffenen keineswegs gleich \u00fcber den Erdball verteilt ist: In Europa und Nordamerika ist Migr\u00e4ne st\u00e4rker verbreitet als in Afrika oder Asien. Einen Grund daf\u00fcr haben Wissenschaftler des Max-Planck-Instituts f\u00fcr evolution\u00e4re Anthropologie in Leipzig k\u00fcrzlich herausgefunden.<\/p>\n<p style=\"text-align: justify;\">Als unsere fr\u00fchen Vorfahren den warmen afrikanischen Kontinent verlie\u00dfen und in k\u00e4ltere Gefilde umsiedelten, half ihnen ein bestimmtes Gen, sich an die neuen klimatischen Verh\u00e4ltnisse anzupassen. Schlie\u00dflich mussten sie sich beispielsweise von &#8222;mollig warmen&#8220; 28 Grad Celsius durchschnittlicher Jahrestemperatur in Nigeria auf deutlich k\u00e4ltere 6 Grad in Finnland umstellen. Allerdings f\u00fchrte genau dieses &#8222;K\u00e4lte-Anpassung-Gen&#8220; dazu, anf\u00e4lliger f\u00fcr Migr\u00e4ne zu sein.<\/p>\n<p style=\"text-align: justify;\">Bei ihren Untersuchungen nahmen die Forscher das Gen TRPM8 unter die Lupe, das die &#8222;Bauanleitung&#8220; f\u00fcr einen K\u00e4lterezeptor darstellt, der es Menschen erlaubt, mit k\u00fchleren klimatischen Verh\u00e4ltnissen besser umzugehen. Eine Variante dieses Gens wurde in den vergangenen 25.000 Jahren bei Menschen in n\u00f6rdlichen Breiten immer h\u00e4ufiger. Mittlerweile verf\u00fcgen 88% der Menschen finnischer Abstammung \u00fcber diese Gen-Variante, in der Bev\u00f6lkerung Nigerias hingegen nur 5%. Die Wissenschaftler fanden also heraus, dass je h\u00f6her der Breitengrad und je k\u00e4lter das Klima ist, desto mehr Menschen tragen in ihrem Erbgut dieses ver\u00e4nderte &#8222;K\u00e4lte-Anpassung-Gen&#8220;, das eben leider auch die Anf\u00e4lligkeit f\u00fcr Migr\u00e4ne erh\u00f6ht.<\/p>\n<p style=\"text-align: justify;\">Dass es einen gewissen Zusammenhang zwischen K\u00e4lte und Migr\u00e4ne gibt, best\u00e4tigen auch einige Patienten, bei denen das Trinken von kaltem Wasser einen Migr\u00e4neanfall ausl\u00f6st.<\/p>\n<p style=\"text-align: justify;\">Weitere Studien sollen nun durchgef\u00fchrt werden, um noch mehr Erkenntnisse \u00fcber die Entstehung von Migr\u00e4ne zu erlangen. Das ist vor allem f\u00fcr die Entwicklung neuer Medikamente wichtig.<\/p>\n<p style=\"text-align: justify;\">Dipl.-Met. Magdalena Bertelmann<\/p>\n<p style=\"text-align: justify;\">Deutscher Wetterdienst Vorhersage- und Beratungszentrale Offenbach, den 19.07.2018<\/p>\n<p style=\"text-align: justify;\">Copyright (c) Deutscher Wetterdienst<\/p>\n<\/div>\n","protected":false},"excerpt":{"rendered":"<p>Mehr Kopfschmerz in kaltem Klima?! In n\u00f6rdlichen Breiten leiden mehr Menschen an Migr\u00e4ne als in s\u00fcdlichen. Forscher haben nun herausgefunden, was unsere Vorfahren und deren Anpassung an ein k\u00e4lteres Klima damit zu tun haben. Laut der Weltgesundheitsorganisation WHO steht Migr\u00e4ne <span class=\"excerpt-dots\">&hellip;<\/span> <a class=\"more-link\" href=\"https:\/\/www.hossi-im-netz.de\/wordpress\/mehr-kopfschmerz-in-kaltem-klima\/\"><span class=\"more-msg\">Weiterlesen &rarr;<\/span><\/a><\/p>\n","protected":false},"author":1,"featured_media":9707,"comment_status":"open","ping_status":"closed","sticky":false,"template":"","format":"standard","meta":{"_exactmetrics_skip_tracking":false,"_exactmetrics_sitenote_active":false,"_exactmetrics_sitenote_note":"","_exactmetrics_sitenote_category":0,"jetpack_post_was_ever_published":false,"_jetpack_newsletter_access":"","_jetpack_dont_email_post_to_subs":false,"_jetpack_newsletter_tier_id":0,"_jetpack_memberships_contains_paywalled_content":false,"_jetpack_memberships_contains_paid_content":false,"footnotes":"","jetpack_publicize_message":"","jetpack_publicize_feature_enabled":true,"jetpack_social_post_already_shared":true,"jetpack_social_options":{"image_generator_settings":{"template":"highway","default_image_id":0,"font":"","enabled":false},"version":2}},"categories":[37],"tags":[303,10029,10030,600],"yst_prominent_words":[5069,2135,1216,9829,5566,10024,10028,10022,10026,2661,10027,3986,10021,2451,10020,10025,2653,1513,6627],"class_list":["post-9706","post","type-post","status-publish","format-standard","has-post-thumbnail","hentry","category-wetterblog","tag-kaelte","tag-kopfschmerzen","tag-migraene","tag-waerme"],"jetpack_publicize_connections":[],"jetpack_featured_media_url":"https:\/\/www.hossi-im-netz.de\/wordpress\/wp-content\/uploads\/2018\/07\/B0929397-93CE-4961-9FAE-D3ACAD663905.jpeg","jetpack_sharing_enabled":true,"jetpack_shortlink":"https:\/\/wp.me\/p5DnIb-2wy","jetpack-related-posts":[],"jetpack_likes_enabled":true,"_links":{"self":[{"href":"https:\/\/www.hossi-im-netz.de\/wordpress\/wp-json\/wp\/v2\/posts\/9706","targetHints":{"allow":["GET"]}}],"collection":[{"href":"https:\/\/www.hossi-im-netz.de\/wordpress\/wp-json\/wp\/v2\/posts"}],"about":[{"href":"https:\/\/www.hossi-im-netz.de\/wordpress\/wp-json\/wp\/v2\/types\/post"}],"author":[{"embeddable":true,"href":"https:\/\/www.hossi-im-netz.de\/wordpress\/wp-json\/wp\/v2\/users\/1"}],"replies":[{"embeddable":true,"href":"https:\/\/www.hossi-im-netz.de\/wordpress\/wp-json\/wp\/v2\/comments?post=9706"}],"version-history":[{"count":1,"href":"https:\/\/www.hossi-im-netz.de\/wordpress\/wp-json\/wp\/v2\/posts\/9706\/revisions"}],"predecessor-version":[{"id":9708,"href":"https:\/\/www.hossi-im-netz.de\/wordpress\/wp-json\/wp\/v2\/posts\/9706\/revisions\/9708"}],"wp:featuredmedia":[{"embeddable":true,"href":"https:\/\/www.hossi-im-netz.de\/wordpress\/wp-json\/wp\/v2\/media\/9707"}],"wp:attachment":[{"href":"https:\/\/www.hossi-im-netz.de\/wordpress\/wp-json\/wp\/v2\/media?parent=9706"}],"wp:term":[{"taxonomy":"category","embeddable":true,"href":"https:\/\/www.hossi-im-netz.de\/wordpress\/wp-json\/wp\/v2\/categories?post=9706"},{"taxonomy":"post_tag","embeddable":true,"href":"https:\/\/www.hossi-im-netz.de\/wordpress\/wp-json\/wp\/v2\/tags?post=9706"},{"taxonomy":"yst_prominent_words","embeddable":true,"href":"https:\/\/www.hossi-im-netz.de\/wordpress\/wp-json\/wp\/v2\/yst_prominent_words?post=9706"}],"curies":[{"name":"wp","href":"https:\/\/api.w.org\/{rel}","templated":true}]}}