{"id":9754,"date":"2018-07-26T05:34:58","date_gmt":"2018-07-26T03:34:58","guid":{"rendered":"http:\/\/www.hossi-im-netz.de\/wordpress\/?p=9754"},"modified":"2018-07-26T05:34:58","modified_gmt":"2018-07-26T03:34:58","slug":"jahrhundert-mondfinsternis","status":"publish","type":"post","link":"https:\/\/www.hossi-im-netz.de\/wordpress\/jahrhundert-mondfinsternis\/","title":{"rendered":"Jahrhundert-Mondfinsternis"},"content":{"rendered":"<div class=\"intro\">\n<h1 class=\"isFirstInSlot\" style=\"text-align: justify;\">Jahrhundert-Mondfinsternis<\/h1>\n<div class=\"docData news\" style=\"text-align: justify;\"><\/div>\n<div class=\"abstract\" style=\"text-align: justify;\">\n<p>Am Freitagabend und in der Nacht zum Samstag kann in Deutschland eine ganz besondere, totale Mondfinsternis beobachtet werden. Und das Wetter spielt zumindest in den meisten Regionen mit.<\/p>\n<\/div>\n<\/div>\n<div class=\"body-text\">\n<p style=\"text-align: justify;\">Die Hobbyastronomen unter uns sind schon in heller Aufregung: Am Freitagabend (27.07.) und in der Nacht zum Samstag steht eines der ganz gro\u00dfen astronomischen Ereignisse unserer Zeit bevor: Eine totale Mondfinsternis, die mit einer Dauer von 103 Minuten die l\u00e4ngste des 21. Jahrhunderts sein wird. In Deutschland wird die totale Phase der Finsternis vollst\u00e4ndig zu sehen sein, zumindest wenn das Wetter uns keinen Strich durch die Rechnung macht.<\/p>\n<p style=\"text-align: justify;\">Eine Mondfinsternis ist prinzipiell kein seltenes Ereignis, findet n\u00e4mlich alle paar Jahre, teilweise sogar mehrfach w\u00e4hrend eines Jahres irgendwo auf der Erde statt. Im Durchschnitt ereignen sich so immerhin 154 Mondfinsternisse pro Jahrhundert. Bei einer Mondfinsternis durchquert der Mond den Schattenkegel, den die von der Sonne beleuchtete Erde in den Weltraum wirft. Das geschieht genau dann, wenn sich Sonne, Erde und Mond ziemlich genau auf einer gedachten Linie befinden. Der von der Erde ausgehende Schattenkegel umfasst einen Kernschatten, wo die Sonne von der Erde vollst\u00e4ndig, und einen Halbschatten, wo die Sonne zumindest teilweise verdeckt wird. Passend dazu spricht man auch von einer partiellen und totalen Mondfinsternis, bei einer totalen Mondfinsternis von einer partiellen und totalen Phase.<\/p>\n<p style=\"text-align: justify;\">Das Besondere bei der nun anstehenden Finsternis ist die Tatsache, dass sowohl die Entfernung zwischen Erde und Mond als auch die Entfernung zwischen Erde und Sonne besonders gro\u00df sind und der Mond den dadurch hinsichtlich des Querschnittes \u00fcberdurchschnittlich gro\u00dfen Erdschatten mittig durchquert. Als kleines &#8222;Schmankerl&#8220; fungiert der Mars, der ausgerechnet w\u00e4hrend der Finsternis von der Erde aus betrachtet in unmittelbarer Nachbarschaft zum Vollmond erscheint. Somit steht er &#8211; wie der Mond &#8211; zwangsl\u00e4ufig in Opposition zur Sonne, also in relativ zur Erde gegen\u00fcberliegender Position zum Zentralgestirn. Dadurch erreicht er am Himmel seine maximale Strahlkraft. Der sich langsam verfinsternde Mond und der Mars als fotogenes Accessoire daneben stellen somit ein wirklich einmaliges Motiv dar.<\/p>\n<p style=\"text-align: justify;\">Die Termine der Mondfinsternisse sind &#8211; \u00e4hnlich wie beim Wetter die verschiedenen meteorologischen Gr\u00f6\u00dfen &#8211; nie v\u00f6llig exakt bestimmbar. Die Vorhersage einer Finsternis geh\u00f6rt zu einer der schwierigeren Aufgaben in der Astronomie und ist stets mit gewissen Unsicherheiten behaftet. Die Bahnen der Himmelsk\u00f6rper Erde und Mond unterliegen n\u00e4mlich zahlreichen Einfl\u00fcssen, die sich fortw\u00e4hrend ver\u00e4ndern. Insbesondere die gegenseitige Beeinflussung zwischen Erde und Mond macht es so schwer, zuk\u00fcnftige Positionen der K\u00f6rper vorherzusagen.<\/p>\n<p style=\"text-align: justify;\">Nichtsdestotrotz k\u00f6nnen jetzt, so kurz vor dem Ereignis, die Termine der verschiedenen Phasen der Finsternis auf die Minute genau angegeben werden. Der Mond tritt am Freitagabend um 19:13 Uhr mitteleurop\u00e4ischer Sommerzeit in den Halbschatten der Erde, um 20:24 Uhr schlie\u00dflich in den Kernschatten. Die totale Phase der Finsternis startet um 21:30 Uhr, die maximale Verfinsterung ereignet sich um 22:22 Uhr. Da der Mond in Deutschland etwa zwischen 20:45 Uhr (ganz im Osten) und 21:30 (ganz im Westen) \u00fcber dem \u00f6stlichen Horizont aufgeht, ist die partielle Phase nicht vollst\u00e4ndig, die totale Phase aber in vollem Umfang sichtbar.<\/p>\n<p style=\"text-align: justify;\">Soviel zu den astronomischen Rahmenbedingungen. Bleibt noch die Frage nach dem Wetter. Zwar bestehen gewisse Unsicherheiten, aber in vielen Regionen Deutschlands wird man die Mondfinsternis bei \u00fcberwiegend geringer Bew\u00f6lkung und vor allem noch sehr warmen Temperaturen beispielsweise bei einem Glas Wein auf der Terrasse, im Garten oder mit Freunden von einem exponierten Aussichtspunkt aus wohl quasi uneingeschr\u00e4nkt genie\u00dfen k\u00f6nnen. Etwas schlechter k\u00f6nnten die Bedingungen im Osten und S\u00fcdosten sein, wo zeitweise hohe und mittelhohe Wolkenfelder durchziehen. Sogar ein kurzer Schauer scheint im Bereich des M\u00f6glichen. Von teilweise etwas st\u00e4rkerer Bew\u00f6lkung am ehesten gef\u00e4hrdet sind &#8211; nach jetzigem Stand &#8211; die Gebiete vom Alpenrand bis nach Oberfranken sowie von Th\u00fcringen und Sachsen bis nach Mecklenburg-Vorpommern.<\/p>\n<p style=\"text-align: justify;\">Wir &#8211; die Meteorologen der Vorhersagezentrale des Deutschen Wetterdienstes &#8211; hoffen, Sie haben Gl\u00fcck mit dem Wetter und w\u00fcnschen Ihnen ein unvergessliches Erlebnis.<\/p>\n<p style=\"text-align: justify;\">Dipl.-Met. Adrian Leyser<\/p>\n<p style=\"text-align: justify;\">Deutscher Wetterdienst Vorhersage- und Beratungszentrale Offenbach, den 25.07.2018<\/p>\n<p style=\"text-align: justify;\">Copyright (c) Deutscher Wetterdienst<\/p>\n<\/div>\n<p><a href=\"https:\/\/www.hossi-im-netz.de\/wordpress\/wp-content\/uploads\/2018\/07\/E5CF5417-949A-4240-8AC3-A6F8A19FE415.jpeg\"><img loading=\"lazy\" decoding=\"async\" data-attachment-id=\"9755\" data-permalink=\"https:\/\/www.hossi-im-netz.de\/wordpress\/jahrhundert-mondfinsternis\/e5cf5417-949a-4240-8ac3-a6f8a19fe415\/\" data-orig-file=\"https:\/\/www.hossi-im-netz.de\/wordpress\/wp-content\/uploads\/2018\/07\/E5CF5417-949A-4240-8AC3-A6F8A19FE415.jpeg\" data-orig-size=\"1289,728\" data-comments-opened=\"1\" data-image-meta=\"{&quot;aperture&quot;:&quot;0&quot;,&quot;credit&quot;:&quot;&quot;,&quot;camera&quot;:&quot;&quot;,&quot;caption&quot;:&quot;&quot;,&quot;created_timestamp&quot;:&quot;0&quot;,&quot;copyright&quot;:&quot;&quot;,&quot;focal_length&quot;:&quot;0&quot;,&quot;iso&quot;:&quot;0&quot;,&quot;shutter_speed&quot;:&quot;0&quot;,&quot;title&quot;:&quot;&quot;,&quot;orientation&quot;:&quot;0&quot;}\" data-image-title=\"Jahrhundert-Mondfinsternis\" data-image-description=\"\" data-image-caption=\"\" data-medium-file=\"https:\/\/www.hossi-im-netz.de\/wordpress\/wp-content\/uploads\/2018\/07\/E5CF5417-949A-4240-8AC3-A6F8A19FE415-300x169.jpeg\" data-large-file=\"https:\/\/www.hossi-im-netz.de\/wordpress\/wp-content\/uploads\/2018\/07\/E5CF5417-949A-4240-8AC3-A6F8A19FE415-1024x578.jpeg\" class=\"alignnone size-full wp-image-9755\" src=\"https:\/\/www.hossi-im-netz.de\/wordpress\/wp-content\/uploads\/2018\/07\/E5CF5417-949A-4240-8AC3-A6F8A19FE415.jpeg\" alt=\"Jahrhundert-Mondfinsternis\" width=\"1289\" height=\"728\" srcset=\"https:\/\/www.hossi-im-netz.de\/wordpress\/wp-content\/uploads\/2018\/07\/E5CF5417-949A-4240-8AC3-A6F8A19FE415.jpeg 1289w, https:\/\/www.hossi-im-netz.de\/wordpress\/wp-content\/uploads\/2018\/07\/E5CF5417-949A-4240-8AC3-A6F8A19FE415-300x169.jpeg 300w, https:\/\/www.hossi-im-netz.de\/wordpress\/wp-content\/uploads\/2018\/07\/E5CF5417-949A-4240-8AC3-A6F8A19FE415-768x434.jpeg 768w, https:\/\/www.hossi-im-netz.de\/wordpress\/wp-content\/uploads\/2018\/07\/E5CF5417-949A-4240-8AC3-A6F8A19FE415-1024x578.jpeg 1024w\" sizes=\"auto, (max-width: 1289px) 100vw, 1289px\" \/><\/a><\/p>\n","protected":false},"excerpt":{"rendered":"<p>Jahrhundert-Mondfinsternis Am Freitagabend und in der Nacht zum Samstag kann in Deutschland eine ganz besondere, totale Mondfinsternis beobachtet werden. Und das Wetter spielt zumindest in den meisten Regionen mit. Die Hobbyastronomen unter uns sind schon in heller Aufregung: Am Freitagabend <span class=\"excerpt-dots\">&hellip;<\/span> <a class=\"more-link\" href=\"https:\/\/www.hossi-im-netz.de\/wordpress\/jahrhundert-mondfinsternis\/\"><span class=\"more-msg\">Weiterlesen &rarr;<\/span><\/a><\/p>\n","protected":false},"author":1,"featured_media":9755,"comment_status":"open","ping_status":"closed","sticky":false,"template":"","format":"standard","meta":{"_exactmetrics_skip_tracking":false,"_exactmetrics_sitenote_active":false,"_exactmetrics_sitenote_note":"","_exactmetrics_sitenote_category":0,"jetpack_post_was_ever_published":false,"_jetpack_newsletter_access":"","_jetpack_dont_email_post_to_subs":false,"_jetpack_newsletter_tier_id":0,"_jetpack_memberships_contains_paywalled_content":false,"_jetpack_memberships_contains_paid_content":false,"footnotes":"","jetpack_publicize_message":"","jetpack_publicize_feature_enabled":true,"jetpack_social_post_already_shared":true,"jetpack_social_options":{"image_generator_settings":{"template":"highway","default_image_id":0,"font":"","enabled":false},"version":2}},"categories":[37],"tags":[281,10104,280],"yst_prominent_words":[1216,1411,10099,2798,10094,5596,10103,5775,5601,2354,10098,6090,10097,2211,10102,10100,10096,10095,10101,1220],"class_list":["post-9754","post","type-post","status-publish","format-standard","has-post-thumbnail","hentry","category-wetterblog","tag-blutmond","tag-die-jahrhundert-mondfinsternis","tag-mondfinsternis"],"jetpack_publicize_connections":[],"jetpack_featured_media_url":"https:\/\/www.hossi-im-netz.de\/wordpress\/wp-content\/uploads\/2018\/07\/E5CF5417-949A-4240-8AC3-A6F8A19FE415.jpeg","jetpack_sharing_enabled":true,"jetpack_shortlink":"https:\/\/wp.me\/p5DnIb-2xk","jetpack-related-posts":[],"jetpack_likes_enabled":true,"_links":{"self":[{"href":"https:\/\/www.hossi-im-netz.de\/wordpress\/wp-json\/wp\/v2\/posts\/9754","targetHints":{"allow":["GET"]}}],"collection":[{"href":"https:\/\/www.hossi-im-netz.de\/wordpress\/wp-json\/wp\/v2\/posts"}],"about":[{"href":"https:\/\/www.hossi-im-netz.de\/wordpress\/wp-json\/wp\/v2\/types\/post"}],"author":[{"embeddable":true,"href":"https:\/\/www.hossi-im-netz.de\/wordpress\/wp-json\/wp\/v2\/users\/1"}],"replies":[{"embeddable":true,"href":"https:\/\/www.hossi-im-netz.de\/wordpress\/wp-json\/wp\/v2\/comments?post=9754"}],"version-history":[{"count":1,"href":"https:\/\/www.hossi-im-netz.de\/wordpress\/wp-json\/wp\/v2\/posts\/9754\/revisions"}],"predecessor-version":[{"id":9756,"href":"https:\/\/www.hossi-im-netz.de\/wordpress\/wp-json\/wp\/v2\/posts\/9754\/revisions\/9756"}],"wp:featuredmedia":[{"embeddable":true,"href":"https:\/\/www.hossi-im-netz.de\/wordpress\/wp-json\/wp\/v2\/media\/9755"}],"wp:attachment":[{"href":"https:\/\/www.hossi-im-netz.de\/wordpress\/wp-json\/wp\/v2\/media?parent=9754"}],"wp:term":[{"taxonomy":"category","embeddable":true,"href":"https:\/\/www.hossi-im-netz.de\/wordpress\/wp-json\/wp\/v2\/categories?post=9754"},{"taxonomy":"post_tag","embeddable":true,"href":"https:\/\/www.hossi-im-netz.de\/wordpress\/wp-json\/wp\/v2\/tags?post=9754"},{"taxonomy":"yst_prominent_words","embeddable":true,"href":"https:\/\/www.hossi-im-netz.de\/wordpress\/wp-json\/wp\/v2\/yst_prominent_words?post=9754"}],"curies":[{"name":"wp","href":"https:\/\/api.w.org\/{rel}","templated":true}]}}