{"id":9776,"date":"2018-07-27T17:33:22","date_gmt":"2018-07-27T15:33:22","guid":{"rendered":"http:\/\/www.hossi-im-netz.de\/wordpress\/?p=9776"},"modified":"2018-07-27T17:33:22","modified_gmt":"2018-07-27T15:33:22","slug":"ozon-die-schattenseite-des-sommerwetters","status":"publish","type":"post","link":"https:\/\/www.hossi-im-netz.de\/wordpress\/ozon-die-schattenseite-des-sommerwetters\/","title":{"rendered":"Ozon &#8211; die Schattenseite des Sommerwetters"},"content":{"rendered":"<div class=\"intro\">\n<h1 class=\"isFirstInSlot\" style=\"text-align: justify;\">Ozon &#8211; die Schattenseite des Sommerwetters<\/h1>\n<div class=\"docData news\" style=\"text-align: justify;\"><\/div>\n<div class=\"abstract\" style=\"text-align: justify;\">\n<p>Die aktuelle Hitzewelle sorgt nicht nur f\u00fcr eine gro\u00dfe W\u00e4rmebelastung, Trockenheit und Waldbr\u00e4nde. Sondern auch das Ozon k\u00f6nnte zum Problem werden.<\/p>\n<\/div>\n<\/div>\n<div class=\"body-text\">\n<p style=\"text-align: justify;\">Ozon ist in hoher Konzentration ein bl\u00e4uliches Gas mit einem charakteristischen, stark bei\u00dfenden Geruch. Das Ozonmolek\u00fcl ist ein anorganisches Molek\u00fcl, das aus 3 Sauerstoffatomen (O3) besteht. In der Stratosph\u00e4re ist Ozon unabdingbar f\u00fcr das irdische Leben, denn es absorbiert in der Ozonschicht einen Gro\u00dfteil der hochenergetischen und gef\u00e4hrlichen ultraviolette Strahlung. Am Boden ist das Reizgas Ozon jedoch unerw\u00fcnscht da, es gesundheitssch\u00e4dlich ist. Ozon bildet beim Zerfall Sauerstoffradikale, die mit vielen organischen Molek\u00fclen reagieren und somit den K\u00f6rper sch\u00e4digen. Dabei wirkt Ozon vorwiegend auf die Augen und die Atemwege. Bei hohen Konzentrationen sind besonders bei empfindlichen Personen (wie z.B. Asthmatikern) Husten, Atemwegsentz\u00fcndungen, Augenreizungen und Kopfschmerzen die Folge. Desweiteren sch\u00e4digt Ozon Pflanzen und beeintr\u00e4chtigt \u00d6kosysteme. Deshalb z\u00e4hlt Ozon am Boden zu den Luftschadstoffen und wird vom Umweltbundesamt an etwa 300 Stationen kontinuierlich gemessen.<\/p>\n<p style=\"text-align: justify;\">Bei einer Ozonkonzentration von \u00fcber 180 \u00b5g\/m\u00b3 in Deutschland wird die Bev\u00f6lkerung informiert und es werden im Rundfunk Verhaltensempfehlungen gegeben. Dazu geh\u00f6rt Anstrengungen in die Vormittags- oder Abendstunden zu verlegen oder sie sogar ganz zu vermeiden. Warum? Weil bei k\u00f6rperlicher Anstrengung das Atemvolumen und damit auch die Ozonaufnahme steigen.<\/p>\n<p style=\"text-align: justify;\">Ozon wird nicht direkt in die Atmosph\u00e4re emittiert, sondern ist h\u00e4ufig Folge von Sommersmog. Beim Sommersmog gibt es eine hohe Konzentration von Fotooxidantien, das sind luftverschmutzende Stoffe, die durch UV-Strahlung in Radikale aufgespalten werden. Eine weitere Voraussetzung f\u00fcr Sommersmog ist eine l\u00e4ngere sommerliche Sch\u00f6nwetterperiode. Eine besondere Rolle bei der Ozonbildung spielt das Stickstoffdioxid (NO2). Bei diesem Molek\u00fcl wird durch UV-Strahlung ein Sauerstoffradikal (O) abgespalten, das dann mit Sauerstoff (O2) zu Ozon (O3) reagiert. Die Quellen f\u00fcr Stickstoffdioxid sind zur H\u00e4lfte Autoabgase. Die andere H\u00e4lfte stammt aus Industrieabgasen und L\u00f6sungsmitteln, die fl\u00fcchtige Kohlenwasserstoffe enthalten, die unter UV-Strahlung die Bildung von NO2 f\u00f6rdern. Die h\u00f6chsten Ozonkonzentrationen treten zumeist an den Stadtr\u00e4ndern und im Umland von St\u00e4dten in den Mittags- und Nachmittagsstunden auf, da dann die Sonnenstrahlung am intensivsten ist und die Abgase meist aus der Stadt durch den Wind ins n\u00e4here Umland geweht werden.<\/p>\n<p style=\"text-align: justify;\">N\u00e4here Informationen zu Ozon und Messwerten der Ozonkonzentration erhalten sie beim Umweltbundesamt unter https:\/\/www.umweltbundesamt.de<\/p>\n<p style=\"text-align: justify;\">Dipl.-Met. Christian Herold<\/p>\n<p style=\"text-align: justify;\">Deutscher Wetterdienst Vorhersage- und Beratungszentrale Offenbach, den 27.07.2018<\/p>\n<p style=\"text-align: justify;\">Copyright (c) Deutscher Wetterdienst<\/p>\n<\/div>\n","protected":false},"excerpt":{"rendered":"<p>Ozon &#8211; die Schattenseite des Sommerwetters Die aktuelle Hitzewelle sorgt nicht nur f\u00fcr eine gro\u00dfe W\u00e4rmebelastung, Trockenheit und Waldbr\u00e4nde. Sondern auch das Ozon k\u00f6nnte zum Problem werden. Ozon ist in hoher Konzentration ein bl\u00e4uliches Gas mit einem charakteristischen, stark bei\u00dfenden <span class=\"excerpt-dots\">&hellip;<\/span> <a class=\"more-link\" href=\"https:\/\/www.hossi-im-netz.de\/wordpress\/ozon-die-schattenseite-des-sommerwetters\/\"><span class=\"more-msg\">Weiterlesen &rarr;<\/span><\/a><\/p>\n","protected":false},"author":1,"featured_media":9777,"comment_status":"open","ping_status":"closed","sticky":false,"template":"","format":"standard","meta":{"_exactmetrics_skip_tracking":false,"_exactmetrics_sitenote_active":false,"_exactmetrics_sitenote_note":"","_exactmetrics_sitenote_category":0,"jetpack_post_was_ever_published":false,"_jetpack_newsletter_access":"","_jetpack_dont_email_post_to_subs":false,"_jetpack_newsletter_tier_id":0,"_jetpack_memberships_contains_paywalled_content":false,"_jetpack_memberships_contains_paid_content":false,"footnotes":"","jetpack_publicize_message":"","jetpack_publicize_feature_enabled":true,"jetpack_social_post_already_shared":true,"jetpack_social_options":{"image_generator_settings":{"template":"highway","default_image_id":0,"font":"","enabled":false},"version":2}},"categories":[37],"tags":[67,287,9711],"yst_prominent_words":[1939,2135,1216,3900,9654,10118,10119,10124,10122,10120,7012,10116,7015,10123,10121,4080,1513],"class_list":["post-9776","post","type-post","status-publish","format-standard","has-post-thumbnail","hentry","category-wetterblog","tag-ozon","tag-ozonloch","tag-ozonschicht"],"jetpack_publicize_connections":[],"jetpack_featured_media_url":"https:\/\/www.hossi-im-netz.de\/wordpress\/wp-content\/uploads\/2018\/07\/F138EA33-E703-49FE-8835-EFDCA39AD779.jpeg","jetpack_sharing_enabled":true,"jetpack_shortlink":"https:\/\/wp.me\/p5DnIb-2xG","jetpack-related-posts":[],"jetpack_likes_enabled":true,"_links":{"self":[{"href":"https:\/\/www.hossi-im-netz.de\/wordpress\/wp-json\/wp\/v2\/posts\/9776","targetHints":{"allow":["GET"]}}],"collection":[{"href":"https:\/\/www.hossi-im-netz.de\/wordpress\/wp-json\/wp\/v2\/posts"}],"about":[{"href":"https:\/\/www.hossi-im-netz.de\/wordpress\/wp-json\/wp\/v2\/types\/post"}],"author":[{"embeddable":true,"href":"https:\/\/www.hossi-im-netz.de\/wordpress\/wp-json\/wp\/v2\/users\/1"}],"replies":[{"embeddable":true,"href":"https:\/\/www.hossi-im-netz.de\/wordpress\/wp-json\/wp\/v2\/comments?post=9776"}],"version-history":[{"count":1,"href":"https:\/\/www.hossi-im-netz.de\/wordpress\/wp-json\/wp\/v2\/posts\/9776\/revisions"}],"predecessor-version":[{"id":9778,"href":"https:\/\/www.hossi-im-netz.de\/wordpress\/wp-json\/wp\/v2\/posts\/9776\/revisions\/9778"}],"wp:featuredmedia":[{"embeddable":true,"href":"https:\/\/www.hossi-im-netz.de\/wordpress\/wp-json\/wp\/v2\/media\/9777"}],"wp:attachment":[{"href":"https:\/\/www.hossi-im-netz.de\/wordpress\/wp-json\/wp\/v2\/media?parent=9776"}],"wp:term":[{"taxonomy":"category","embeddable":true,"href":"https:\/\/www.hossi-im-netz.de\/wordpress\/wp-json\/wp\/v2\/categories?post=9776"},{"taxonomy":"post_tag","embeddable":true,"href":"https:\/\/www.hossi-im-netz.de\/wordpress\/wp-json\/wp\/v2\/tags?post=9776"},{"taxonomy":"yst_prominent_words","embeddable":true,"href":"https:\/\/www.hossi-im-netz.de\/wordpress\/wp-json\/wp\/v2\/yst_prominent_words?post=9776"}],"curies":[{"name":"wp","href":"https:\/\/api.w.org\/{rel}","templated":true}]}}