{"id":9926,"date":"2018-08-20T21:00:10","date_gmt":"2018-08-20T19:00:10","guid":{"rendered":"http:\/\/www.hossi-im-netz.de\/wordpress\/?p=9926"},"modified":"2018-08-20T21:00:10","modified_gmt":"2018-08-20T19:00:10","slug":"trockenheit-keine-entspannung","status":"publish","type":"post","link":"https:\/\/www.hossi-im-netz.de\/wordpress\/trockenheit-keine-entspannung\/","title":{"rendered":"Trockenheit &#8211; keine Entspannung"},"content":{"rendered":"<div class=\"intro\">\n<h1 class=\"isFirstInSlot\" style=\"text-align: justify;\">Trockenheit &#8211; keine Entspannung<\/h1>\n<div class=\"docData news\" style=\"text-align: justify;\"><\/div>\n<div class=\"abstract\" style=\"text-align: justify;\">\n<p>Auch wenn mit Ende der gro\u00dfen Hitze die Trockenheit medial ins Hintertreffen geriet, so ist diese vielerorts immer noch pr\u00e4sent. Die Pegelst\u00e4nde vieler Fl\u00fcsse sind sehr niedrig und sinken weiter, Landregen ist weiterhin nicht in Sicht.<\/p>\n<\/div>\n<\/div>\n<div class=\"body-text\" style=\"text-align: justify;\">\n<p>Rund 10 Tage liegt das Ende der lang anhaltenden und intensiven Hitzewelle mittlerweile zur\u00fcck. W\u00e4hrend sich das Temperaturniveau seitdem den Normalwerten angen\u00e4hert hat, hat sich an der Trockenheit in weiten Teilen des Landes jedoch nichts Grundlegendes ge\u00e4ndert. Schauer und Gewitter konnten nur kleinr\u00e4umig f\u00fcr eine Linderung der D\u00fcrre sorgen, gro\u00dffl\u00e4chiger und lang anhaltender Regen blieb bis auf den S\u00fcden und S\u00fcdostens Bayerns aus. H\u00e4ufig summieren sich die Niederschl\u00e4ge in den vergangenen 30 Tagen nur auf rund 30 l\/m\u00b2, lokal durch Gewitter und am Alpenrand teils auf 100 l\/m\u00b2. In durchschnittlichen Jahren f\u00e4llt in diesem Zeitraum etwa das Doppelte an Niederschlag.<\/p>\n<p>Doch nicht nur in den vergangenen Wochen, schon seit April, regional sogar bereits seit Februar, ist die Witterung in gro\u00dfen Teilen Deutschlands anhaltend trocken. Im Norden und Osten Deutschlands sind h\u00e4ufig noch nicht einmal 300 l\/m\u00b2, \u00f6stlich des Harzes gebietsweise sogar weniger als 200 l\/m\u00b2 gefallen. Verbreitet m\u00fcssten noch 300 bis 400 l\/m\u00b2 fallen um das Niederschlagsdefizit bis zum Jahresende auszugleichen. Im S\u00fcden und im Bergland ist zwar bislang mehr Niederschlag in den Messt\u00f6pfen registriert worden, dort sind aber auch die mittleren Jahresmengen h\u00f6her.<\/p>\n<p>Das Niederschlagsdefizit macht sich in den Fl\u00fcssen, Talsperren und Seen durch immer niedrigere Pegelst\u00e4nde bemerkbar. Am Bodensee beispielsweise liegen die Pegelst\u00e4nde um 60 (Obersee) bis 85 cm (Untersee) unter den langj\u00e4hrigen Mittelwerten f\u00fcr den aktuellen Zeitpunkt. Der Unterschied zwischen Ober- und Untersee kommt durch die aufstauende Wirkung von Wasserpflanzen zustande, die einen Ausgleich des Wasserspiegels behindern. Noch niedriger war der Pegel seit 1981 nur im August der Jahre 2003 und 2006. Der Hochrhein wird also derzeit mit wenig Wasser aus dem Bodensee gespeist. Da auch in der Schweiz die vergangenen Monate recht trocken waren, liefert die Aare weniger Wasser als \u00fcblich in den Rhein. So liegen die Pegelst\u00e4nde entlang des gesamten Rheins auf einem sehr niedrigen Niveau. Auf http:\/\/hochwasserzentralen.de\/ finden Sie die Links f\u00fcr die Hochwasserzentralen der verschiedenen Bundesl\u00e4nder mit hydrologischen Berichten und aktuellen Pegelst\u00e4nden.<\/p>\n<p>Kaum anders sieht es in den Talsperren Deutschlands aus, wobei es hier regional noch gr\u00f6\u00dfere Unterschiede des F\u00fcllstandes gibt. Der Wasserstand im Edersee in Hessen beispielsweise, des volumenm\u00e4\u00dfig drittgr\u00f6\u00dften Stausees Deutschlands, ist mittlerweile so weit abgesunken, dass am 21.08.2018 voraussichtlich die St\u00fctzung der Oberweser f\u00fcr die Schifffahrt eingestellt werden muss (http:\/\/www.edersee.de\/wasserstand\/default.aspx). Durch den niedrigen Wasserstand werden im Edersee versunkene Bauwerke freigelegt.<\/p>\n<p>In den kommenden 7 bis 10 Tagen zeigen die verschiedenen Wettermodelle kein durchgreifendes Ende der Trockenheit. Am Alpenrand und an den K\u00fcsten von Nord- und Ostsee k\u00f6nnte es zwar zu nennenswerten Niederschl\u00e4gen kommen, in weiten Teilen des Landes bleibt der mittlerweile von vielen herbeigesehnte Landregen aber nur eine Erinnerung an vergangene Zeiten.<\/p>\n<p>MSc.-Met. Thore Hansen<\/p>\n<p>Deutscher Wetterdienst Vorhersage- und Beratungszentrale Offenbach, den 19.08.2018<\/p>\n<p>Copyright (c) Deutscher Wetterdienst<\/p>\n<\/div>\n<p><a href=\"https:\/\/www.hossi-im-netz.de\/wordpress\/wp-content\/uploads\/2018\/08\/76C31463-0973-4474-B859-80FDA7BFAC77.png\"><img loading=\"lazy\" decoding=\"async\" data-attachment-id=\"9927\" data-permalink=\"https:\/\/www.hossi-im-netz.de\/wordpress\/trockenheit-keine-entspannung\/76c31463-0973-4474-b859-80fda7bfac77\/\" data-orig-file=\"https:\/\/www.hossi-im-netz.de\/wordpress\/wp-content\/uploads\/2018\/08\/76C31463-0973-4474-B859-80FDA7BFAC77.png\" data-orig-size=\"1719,1301\" data-comments-opened=\"1\" data-image-meta=\"{&quot;aperture&quot;:&quot;0&quot;,&quot;credit&quot;:&quot;&quot;,&quot;camera&quot;:&quot;&quot;,&quot;caption&quot;:&quot;&quot;,&quot;created_timestamp&quot;:&quot;0&quot;,&quot;copyright&quot;:&quot;&quot;,&quot;focal_length&quot;:&quot;0&quot;,&quot;iso&quot;:&quot;0&quot;,&quot;shutter_speed&quot;:&quot;0&quot;,&quot;title&quot;:&quot;&quot;,&quot;orientation&quot;:&quot;0&quot;}\" data-image-title=\"Trockenheit &amp;#8211; keine Entspannung\" data-image-description=\"\" data-image-caption=\"\" data-medium-file=\"https:\/\/www.hossi-im-netz.de\/wordpress\/wp-content\/uploads\/2018\/08\/76C31463-0973-4474-B859-80FDA7BFAC77-300x227.png\" data-large-file=\"https:\/\/www.hossi-im-netz.de\/wordpress\/wp-content\/uploads\/2018\/08\/76C31463-0973-4474-B859-80FDA7BFAC77-1024x775.png\" class=\"alignnone size-full wp-image-9927\" src=\"https:\/\/www.hossi-im-netz.de\/wordpress\/wp-content\/uploads\/2018\/08\/76C31463-0973-4474-B859-80FDA7BFAC77.png\" alt=\"Trockenheit - keine Entspannung\" width=\"1719\" height=\"1301\" srcset=\"https:\/\/www.hossi-im-netz.de\/wordpress\/wp-content\/uploads\/2018\/08\/76C31463-0973-4474-B859-80FDA7BFAC77.png 1719w, https:\/\/www.hossi-im-netz.de\/wordpress\/wp-content\/uploads\/2018\/08\/76C31463-0973-4474-B859-80FDA7BFAC77-300x227.png 300w, https:\/\/www.hossi-im-netz.de\/wordpress\/wp-content\/uploads\/2018\/08\/76C31463-0973-4474-B859-80FDA7BFAC77-768x581.png 768w, https:\/\/www.hossi-im-netz.de\/wordpress\/wp-content\/uploads\/2018\/08\/76C31463-0973-4474-B859-80FDA7BFAC77-1024x775.png 1024w\" sizes=\"auto, (max-width: 1719px) 100vw, 1719px\" \/><\/a><\/p>\n<div class=\"image\" style=\"text-align: justify;\"><\/div>\n","protected":false},"excerpt":{"rendered":"<p>Trockenheit &#8211; keine Entspannung Auch wenn mit Ende der gro\u00dfen Hitze die Trockenheit medial ins Hintertreffen geriet, so ist diese vielerorts immer noch pr\u00e4sent. Die Pegelst\u00e4nde vieler Fl\u00fcsse sind sehr niedrig und sinken weiter, Landregen ist weiterhin nicht in Sicht. <span class=\"excerpt-dots\">&hellip;<\/span> <a class=\"more-link\" href=\"https:\/\/www.hossi-im-netz.de\/wordpress\/trockenheit-keine-entspannung\/\"><span class=\"more-msg\">Weiterlesen &rarr;<\/span><\/a><\/p>\n","protected":false},"author":1,"featured_media":9927,"comment_status":"open","ping_status":"closed","sticky":false,"template":"","format":"standard","meta":{"_exactmetrics_skip_tracking":false,"_exactmetrics_sitenote_active":false,"_exactmetrics_sitenote_note":"","_exactmetrics_sitenote_category":0,"jetpack_post_was_ever_published":false,"_jetpack_newsletter_access":"","_jetpack_dont_email_post_to_subs":false,"_jetpack_newsletter_tier_id":0,"_jetpack_memberships_contains_paywalled_content":false,"_jetpack_memberships_contains_paid_content":false,"footnotes":"","jetpack_publicize_message":"","jetpack_publicize_feature_enabled":true,"jetpack_social_post_already_shared":true,"jetpack_social_options":{"image_generator_settings":{"template":"highway","default_image_id":0,"font":"","enabled":false},"version":2}},"categories":[37],"tags":[235,75,82],"yst_prominent_words":[5466,5570,6052,5582,1216,2256,2447,3267,7000,3586,10268,10266,8916,3352,10267,4315,6256,2453,2283,1606],"class_list":["post-9926","post","type-post","status-publish","format-standard","has-post-thumbnail","hentry","category-wetterblog","tag-duerre","tag-hitze","tag-trockenheit"],"jetpack_publicize_connections":[],"jetpack_featured_media_url":"https:\/\/www.hossi-im-netz.de\/wordpress\/wp-content\/uploads\/2018\/08\/76C31463-0973-4474-B859-80FDA7BFAC77.png","jetpack_sharing_enabled":true,"jetpack_shortlink":"https:\/\/wp.me\/p5DnIb-2A6","jetpack-related-posts":[],"jetpack_likes_enabled":true,"_links":{"self":[{"href":"https:\/\/www.hossi-im-netz.de\/wordpress\/wp-json\/wp\/v2\/posts\/9926","targetHints":{"allow":["GET"]}}],"collection":[{"href":"https:\/\/www.hossi-im-netz.de\/wordpress\/wp-json\/wp\/v2\/posts"}],"about":[{"href":"https:\/\/www.hossi-im-netz.de\/wordpress\/wp-json\/wp\/v2\/types\/post"}],"author":[{"embeddable":true,"href":"https:\/\/www.hossi-im-netz.de\/wordpress\/wp-json\/wp\/v2\/users\/1"}],"replies":[{"embeddable":true,"href":"https:\/\/www.hossi-im-netz.de\/wordpress\/wp-json\/wp\/v2\/comments?post=9926"}],"version-history":[{"count":1,"href":"https:\/\/www.hossi-im-netz.de\/wordpress\/wp-json\/wp\/v2\/posts\/9926\/revisions"}],"predecessor-version":[{"id":9928,"href":"https:\/\/www.hossi-im-netz.de\/wordpress\/wp-json\/wp\/v2\/posts\/9926\/revisions\/9928"}],"wp:featuredmedia":[{"embeddable":true,"href":"https:\/\/www.hossi-im-netz.de\/wordpress\/wp-json\/wp\/v2\/media\/9927"}],"wp:attachment":[{"href":"https:\/\/www.hossi-im-netz.de\/wordpress\/wp-json\/wp\/v2\/media?parent=9926"}],"wp:term":[{"taxonomy":"category","embeddable":true,"href":"https:\/\/www.hossi-im-netz.de\/wordpress\/wp-json\/wp\/v2\/categories?post=9926"},{"taxonomy":"post_tag","embeddable":true,"href":"https:\/\/www.hossi-im-netz.de\/wordpress\/wp-json\/wp\/v2\/tags?post=9926"},{"taxonomy":"yst_prominent_words","embeddable":true,"href":"https:\/\/www.hossi-im-netz.de\/wordpress\/wp-json\/wp\/v2\/yst_prominent_words?post=9926"}],"curies":[{"name":"wp","href":"https:\/\/api.w.org\/{rel}","templated":true}]}}